{"id":4143,"date":"2025-05-29T19:35:34","date_gmt":"2025-05-29T17:35:34","guid":{"rendered":"https:\/\/agora.xtec.cat\/escolajeronidemoragas\/?p=4143"},"modified":"2025-05-29T19:36:33","modified_gmt":"2025-05-29T17:36:33","slug":"%f0%9f%8e%b2-els-alumnes-de-tva-%f0%9f%a7%a9","status":"publish","type":"post","link":"https:\/\/agora.xtec.cat\/escolajeronidemoragas\/general\/%f0%9f%8e%b2-els-alumnes-de-tva-%f0%9f%a7%a9\/","title":{"rendered":"\ud83c\udfb2 MOU FITXA, ELS JOCS ARRIBEN A TVA \ud83e\udde9"},"content":{"rendered":"<p data-start=\"172\" data-end=\"514\">Aquesta setmana, els alumnes de TVA han tingut l&#8217;oportunitat de viure una <strong data-start=\"246\" data-end=\"290\">matinal plena de diversi\u00f3 i descobriment<\/strong> gr\u00e0cies a una activitat conjunta amb el <strong data-start=\"331\" data-end=\"367\">CAE (Centre d\u2019Animaci\u00f3 i Esplai)<\/strong>. Durant tota la sessi\u00f3, els han presentat una gran varietat de <strong data-start=\"431\" data-end=\"448\">jocs de taula<\/strong> que els han fet pensar, cooperar i, sobretot, <strong data-start=\"495\" data-end=\"513\">gaudir plegats\ud83d\ude04<\/strong>.<\/p>\n<p data-start=\"516\" data-end=\"790\">Han pogut provar <strong data-start=\"533\" data-end=\"575\">jocs d\u2019enginy\ud83e\udde0, d\u2019estrat\u00e8gia \u265f\ufe0f, de l\u00f2gica \ud83d\udd0d, jocs tradicionals \ud83e\ude81 i tamb\u00e9 jocs cooperatius \ud83e\udd1d<\/strong>que els han ajudat a treballar en equip. S&#8217;ho han passat molt b\u00e9 i han descobert que jugar tamb\u00e9 pot ser una manera molt enriquidora d\u2019aprendre i de compartir\ud83c\udf89.<\/p>\n<p data-start=\"792\" data-end=\"1190\">Els <strong data-start=\"796\" data-end=\"813\">jocs de taula<\/strong> no nom\u00e9s s\u00f3n una font d&#8217;entreteniment, sin\u00f3 que tamb\u00e9 tenen molts beneficis per al desenvolupament cognitiu, emocional i social. Si voleu saber-ne m\u00e9s, us compartim aquest enlla\u00e7 amb <strong data-start=\"997\" data-end=\"1060\">informaci\u00f3 sobre els beneficis educatius dels jocs de taula<\/strong>:<br data-start=\"1061\" data-end=\"1064\" \/>\ud83d\udd17 <a class=\"cursor-pointer\" target=\"_new\" rel=\"noopener\" data-start=\"1067\" data-end=\"1190\">Els beneficis dels jocs de taula en l\u2019aprenentatge<\/a><\/p>\n<p data-start=\"1192\" data-end=\"1309\">\ud83d\ude4c Gr\u00e0cies al CAE per fer-los viure aquesta experi\u00e8ncia tan divertida i enriquidora. Esperen poder repetir-ho ben aviat!<\/p>\n\n\t\t<style type=\"text\/css\">\n\t\t\t#gallery-1 {\n\t\t\t\tmargin: auto;\n\t\t\t}\n\t\t\t#gallery-1 .gallery-item {\n\t\t\t\tfloat: left;\n\t\t\t\tmargin-top: 10px;\n\t\t\t\ttext-align: center;\n\t\t\t\twidth: 33%;\n\t\t\t}\n\t\t\t#gallery-1 img {\n\t\t\t\tborder: 2px solid #cfcfcf;\n\t\t\t}\n\t\t\t#gallery-1 .gallery-caption {\n\t\t\t\tmargin-left: 0;\n\t\t\t}\n\t\t\t\/* see gallery_shortcode() in wp-includes\/media.php *\/\n\t\t<\/style>\n\t\t<div id='gallery-1' class='gallery galleryid-4143 gallery-columns-3 gallery-size-large'><dl class='gallery-item'>\n\t\t\t<dt class='gallery-icon portrait'>\n\t\t\t\t<a href='https:\/\/agora.xtec.cat\/escolajeronidemoragas\/general\/%f0%9f%8e%b2-els-alumnes-de-tva-%f0%9f%a7%a9\/attachment\/whatsapp-image-2025-05-29-at-06-43-36\/'><img loading=\"lazy\" decoding=\"async\" width=\"768\" height=\"1024\" src=\"https:\/\/agora.xtec.cat\/escolajeronidemoragas\/wp-content\/uploads\/usu2509\/2025\/05\/WhatsApp-Image-2025-05-29-at-06.43.36-768x1024.jpeg\" class=\"attachment-large size-large\" alt=\"\" srcset=\"https:\/\/agora.xtec.cat\/escolajeronidemoragas\/wp-content\/uploads\/usu2509\/2025\/05\/WhatsApp-Image-2025-05-29-at-06.43.36-768x1024.jpeg 768w, https:\/\/agora.xtec.cat\/escolajeronidemoragas\/wp-content\/uploads\/usu2509\/2025\/05\/WhatsApp-Image-2025-05-29-at-06.43.36-225x300.jpeg 225w, https:\/\/agora.xtec.cat\/escolajeronidemoragas\/wp-content\/uploads\/usu2509\/2025\/05\/WhatsApp-Image-2025-05-29-at-06.43.36-1152x1536.jpeg 1152w, https:\/\/agora.xtec.cat\/escolajeronidemoragas\/wp-content\/uploads\/usu2509\/2025\/05\/WhatsApp-Image-2025-05-29-at-06.43.36.jpeg 1200w\" sizes=\"auto, (max-width: 768px) 100vw, 768px\" \/><\/a>\n\t\t\t<\/dt><\/dl><dl class='gallery-item'>\n\t\t\t<dt class='gallery-icon portrait'>\n\t\t\t\t<a href='https:\/\/agora.xtec.cat\/escolajeronidemoragas\/general\/%f0%9f%8e%b2-els-alumnes-de-tva-%f0%9f%a7%a9\/attachment\/whatsapp-image-2025-05-28-at-21-40-40-2\/'><img loading=\"lazy\" decoding=\"async\" width=\"766\" height=\"1024\" src=\"https:\/\/agora.xtec.cat\/escolajeronidemoragas\/wp-content\/uploads\/usu2509\/2025\/05\/WhatsApp-Image-2025-05-28-at-21.40.40-2-766x1024.jpeg\" class=\"attachment-large size-large\" alt=\"\" srcset=\"https:\/\/agora.xtec.cat\/escolajeronidemoragas\/wp-content\/uploads\/usu2509\/2025\/05\/WhatsApp-Image-2025-05-28-at-21.40.40-2-766x1024.jpeg 766w, https:\/\/agora.xtec.cat\/escolajeronidemoragas\/wp-content\/uploads\/usu2509\/2025\/05\/WhatsApp-Image-2025-05-28-at-21.40.40-2-224x300.jpeg 224w, https:\/\/agora.xtec.cat\/escolajeronidemoragas\/wp-content\/uploads\/usu2509\/2025\/05\/WhatsApp-Image-2025-05-28-at-21.40.40-2-768x1027.jpeg 768w, https:\/\/agora.xtec.cat\/escolajeronidemoragas\/wp-content\/uploads\/usu2509\/2025\/05\/WhatsApp-Image-2025-05-28-at-21.40.40-2-1149x1536.jpeg 1149w, https:\/\/agora.xtec.cat\/escolajeronidemoragas\/wp-content\/uploads\/usu2509\/2025\/05\/WhatsApp-Image-2025-05-28-at-21.40.40-2.jpeg 1197w\" sizes=\"auto, (max-width: 766px) 100vw, 766px\" \/><\/a>\n\t\t\t<\/dt><\/dl><dl class='gallery-item'>\n\t\t\t<dt class='gallery-icon portrait'>\n\t\t\t\t<a href='https:\/\/agora.xtec.cat\/escolajeronidemoragas\/general\/%f0%9f%8e%b2-els-alumnes-de-tva-%f0%9f%a7%a9\/attachment\/whatsapp-image-2025-05-28-at-21-40-40-3\/'><img loading=\"lazy\" decoding=\"async\" width=\"766\" height=\"1024\" src=\"https:\/\/agora.xtec.cat\/escolajeronidemoragas\/wp-content\/uploads\/usu2509\/2025\/05\/WhatsApp-Image-2025-05-28-at-21.40.40-3-766x1024.jpeg\" class=\"attachment-large size-large\" alt=\"\" srcset=\"https:\/\/agora.xtec.cat\/escolajeronidemoragas\/wp-content\/uploads\/usu2509\/2025\/05\/WhatsApp-Image-2025-05-28-at-21.40.40-3-766x1024.jpeg 766w, https:\/\/agora.xtec.cat\/escolajeronidemoragas\/wp-content\/uploads\/usu2509\/2025\/05\/WhatsApp-Image-2025-05-28-at-21.40.40-3-224x300.jpeg 224w, https:\/\/agora.xtec.cat\/escolajeronidemoragas\/wp-content\/uploads\/usu2509\/2025\/05\/WhatsApp-Image-2025-05-28-at-21.40.40-3-768x1027.jpeg 768w, https:\/\/agora.xtec.cat\/escolajeronidemoragas\/wp-content\/uploads\/usu2509\/2025\/05\/WhatsApp-Image-2025-05-28-at-21.40.40-3-1149x1536.jpeg 1149w, https:\/\/agora.xtec.cat\/escolajeronidemoragas\/wp-content\/uploads\/usu2509\/2025\/05\/WhatsApp-Image-2025-05-28-at-21.40.40-3.jpeg 1197w\" sizes=\"auto, (max-width: 766px) 100vw, 766px\" \/><\/a>\n\t\t\t<\/dt><\/dl><br style=\"clear: both\" \/><dl class='gallery-item'>\n\t\t\t<dt class='gallery-icon portrait'>\n\t\t\t\t<a href='https:\/\/agora.xtec.cat\/escolajeronidemoragas\/general\/%f0%9f%8e%b2-els-alumnes-de-tva-%f0%9f%a7%a9\/attachment\/whatsapp-image-2025-05-29-at-06-45-31\/'><img loading=\"lazy\" decoding=\"async\" width=\"768\" height=\"1024\" src=\"https:\/\/agora.xtec.cat\/escolajeronidemoragas\/wp-content\/uploads\/usu2509\/2025\/05\/WhatsApp-Image-2025-05-29-at-06.45.31-768x1024.jpeg\" class=\"attachment-large size-large\" alt=\"\" srcset=\"https:\/\/agora.xtec.cat\/escolajeronidemoragas\/wp-content\/uploads\/usu2509\/2025\/05\/WhatsApp-Image-2025-05-29-at-06.45.31-768x1024.jpeg 768w, https:\/\/agora.xtec.cat\/escolajeronidemoragas\/wp-content\/uploads\/usu2509\/2025\/05\/WhatsApp-Image-2025-05-29-at-06.45.31-225x300.jpeg 225w, https:\/\/agora.xtec.cat\/escolajeronidemoragas\/wp-content\/uploads\/usu2509\/2025\/05\/WhatsApp-Image-2025-05-29-at-06.45.31-1152x1536.jpeg 1152w, https:\/\/agora.xtec.cat\/escolajeronidemoragas\/wp-content\/uploads\/usu2509\/2025\/05\/WhatsApp-Image-2025-05-29-at-06.45.31.jpeg 1536w\" sizes=\"auto, (max-width: 768px) 100vw, 768px\" \/><\/a>\n\t\t\t<\/dt><\/dl><dl class='gallery-item'>\n\t\t\t<dt class='gallery-icon portrait'>\n\t\t\t\t<a href='https:\/\/agora.xtec.cat\/escolajeronidemoragas\/general\/%f0%9f%8e%b2-els-alumnes-de-tva-%f0%9f%a7%a9\/attachment\/whatsapp-image-2025-05-28-at-21-40-39\/'><img loading=\"lazy\" decoding=\"async\" width=\"766\" height=\"1024\" src=\"https:\/\/agora.xtec.cat\/escolajeronidemoragas\/wp-content\/uploads\/usu2509\/2025\/05\/WhatsApp-Image-2025-05-28-at-21.40.39-766x1024.jpeg\" class=\"attachment-large size-large\" alt=\"\" srcset=\"https:\/\/agora.xtec.cat\/escolajeronidemoragas\/wp-content\/uploads\/usu2509\/2025\/05\/WhatsApp-Image-2025-05-28-at-21.40.39-766x1024.jpeg 766w, https:\/\/agora.xtec.cat\/escolajeronidemoragas\/wp-content\/uploads\/usu2509\/2025\/05\/WhatsApp-Image-2025-05-28-at-21.40.39-224x300.jpeg 224w, https:\/\/agora.xtec.cat\/escolajeronidemoragas\/wp-content\/uploads\/usu2509\/2025\/05\/WhatsApp-Image-2025-05-28-at-21.40.39-768x1027.jpeg 768w, https:\/\/agora.xtec.cat\/escolajeronidemoragas\/wp-content\/uploads\/usu2509\/2025\/05\/WhatsApp-Image-2025-05-28-at-21.40.39-1149x1536.jpeg 1149w, https:\/\/agora.xtec.cat\/escolajeronidemoragas\/wp-content\/uploads\/usu2509\/2025\/05\/WhatsApp-Image-2025-05-28-at-21.40.39.jpeg 1197w\" sizes=\"auto, (max-width: 766px) 100vw, 766px\" \/><\/a>\n\t\t\t<\/dt><\/dl><dl class='gallery-item'>\n\t\t\t<dt class='gallery-icon portrait'>\n\t\t\t\t<a href='https:\/\/agora.xtec.cat\/escolajeronidemoragas\/general\/%f0%9f%8e%b2-els-alumnes-de-tva-%f0%9f%a7%a9\/attachment\/whatsapp-image-2025-05-28-at-21-40-40-1\/'><img loading=\"lazy\" decoding=\"async\" width=\"766\" height=\"1024\" src=\"https:\/\/agora.xtec.cat\/escolajeronidemoragas\/wp-content\/uploads\/usu2509\/2025\/05\/WhatsApp-Image-2025-05-28-at-21.40.40-1-766x1024.jpeg\" class=\"attachment-large size-large\" alt=\"\" srcset=\"https:\/\/agora.xtec.cat\/escolajeronidemoragas\/wp-content\/uploads\/usu2509\/2025\/05\/WhatsApp-Image-2025-05-28-at-21.40.40-1-766x1024.jpeg 766w, https:\/\/agora.xtec.cat\/escolajeronidemoragas\/wp-content\/uploads\/usu2509\/2025\/05\/WhatsApp-Image-2025-05-28-at-21.40.40-1-224x300.jpeg 224w, https:\/\/agora.xtec.cat\/escolajeronidemoragas\/wp-content\/uploads\/usu2509\/2025\/05\/WhatsApp-Image-2025-05-28-at-21.40.40-1-768x1027.jpeg 768w, https:\/\/agora.xtec.cat\/escolajeronidemoragas\/wp-content\/uploads\/usu2509\/2025\/05\/WhatsApp-Image-2025-05-28-at-21.40.40-1-1149x1536.jpeg 1149w, https:\/\/agora.xtec.cat\/escolajeronidemoragas\/wp-content\/uploads\/usu2509\/2025\/05\/WhatsApp-Image-2025-05-28-at-21.40.40-1.jpeg 1197w\" sizes=\"auto, (max-width: 766px) 100vw, 766px\" \/><\/a>\n\t\t\t<\/dt><\/dl><br style=\"clear: both\" \/><dl class='gallery-item'>\n\t\t\t<dt class='gallery-icon portrait'>\n\t\t\t\t<a href='https:\/\/agora.xtec.cat\/escolajeronidemoragas\/general\/%f0%9f%8e%b2-els-alumnes-de-tva-%f0%9f%a7%a9\/attachment\/whatsapp-image-2025-05-28-at-21-40-40\/'><img loading=\"lazy\" decoding=\"async\" width=\"766\" height=\"1024\" src=\"https:\/\/agora.xtec.cat\/escolajeronidemoragas\/wp-content\/uploads\/usu2509\/2025\/05\/WhatsApp-Image-2025-05-28-at-21.40.40-766x1024.jpeg\" class=\"attachment-large size-large\" alt=\"\" srcset=\"https:\/\/agora.xtec.cat\/escolajeronidemoragas\/wp-content\/uploads\/usu2509\/2025\/05\/WhatsApp-Image-2025-05-28-at-21.40.40-766x1024.jpeg 766w, https:\/\/agora.xtec.cat\/escolajeronidemoragas\/wp-content\/uploads\/usu2509\/2025\/05\/WhatsApp-Image-2025-05-28-at-21.40.40-224x300.jpeg 224w, https:\/\/agora.xtec.cat\/escolajeronidemoragas\/wp-content\/uploads\/usu2509\/2025\/05\/WhatsApp-Image-2025-05-28-at-21.40.40-768x1027.jpeg 768w, https:\/\/agora.xtec.cat\/escolajeronidemoragas\/wp-content\/uploads\/usu2509\/2025\/05\/WhatsApp-Image-2025-05-28-at-21.40.40-1149x1536.jpeg 1149w, https:\/\/agora.xtec.cat\/escolajeronidemoragas\/wp-content\/uploads\/usu2509\/2025\/05\/WhatsApp-Image-2025-05-28-at-21.40.40.jpeg 1197w\" sizes=\"auto, (max-width: 766px) 100vw, 766px\" \/><\/a>\n\t\t\t<\/dt><\/dl><dl class='gallery-item'>\n\t\t\t<dt class='gallery-icon portrait'>\n\t\t\t\t<a href='https:\/\/agora.xtec.cat\/escolajeronidemoragas\/general\/%f0%9f%8e%b2-els-alumnes-de-tva-%f0%9f%a7%a9\/attachment\/whatsapp-image-2025-05-29-at-06-43-35\/'><img loading=\"lazy\" decoding=\"async\" width=\"768\" height=\"1024\" src=\"https:\/\/agora.xtec.cat\/escolajeronidemoragas\/wp-content\/uploads\/usu2509\/2025\/05\/WhatsApp-Image-2025-05-29-at-06.43.35-768x1024.jpeg\" class=\"attachment-large size-large\" alt=\"\" srcset=\"https:\/\/agora.xtec.cat\/escolajeronidemoragas\/wp-content\/uploads\/usu2509\/2025\/05\/WhatsApp-Image-2025-05-29-at-06.43.35-768x1024.jpeg 768w, https:\/\/agora.xtec.cat\/escolajeronidemoragas\/wp-content\/uploads\/usu2509\/2025\/05\/WhatsApp-Image-2025-05-29-at-06.43.35-225x300.jpeg 225w, https:\/\/agora.xtec.cat\/escolajeronidemoragas\/wp-content\/uploads\/usu2509\/2025\/05\/WhatsApp-Image-2025-05-29-at-06.43.35-1152x1536.jpeg 1152w, https:\/\/agora.xtec.cat\/escolajeronidemoragas\/wp-content\/uploads\/usu2509\/2025\/05\/WhatsApp-Image-2025-05-29-at-06.43.35.jpeg 1200w\" sizes=\"auto, (max-width: 768px) 100vw, 768px\" \/><\/a>\n\t\t\t<\/dt><\/dl><dl class='gallery-item'>\n\t\t\t<dt class='gallery-icon landscape'>\n\t\t\t\t<a href='https:\/\/agora.xtec.cat\/escolajeronidemoragas\/general\/%f0%9f%8e%b2-els-alumnes-de-tva-%f0%9f%a7%a9\/attachment\/whatsapp-image-2025-05-29-at-06-43-36-1-2\/'><img loading=\"lazy\" decoding=\"async\" width=\"1024\" height=\"603\" src=\"https:\/\/agora.xtec.cat\/escolajeronidemoragas\/wp-content\/uploads\/usu2509\/2025\/05\/WhatsApp-Image-2025-05-29-at-06.43.36-1-1-1024x603.jpeg\" class=\"attachment-large size-large\" alt=\"\" srcset=\"https:\/\/agora.xtec.cat\/escolajeronidemoragas\/wp-content\/uploads\/usu2509\/2025\/05\/WhatsApp-Image-2025-05-29-at-06.43.36-1-1-1024x603.jpeg 1024w, https:\/\/agora.xtec.cat\/escolajeronidemoragas\/wp-content\/uploads\/usu2509\/2025\/05\/WhatsApp-Image-2025-05-29-at-06.43.36-1-1-300x177.jpeg 300w, https:\/\/agora.xtec.cat\/escolajeronidemoragas\/wp-content\/uploads\/usu2509\/2025\/05\/WhatsApp-Image-2025-05-29-at-06.43.36-1-1-768x452.jpeg 768w, https:\/\/agora.xtec.cat\/escolajeronidemoragas\/wp-content\/uploads\/usu2509\/2025\/05\/WhatsApp-Image-2025-05-29-at-06.43.36-1-1.jpeg 1169w\" sizes=\"auto, (max-width: 1024px) 100vw, 1024px\" \/><\/a>\n\t\t\t<\/dt><\/dl><br style=\"clear: both\" \/>\n\t\t<\/div>\n\n","protected":false},"excerpt":{"rendered":"<p>Aquesta setmana, els alumnes de TVA han tingut l&#8217;oportunitat de viure una matinal plena de diversi\u00f3 i descobriment gr\u00e0cies a una activitat conjunta amb el CAE (Centre d\u2019Animaci\u00f3 i Esplai). Durant tota la sessi\u00f3, els han presentat una gran varietat de jocs de taula que&hellip;  <a href=\"https:\/\/agora.xtec.cat\/escolajeronidemoragas\/general\/%f0%9f%8e%b2-els-alumnes-de-tva-%f0%9f%a7%a9\/\" title=\"Read \ud83c\udfb2 MOU FITXA, ELS JOCS ARRIBEN A TVA \ud83e\udde9\">Llegeix m\u00e9s\u00bb<\/a><\/p>\n","protected":false},"author":1,"featured_media":4149,"comment_status":"open","ping_status":"closed","sticky":false,"template":"","format":"standard","meta":{"_bbp_topic_count":0,"_bbp_reply_count":0,"_bbp_total_topic_count":0,"_bbp_total_reply_count":0,"_bbp_voice_count":0,"_bbp_anonymous_reply_count":0,"_bbp_topic_count_hidden":0,"_bbp_reply_count_hidden":0,"_bbp_forum_subforum_count":0,"footnotes":""},"categories":[86,83,1,76,4,85,84],"tags":[],"class_list":["post-4143","post","type-post","status-publish","format-standard","has-post-thumbnail","hentry","category-curs-2024-25","category-eso","category-general","category-juny","category-portada","category-sensorial","category-tva"],"post_mailing_queue_ids":[],"_links":{"self":[{"href":"https:\/\/agora.xtec.cat\/escolajeronidemoragas\/wp-json\/wp\/v2\/posts\/4143","targetHints":{"allow":["GET"]}}],"collection":[{"href":"https:\/\/agora.xtec.cat\/escolajeronidemoragas\/wp-json\/wp\/v2\/posts"}],"about":[{"href":"https:\/\/agora.xtec.cat\/escolajeronidemoragas\/wp-json\/wp\/v2\/types\/post"}],"author":[{"embeddable":true,"href":"https:\/\/agora.xtec.cat\/escolajeronidemoragas\/wp-json\/wp\/v2\/users\/1"}],"replies":[{"embeddable":true,"href":"https:\/\/agora.xtec.cat\/escolajeronidemoragas\/wp-json\/wp\/v2\/comments?post=4143"}],"version-history":[{"count":2,"href":"https:\/\/agora.xtec.cat\/escolajeronidemoragas\/wp-json\/wp\/v2\/posts\/4143\/revisions"}],"predecessor-version":[{"id":4155,"href":"https:\/\/agora.xtec.cat\/escolajeronidemoragas\/wp-json\/wp\/v2\/posts\/4143\/revisions\/4155"}],"wp:featuredmedia":[{"embeddable":true,"href":"https:\/\/agora.xtec.cat\/escolajeronidemoragas\/wp-json\/wp\/v2\/media\/4149"}],"wp:attachment":[{"href":"https:\/\/agora.xtec.cat\/escolajeronidemoragas\/wp-json\/wp\/v2\/media?parent=4143"}],"wp:term":[{"taxonomy":"category","embeddable":true,"href":"https:\/\/agora.xtec.cat\/escolajeronidemoragas\/wp-json\/wp\/v2\/categories?post=4143"},{"taxonomy":"post_tag","embeddable":true,"href":"https:\/\/agora.xtec.cat\/escolajeronidemoragas\/wp-json\/wp\/v2\/tags?post=4143"}],"curies":[{"name":"wp","href":"https:\/\/api.w.org\/{rel}","templated":true}]}}