{"id":4105,"date":"2025-05-23T14:23:54","date_gmt":"2025-05-23T12:23:54","guid":{"rendered":"https:\/\/agora.xtec.cat\/escolajeronidemoragas\/?p=4105"},"modified":"2025-05-23T14:26:39","modified_gmt":"2025-05-23T12:26:39","slug":"mercat-solidari-de-primavera-a-life-%f0%9f%8c%b8%f0%9f%8c%bc","status":"publish","type":"post","link":"https:\/\/agora.xtec.cat\/escolajeronidemoragas\/general\/mercat-solidari-de-primavera-a-life-%f0%9f%8c%b8%f0%9f%8c%bc\/","title":{"rendered":"MERCAT SOLIDARI DE PRIMAVERA A IFE! \ud83c\udf38\ud83c\udf3c"},"content":{"rendered":"<p data-start=\"127\" data-end=\"354\">Avui, a IFE, hAN celebrat amb molta il\u00b7lusi\u00f3 el <strong data-start=\"177\" data-end=\"230\">Mercat Solidari de roba de segona m\u00e0 de primavera<\/strong>. Aquesta iniciativa solid\u00e0ria ha tingut molt bona acollida i ha comptat amb la participaci\u00f3 de tota la comunitat educativa.<\/p>\n<p data-start=\"356\" data-end=\"527\">Els diners recaptats es destinaran \u00edntegrament a la <strong data-start=\"408\" data-end=\"455\">protectora d\u2019animals de Manresa, l\u2019Aixopluc<\/strong>, contribuint aix\u00ed a tenir cura dels animals que m\u00e9s ho necessiten. \ud83d\udc15\ud83d\udc08<\/p>\n<p data-start=\"529\" data-end=\"795\">La jornada s\u2019ha dinamitzat amb activitats molt divertides organitzades pels alumnes de 3r d\u2019IFE, que han omplert l\u2019exterior de <strong data-start=\"656\" data-end=\"697\">bombolles m\u00e0giques \ud83e\udee7 i pintacares \ud83c\udfa8<\/strong> per a grans i petits. Els nens i nenes de l\u2019escola han gaudit d\u2019all\u00f2 m\u00e9s amb totes les propostes!<\/p>\n<p data-start=\"797\" data-end=\"870\"><strong data-start=\"797\" data-end=\"870\">Moltes gr\u00e0cies a tothom per la col\u00b7laboraci\u00f3 i solidaritat! \ud83e\ude77<\/strong><\/p>\n\n\t\t<style type=\"text\/css\">\n\t\t\t#gallery-1 {\n\t\t\t\tmargin: auto;\n\t\t\t}\n\t\t\t#gallery-1 .gallery-item {\n\t\t\t\tfloat: left;\n\t\t\t\tmargin-top: 10px;\n\t\t\t\ttext-align: center;\n\t\t\t\twidth: 33%;\n\t\t\t}\n\t\t\t#gallery-1 img {\n\t\t\t\tborder: 2px solid #cfcfcf;\n\t\t\t}\n\t\t\t#gallery-1 .gallery-caption {\n\t\t\t\tmargin-left: 0;\n\t\t\t}\n\t\t\t\/* see gallery_shortcode() in wp-includes\/media.php *\/\n\t\t<\/style>\n\t\t<div id='gallery-1' class='gallery galleryid-4105 gallery-columns-3 gallery-size-large'><dl class='gallery-item'>\n\t\t\t<dt class='gallery-icon portrait'>\n\t\t\t\t<a href='https:\/\/agora.xtec.cat\/escolajeronidemoragas\/general\/mercat-solidari-de-primavera-a-life-%f0%9f%8c%b8%f0%9f%8c%bc\/attachment\/whatsapp-image-2025-05-23-at-13-12-58\/'><img loading=\"lazy\" decoding=\"async\" width=\"768\" height=\"1024\" src=\"https:\/\/agora.xtec.cat\/escolajeronidemoragas\/wp-content\/uploads\/usu2509\/2025\/05\/WhatsApp-Image-2025-05-23-at-13.12.58-768x1024.jpeg\" class=\"attachment-large size-large\" alt=\"\" srcset=\"https:\/\/agora.xtec.cat\/escolajeronidemoragas\/wp-content\/uploads\/usu2509\/2025\/05\/WhatsApp-Image-2025-05-23-at-13.12.58-768x1024.jpeg 768w, https:\/\/agora.xtec.cat\/escolajeronidemoragas\/wp-content\/uploads\/usu2509\/2025\/05\/WhatsApp-Image-2025-05-23-at-13.12.58-225x300.jpeg 225w, https:\/\/agora.xtec.cat\/escolajeronidemoragas\/wp-content\/uploads\/usu2509\/2025\/05\/WhatsApp-Image-2025-05-23-at-13.12.58-1152x1536.jpeg 1152w, https:\/\/agora.xtec.cat\/escolajeronidemoragas\/wp-content\/uploads\/usu2509\/2025\/05\/WhatsApp-Image-2025-05-23-at-13.12.58.jpeg 1500w\" sizes=\"auto, (max-width: 768px) 100vw, 768px\" \/><\/a>\n\t\t\t<\/dt><\/dl><dl class='gallery-item'>\n\t\t\t<dt class='gallery-icon portrait'>\n\t\t\t\t<a href='https:\/\/agora.xtec.cat\/escolajeronidemoragas\/general\/mercat-solidari-de-primavera-a-life-%f0%9f%8c%b8%f0%9f%8c%bc\/attachment\/whatsapp-image-2025-05-23-at-13-12-58-1\/'><img loading=\"lazy\" decoding=\"async\" width=\"768\" height=\"1024\" src=\"https:\/\/agora.xtec.cat\/escolajeronidemoragas\/wp-content\/uploads\/usu2509\/2025\/05\/WhatsApp-Image-2025-05-23-at-13.12.58-1-768x1024.jpeg\" class=\"attachment-large size-large\" alt=\"\" srcset=\"https:\/\/agora.xtec.cat\/escolajeronidemoragas\/wp-content\/uploads\/usu2509\/2025\/05\/WhatsApp-Image-2025-05-23-at-13.12.58-1-768x1024.jpeg 768w, https:\/\/agora.xtec.cat\/escolajeronidemoragas\/wp-content\/uploads\/usu2509\/2025\/05\/WhatsApp-Image-2025-05-23-at-13.12.58-1-225x300.jpeg 225w, https:\/\/agora.xtec.cat\/escolajeronidemoragas\/wp-content\/uploads\/usu2509\/2025\/05\/WhatsApp-Image-2025-05-23-at-13.12.58-1-1152x1536.jpeg 1152w, https:\/\/agora.xtec.cat\/escolajeronidemoragas\/wp-content\/uploads\/usu2509\/2025\/05\/WhatsApp-Image-2025-05-23-at-13.12.58-1.jpeg 1500w\" sizes=\"auto, (max-width: 768px) 100vw, 768px\" \/><\/a>\n\t\t\t<\/dt><\/dl><dl class='gallery-item'>\n\t\t\t<dt class='gallery-icon portrait'>\n\t\t\t\t<a href='https:\/\/agora.xtec.cat\/escolajeronidemoragas\/general\/mercat-solidari-de-primavera-a-life-%f0%9f%8c%b8%f0%9f%8c%bc\/attachment\/whatsapp-image-2025-05-23-at-13-12-57-1\/'><img loading=\"lazy\" decoding=\"async\" width=\"819\" height=\"1024\" src=\"https:\/\/agora.xtec.cat\/escolajeronidemoragas\/wp-content\/uploads\/usu2509\/2025\/05\/WhatsApp-Image-2025-05-23-at-13.12.57-1-819x1024.jpeg\" class=\"attachment-large size-large\" alt=\"\" srcset=\"https:\/\/agora.xtec.cat\/escolajeronidemoragas\/wp-content\/uploads\/usu2509\/2025\/05\/WhatsApp-Image-2025-05-23-at-13.12.57-1-819x1024.jpeg 819w, https:\/\/agora.xtec.cat\/escolajeronidemoragas\/wp-content\/uploads\/usu2509\/2025\/05\/WhatsApp-Image-2025-05-23-at-13.12.57-1-240x300.jpeg 240w, https:\/\/agora.xtec.cat\/escolajeronidemoragas\/wp-content\/uploads\/usu2509\/2025\/05\/WhatsApp-Image-2025-05-23-at-13.12.57-1-768x960.jpeg 768w, https:\/\/agora.xtec.cat\/escolajeronidemoragas\/wp-content\/uploads\/usu2509\/2025\/05\/WhatsApp-Image-2025-05-23-at-13.12.57-1-1229x1536.jpeg 1229w, https:\/\/agora.xtec.cat\/escolajeronidemoragas\/wp-content\/uploads\/usu2509\/2025\/05\/WhatsApp-Image-2025-05-23-at-13.12.57-1.jpeg 1440w\" sizes=\"auto, (max-width: 819px) 100vw, 819px\" \/><\/a>\n\t\t\t<\/dt><\/dl><br style=\"clear: both\" \/><dl class='gallery-item'>\n\t\t\t<dt class='gallery-icon portrait'>\n\t\t\t\t<a href='https:\/\/agora.xtec.cat\/escolajeronidemoragas\/general\/mercat-solidari-de-primavera-a-life-%f0%9f%8c%b8%f0%9f%8c%bc\/attachment\/whatsapp-image-2025-05-23-at-13-12-56\/'><img loading=\"lazy\" decoding=\"async\" width=\"768\" height=\"1024\" src=\"https:\/\/agora.xtec.cat\/escolajeronidemoragas\/wp-content\/uploads\/usu2509\/2025\/05\/WhatsApp-Image-2025-05-23-at-13.12.56-768x1024.jpeg\" class=\"attachment-large size-large\" alt=\"\" srcset=\"https:\/\/agora.xtec.cat\/escolajeronidemoragas\/wp-content\/uploads\/usu2509\/2025\/05\/WhatsApp-Image-2025-05-23-at-13.12.56-768x1024.jpeg 768w, https:\/\/agora.xtec.cat\/escolajeronidemoragas\/wp-content\/uploads\/usu2509\/2025\/05\/WhatsApp-Image-2025-05-23-at-13.12.56-225x300.jpeg 225w, https:\/\/agora.xtec.cat\/escolajeronidemoragas\/wp-content\/uploads\/usu2509\/2025\/05\/WhatsApp-Image-2025-05-23-at-13.12.56-1152x1536.jpeg 1152w, https:\/\/agora.xtec.cat\/escolajeronidemoragas\/wp-content\/uploads\/usu2509\/2025\/05\/WhatsApp-Image-2025-05-23-at-13.12.56.jpeg 1500w\" sizes=\"auto, (max-width: 768px) 100vw, 768px\" \/><\/a>\n\t\t\t<\/dt><\/dl><dl class='gallery-item'>\n\t\t\t<dt class='gallery-icon portrait'>\n\t\t\t\t<a href='https:\/\/agora.xtec.cat\/escolajeronidemoragas\/general\/mercat-solidari-de-primavera-a-life-%f0%9f%8c%b8%f0%9f%8c%bc\/attachment\/whatsapp-image-2025-05-23-at-13-12-58-4\/'><img loading=\"lazy\" decoding=\"async\" width=\"768\" height=\"1024\" src=\"https:\/\/agora.xtec.cat\/escolajeronidemoragas\/wp-content\/uploads\/usu2509\/2025\/05\/WhatsApp-Image-2025-05-23-at-13.12.58-4-768x1024.jpeg\" class=\"attachment-large size-large\" alt=\"\" srcset=\"https:\/\/agora.xtec.cat\/escolajeronidemoragas\/wp-content\/uploads\/usu2509\/2025\/05\/WhatsApp-Image-2025-05-23-at-13.12.58-4-768x1024.jpeg 768w, https:\/\/agora.xtec.cat\/escolajeronidemoragas\/wp-content\/uploads\/usu2509\/2025\/05\/WhatsApp-Image-2025-05-23-at-13.12.58-4-225x300.jpeg 225w, https:\/\/agora.xtec.cat\/escolajeronidemoragas\/wp-content\/uploads\/usu2509\/2025\/05\/WhatsApp-Image-2025-05-23-at-13.12.58-4-1152x1536.jpeg 1152w, https:\/\/agora.xtec.cat\/escolajeronidemoragas\/wp-content\/uploads\/usu2509\/2025\/05\/WhatsApp-Image-2025-05-23-at-13.12.58-4.jpeg 1500w\" sizes=\"auto, (max-width: 768px) 100vw, 768px\" \/><\/a>\n\t\t\t<\/dt><\/dl><dl class='gallery-item'>\n\t\t\t<dt class='gallery-icon portrait'>\n\t\t\t\t<a href='https:\/\/agora.xtec.cat\/escolajeronidemoragas\/general\/mercat-solidari-de-primavera-a-life-%f0%9f%8c%b8%f0%9f%8c%bc\/attachment\/whatsapp-image-2025-05-23-at-13-12-59\/'><img loading=\"lazy\" decoding=\"async\" width=\"768\" height=\"1024\" src=\"https:\/\/agora.xtec.cat\/escolajeronidemoragas\/wp-content\/uploads\/usu2509\/2025\/05\/WhatsApp-Image-2025-05-23-at-13.12.59-768x1024.jpeg\" class=\"attachment-large size-large\" alt=\"\" srcset=\"https:\/\/agora.xtec.cat\/escolajeronidemoragas\/wp-content\/uploads\/usu2509\/2025\/05\/WhatsApp-Image-2025-05-23-at-13.12.59-768x1024.jpeg 768w, https:\/\/agora.xtec.cat\/escolajeronidemoragas\/wp-content\/uploads\/usu2509\/2025\/05\/WhatsApp-Image-2025-05-23-at-13.12.59-225x300.jpeg 225w, https:\/\/agora.xtec.cat\/escolajeronidemoragas\/wp-content\/uploads\/usu2509\/2025\/05\/WhatsApp-Image-2025-05-23-at-13.12.59-1152x1536.jpeg 1152w, https:\/\/agora.xtec.cat\/escolajeronidemoragas\/wp-content\/uploads\/usu2509\/2025\/05\/WhatsApp-Image-2025-05-23-at-13.12.59.jpeg 1500w\" sizes=\"auto, (max-width: 768px) 100vw, 768px\" \/><\/a>\n\t\t\t<\/dt><\/dl><br style=\"clear: both\" \/><dl class='gallery-item'>\n\t\t\t<dt class='gallery-icon portrait'>\n\t\t\t\t<a href='https:\/\/agora.xtec.cat\/escolajeronidemoragas\/general\/mercat-solidari-de-primavera-a-life-%f0%9f%8c%b8%f0%9f%8c%bc\/attachment\/whatsapp-image-2025-05-23-at-13-12-56-2\/'><img loading=\"lazy\" decoding=\"async\" width=\"768\" height=\"1024\" src=\"https:\/\/agora.xtec.cat\/escolajeronidemoragas\/wp-content\/uploads\/usu2509\/2025\/05\/WhatsApp-Image-2025-05-23-at-13.12.56-2-768x1024.jpeg\" class=\"attachment-large size-large\" alt=\"\" srcset=\"https:\/\/agora.xtec.cat\/escolajeronidemoragas\/wp-content\/uploads\/usu2509\/2025\/05\/WhatsApp-Image-2025-05-23-at-13.12.56-2-768x1024.jpeg 768w, https:\/\/agora.xtec.cat\/escolajeronidemoragas\/wp-content\/uploads\/usu2509\/2025\/05\/WhatsApp-Image-2025-05-23-at-13.12.56-2-225x300.jpeg 225w, https:\/\/agora.xtec.cat\/escolajeronidemoragas\/wp-content\/uploads\/usu2509\/2025\/05\/WhatsApp-Image-2025-05-23-at-13.12.56-2-1152x1536.jpeg 1152w, https:\/\/agora.xtec.cat\/escolajeronidemoragas\/wp-content\/uploads\/usu2509\/2025\/05\/WhatsApp-Image-2025-05-23-at-13.12.56-2.jpeg 1500w\" sizes=\"auto, (max-width: 768px) 100vw, 768px\" \/><\/a>\n\t\t\t<\/dt><\/dl><dl class='gallery-item'>\n\t\t\t<dt class='gallery-icon portrait'>\n\t\t\t\t<a href='https:\/\/agora.xtec.cat\/escolajeronidemoragas\/general\/mercat-solidari-de-primavera-a-life-%f0%9f%8c%b8%f0%9f%8c%bc\/attachment\/whatsapp-image-2025-05-23-at-13-12-58-3\/'><img loading=\"lazy\" decoding=\"async\" width=\"768\" height=\"1024\" src=\"https:\/\/agora.xtec.cat\/escolajeronidemoragas\/wp-content\/uploads\/usu2509\/2025\/05\/WhatsApp-Image-2025-05-23-at-13.12.58-3-768x1024.jpeg\" class=\"attachment-large size-large\" alt=\"\" srcset=\"https:\/\/agora.xtec.cat\/escolajeronidemoragas\/wp-content\/uploads\/usu2509\/2025\/05\/WhatsApp-Image-2025-05-23-at-13.12.58-3-768x1024.jpeg 768w, https:\/\/agora.xtec.cat\/escolajeronidemoragas\/wp-content\/uploads\/usu2509\/2025\/05\/WhatsApp-Image-2025-05-23-at-13.12.58-3-225x300.jpeg 225w, https:\/\/agora.xtec.cat\/escolajeronidemoragas\/wp-content\/uploads\/usu2509\/2025\/05\/WhatsApp-Image-2025-05-23-at-13.12.58-3-1152x1536.jpeg 1152w, https:\/\/agora.xtec.cat\/escolajeronidemoragas\/wp-content\/uploads\/usu2509\/2025\/05\/WhatsApp-Image-2025-05-23-at-13.12.58-3.jpeg 1500w\" sizes=\"auto, (max-width: 768px) 100vw, 768px\" \/><\/a>\n\t\t\t<\/dt><\/dl><dl class='gallery-item'>\n\t\t\t<dt class='gallery-icon portrait'>\n\t\t\t\t<a href='https:\/\/agora.xtec.cat\/escolajeronidemoragas\/general\/mercat-solidari-de-primavera-a-life-%f0%9f%8c%b8%f0%9f%8c%bc\/attachment\/whatsapp-image-2025-05-23-at-13-12-56-1\/'><img loading=\"lazy\" decoding=\"async\" width=\"768\" height=\"1024\" src=\"https:\/\/agora.xtec.cat\/escolajeronidemoragas\/wp-content\/uploads\/usu2509\/2025\/05\/WhatsApp-Image-2025-05-23-at-13.12.56-1-768x1024.jpeg\" class=\"attachment-large size-large\" alt=\"\" srcset=\"https:\/\/agora.xtec.cat\/escolajeronidemoragas\/wp-content\/uploads\/usu2509\/2025\/05\/WhatsApp-Image-2025-05-23-at-13.12.56-1-768x1024.jpeg 768w, https:\/\/agora.xtec.cat\/escolajeronidemoragas\/wp-content\/uploads\/usu2509\/2025\/05\/WhatsApp-Image-2025-05-23-at-13.12.56-1-225x300.jpeg 225w, https:\/\/agora.xtec.cat\/escolajeronidemoragas\/wp-content\/uploads\/usu2509\/2025\/05\/WhatsApp-Image-2025-05-23-at-13.12.56-1-1152x1536.jpeg 1152w, https:\/\/agora.xtec.cat\/escolajeronidemoragas\/wp-content\/uploads\/usu2509\/2025\/05\/WhatsApp-Image-2025-05-23-at-13.12.56-1.jpeg 1500w\" sizes=\"auto, (max-width: 768px) 100vw, 768px\" \/><\/a>\n\t\t\t<\/dt><\/dl><br style=\"clear: both\" \/><dl class='gallery-item'>\n\t\t\t<dt class='gallery-icon portrait'>\n\t\t\t\t<a href='https:\/\/agora.xtec.cat\/escolajeronidemoragas\/general\/mercat-solidari-de-primavera-a-life-%f0%9f%8c%b8%f0%9f%8c%bc\/attachment\/whatsapp-image-2025-05-23-at-13-12-58-2\/'><img loading=\"lazy\" decoding=\"async\" width=\"768\" height=\"1024\" src=\"https:\/\/agora.xtec.cat\/escolajeronidemoragas\/wp-content\/uploads\/usu2509\/2025\/05\/WhatsApp-Image-2025-05-23-at-13.12.58-2-768x1024.jpeg\" class=\"attachment-large size-large\" alt=\"\" srcset=\"https:\/\/agora.xtec.cat\/escolajeronidemoragas\/wp-content\/uploads\/usu2509\/2025\/05\/WhatsApp-Image-2025-05-23-at-13.12.58-2-768x1024.jpeg 768w, https:\/\/agora.xtec.cat\/escolajeronidemoragas\/wp-content\/uploads\/usu2509\/2025\/05\/WhatsApp-Image-2025-05-23-at-13.12.58-2-225x300.jpeg 225w, https:\/\/agora.xtec.cat\/escolajeronidemoragas\/wp-content\/uploads\/usu2509\/2025\/05\/WhatsApp-Image-2025-05-23-at-13.12.58-2-1152x1536.jpeg 1152w, https:\/\/agora.xtec.cat\/escolajeronidemoragas\/wp-content\/uploads\/usu2509\/2025\/05\/WhatsApp-Image-2025-05-23-at-13.12.58-2.jpeg 1500w\" sizes=\"auto, (max-width: 768px) 100vw, 768px\" \/><\/a>\n\t\t\t<\/dt><\/dl><dl class='gallery-item'>\n\t\t\t<dt class='gallery-icon portrait'>\n\t\t\t\t<a href='https:\/\/agora.xtec.cat\/escolajeronidemoragas\/general\/mercat-solidari-de-primavera-a-life-%f0%9f%8c%b8%f0%9f%8c%bc\/attachment\/whatsapp-image-2025-05-23-at-13-12-57-2\/'><img loading=\"lazy\" decoding=\"async\" width=\"768\" height=\"1024\" src=\"https:\/\/agora.xtec.cat\/escolajeronidemoragas\/wp-content\/uploads\/usu2509\/2025\/05\/WhatsApp-Image-2025-05-23-at-13.12.57-2-768x1024.jpeg\" class=\"attachment-large size-large\" alt=\"\" srcset=\"https:\/\/agora.xtec.cat\/escolajeronidemoragas\/wp-content\/uploads\/usu2509\/2025\/05\/WhatsApp-Image-2025-05-23-at-13.12.57-2-768x1024.jpeg 768w, https:\/\/agora.xtec.cat\/escolajeronidemoragas\/wp-content\/uploads\/usu2509\/2025\/05\/WhatsApp-Image-2025-05-23-at-13.12.57-2-225x300.jpeg 225w, https:\/\/agora.xtec.cat\/escolajeronidemoragas\/wp-content\/uploads\/usu2509\/2025\/05\/WhatsApp-Image-2025-05-23-at-13.12.57-2-1152x1536.jpeg 1152w, https:\/\/agora.xtec.cat\/escolajeronidemoragas\/wp-content\/uploads\/usu2509\/2025\/05\/WhatsApp-Image-2025-05-23-at-13.12.57-2.jpeg 1500w\" sizes=\"auto, (max-width: 768px) 100vw, 768px\" \/><\/a>\n\t\t\t<\/dt><\/dl><dl class='gallery-item'>\n\t\t\t<dt class='gallery-icon portrait'>\n\t\t\t\t<a href='https:\/\/agora.xtec.cat\/escolajeronidemoragas\/general\/mercat-solidari-de-primavera-a-life-%f0%9f%8c%b8%f0%9f%8c%bc\/attachment\/whatsapp-image-2025-05-23-at-13-12-59-1\/'><img loading=\"lazy\" decoding=\"async\" width=\"768\" height=\"1024\" src=\"https:\/\/agora.xtec.cat\/escolajeronidemoragas\/wp-content\/uploads\/usu2509\/2025\/05\/WhatsApp-Image-2025-05-23-at-13.12.59-1-768x1024.jpeg\" class=\"attachment-large size-large\" alt=\"\" srcset=\"https:\/\/agora.xtec.cat\/escolajeronidemoragas\/wp-content\/uploads\/usu2509\/2025\/05\/WhatsApp-Image-2025-05-23-at-13.12.59-1-768x1024.jpeg 768w, https:\/\/agora.xtec.cat\/escolajeronidemoragas\/wp-content\/uploads\/usu2509\/2025\/05\/WhatsApp-Image-2025-05-23-at-13.12.59-1-225x300.jpeg 225w, https:\/\/agora.xtec.cat\/escolajeronidemoragas\/wp-content\/uploads\/usu2509\/2025\/05\/WhatsApp-Image-2025-05-23-at-13.12.59-1-1152x1536.jpeg 1152w, https:\/\/agora.xtec.cat\/escolajeronidemoragas\/wp-content\/uploads\/usu2509\/2025\/05\/WhatsApp-Image-2025-05-23-at-13.12.59-1.jpeg 1500w\" sizes=\"auto, (max-width: 768px) 100vw, 768px\" \/><\/a>\n\t\t\t<\/dt><\/dl><br style=\"clear: both\" \/><dl class='gallery-item'>\n\t\t\t<dt class='gallery-icon portrait'>\n\t\t\t\t<a href='https:\/\/agora.xtec.cat\/escolajeronidemoragas\/general\/mercat-solidari-de-primavera-a-life-%f0%9f%8c%b8%f0%9f%8c%bc\/attachment\/whatsapp-image-2025-05-23-at-13-12-57\/'><img loading=\"lazy\" decoding=\"async\" width=\"768\" height=\"1024\" src=\"https:\/\/agora.xtec.cat\/escolajeronidemoragas\/wp-content\/uploads\/usu2509\/2025\/05\/WhatsApp-Image-2025-05-23-at-13.12.57-768x1024.jpeg\" class=\"attachment-large size-large\" alt=\"\" srcset=\"https:\/\/agora.xtec.cat\/escolajeronidemoragas\/wp-content\/uploads\/usu2509\/2025\/05\/WhatsApp-Image-2025-05-23-at-13.12.57-768x1024.jpeg 768w, https:\/\/agora.xtec.cat\/escolajeronidemoragas\/wp-content\/uploads\/usu2509\/2025\/05\/WhatsApp-Image-2025-05-23-at-13.12.57-225x300.jpeg 225w, https:\/\/agora.xtec.cat\/escolajeronidemoragas\/wp-content\/uploads\/usu2509\/2025\/05\/WhatsApp-Image-2025-05-23-at-13.12.57-1152x1536.jpeg 1152w, https:\/\/agora.xtec.cat\/escolajeronidemoragas\/wp-content\/uploads\/usu2509\/2025\/05\/WhatsApp-Image-2025-05-23-at-13.12.57.jpeg 1500w\" sizes=\"auto, (max-width: 768px) 100vw, 768px\" \/><\/a>\n\t\t\t<\/dt><\/dl><dl class='gallery-item'>\n\t\t\t<dt class='gallery-icon portrait'>\n\t\t\t\t<a href='https:\/\/agora.xtec.cat\/escolajeronidemoragas\/general\/mercat-solidari-de-primavera-a-life-%f0%9f%8c%b8%f0%9f%8c%bc\/attachment\/whatsapp-image-2025-05-23-at-13-12-57-3\/'><img loading=\"lazy\" decoding=\"async\" width=\"768\" height=\"1024\" src=\"https:\/\/agora.xtec.cat\/escolajeronidemoragas\/wp-content\/uploads\/usu2509\/2025\/05\/WhatsApp-Image-2025-05-23-at-13.12.57-3-768x1024.jpeg\" class=\"attachment-large size-large\" alt=\"\" srcset=\"https:\/\/agora.xtec.cat\/escolajeronidemoragas\/wp-content\/uploads\/usu2509\/2025\/05\/WhatsApp-Image-2025-05-23-at-13.12.57-3-768x1024.jpeg 768w, https:\/\/agora.xtec.cat\/escolajeronidemoragas\/wp-content\/uploads\/usu2509\/2025\/05\/WhatsApp-Image-2025-05-23-at-13.12.57-3-225x300.jpeg 225w, https:\/\/agora.xtec.cat\/escolajeronidemoragas\/wp-content\/uploads\/usu2509\/2025\/05\/WhatsApp-Image-2025-05-23-at-13.12.57-3-1152x1536.jpeg 1152w, https:\/\/agora.xtec.cat\/escolajeronidemoragas\/wp-content\/uploads\/usu2509\/2025\/05\/WhatsApp-Image-2025-05-23-at-13.12.57-3.jpeg 1500w\" sizes=\"auto, (max-width: 768px) 100vw, 768px\" \/><\/a>\n\t\t\t<\/dt><\/dl>\n\t\t\t<br style='clear: both' \/>\n\t\t<\/div>\n\n","protected":false},"excerpt":{"rendered":"<p>Avui, a IFE, hAN celebrat amb molta il\u00b7lusi\u00f3 el Mercat Solidari de roba de segona m\u00e0 de primavera. Aquesta iniciativa solid\u00e0ria ha tingut molt bona acollida i ha comptat amb la participaci\u00f3 de tota la comunitat educativa.<br \/>\nEls diners recaptats es destinaran \u00edntegrament a la protectora&hellip;  <a href=\"https:\/\/agora.xtec.cat\/escolajeronidemoragas\/general\/mercat-solidari-de-primavera-a-life-%f0%9f%8c%b8%f0%9f%8c%bc\/\" title=\"Read MERCAT SOLIDARI DE PRIMAVERA A IFE! \ud83c\udf38\ud83c\udf3c\">Llegeix m\u00e9s\u00bb<\/a><\/p>\n","protected":false},"author":1,"featured_media":4117,"comment_status":"open","ping_status":"closed","sticky":false,"template":"","format":"standard","meta":{"_bbp_topic_count":0,"_bbp_reply_count":0,"_bbp_total_topic_count":0,"_bbp_total_reply_count":0,"_bbp_voice_count":0,"_bbp_anonymous_reply_count":0,"_bbp_topic_count_hidden":0,"_bbp_reply_count_hidden":0,"_bbp_forum_subforum_count":0,"footnotes":""},"categories":[10,11,12,13,14,15,86,83,1,76,4,85,84],"tags":[],"class_list":["post-4105","post","type-post","status-publish","format-standard","has-post-thumbnail","hentry","category-1r","category-2n","category-3r","category-4t","category-5e","category-6e","category-curs-2024-25","category-eso","category-general","category-juny","category-portada","category-sensorial","category-tva"],"post_mailing_queue_ids":[],"_links":{"self":[{"href":"https:\/\/agora.xtec.cat\/escolajeronidemoragas\/wp-json\/wp\/v2\/posts\/4105","targetHints":{"allow":["GET"]}}],"collection":[{"href":"https:\/\/agora.xtec.cat\/escolajeronidemoragas\/wp-json\/wp\/v2\/posts"}],"about":[{"href":"https:\/\/agora.xtec.cat\/escolajeronidemoragas\/wp-json\/wp\/v2\/types\/post"}],"author":[{"embeddable":true,"href":"https:\/\/agora.xtec.cat\/escolajeronidemoragas\/wp-json\/wp\/v2\/users\/1"}],"replies":[{"embeddable":true,"href":"https:\/\/agora.xtec.cat\/escolajeronidemoragas\/wp-json\/wp\/v2\/comments?post=4105"}],"version-history":[{"count":3,"href":"https:\/\/agora.xtec.cat\/escolajeronidemoragas\/wp-json\/wp\/v2\/posts\/4105\/revisions"}],"predecessor-version":[{"id":4122,"href":"https:\/\/agora.xtec.cat\/escolajeronidemoragas\/wp-json\/wp\/v2\/posts\/4105\/revisions\/4122"}],"wp:featuredmedia":[{"embeddable":true,"href":"https:\/\/agora.xtec.cat\/escolajeronidemoragas\/wp-json\/wp\/v2\/media\/4117"}],"wp:attachment":[{"href":"https:\/\/agora.xtec.cat\/escolajeronidemoragas\/wp-json\/wp\/v2\/media?parent=4105"}],"wp:term":[{"taxonomy":"category","embeddable":true,"href":"https:\/\/agora.xtec.cat\/escolajeronidemoragas\/wp-json\/wp\/v2\/categories?post=4105"},{"taxonomy":"post_tag","embeddable":true,"href":"https:\/\/agora.xtec.cat\/escolajeronidemoragas\/wp-json\/wp\/v2\/tags?post=4105"}],"curies":[{"name":"wp","href":"https:\/\/api.w.org\/{rel}","templated":true}]}}