{"id":4066,"date":"2025-05-23T08:00:53","date_gmt":"2025-05-23T06:00:53","guid":{"rendered":"https:\/\/agora.xtec.cat\/escolajeronidemoragas\/?p=4066"},"modified":"2025-05-23T08:03:13","modified_gmt":"2025-05-23T06:03:13","slug":"premi-al-concurs-bbva-de-dibuix%f0%9f%96%8c%ef%b8%8f","status":"publish","type":"post","link":"https:\/\/agora.xtec.cat\/escolajeronidemoragas\/general\/premi-al-concurs-bbva-de-dibuix%f0%9f%96%8c%ef%b8%8f\/","title":{"rendered":"\u00c8XIT AL CONCURS BBVA DE DIBUIX\ud83d\udd8c\ufe0f"},"content":{"rendered":"<p data-start=\"156\" data-end=\"446\">L\u2019aula C1 est\u00e0 molt contenta de compartir una gran not\u00edcia amb tota la comunitat educativa: el passat dissabte es van lliurar a Terrassa els premis de la <strong data-start=\"310\" data-end=\"359\">44a edici\u00f3 del Concurs BBVA de Dibuix Escolar<\/strong>, organitzat per la <a href=\"https:\/\/www.fcaixescatalanes.cat\/es\/premi\/concurso-dibujo-escolar\/\"><strong data-start=\"379\" data-end=\"417\">Fundaci\u00f3 Antigues Caixes Catalanes<\/strong><\/a>, amb el suport del <strong data-start=\"437\" data-end=\"445\">BBVA<\/strong>.<\/p>\n<p data-start=\"448\" data-end=\"658\">Enguany, el certamen ha batut r\u00e8cords de participaci\u00f3, amb <strong data-start=\"507\" data-end=\"539\">220 escoles de tot Catalunya<\/strong>, i un total de <strong data-start=\"555\" data-end=\"578\">72 premis concedits<\/strong>: 36 per a alumnes de prim\u00e0ria i 36 acc\u00e8ssits per a centres d\u2019educaci\u00f3 especial.<\/p>\n<p data-start=\"660\" data-end=\"819\">Estem molt orgullosos d\u2019anunciar que la <strong data-start=\"700\" data-end=\"732\">Jocelyn Mirey Mart\u00ednez Flete<\/strong>, alumna de l&#8217;aula C1, ha estat <strong data-start=\"772\" data-end=\"815\">una de les guanyadores d\u2019aquesta edici\u00f3<\/strong>! \ud83d\udc4f<\/p>\n<p data-start=\"821\" data-end=\"998\">Des d\u2019aqu\u00ed li volem donar l\u2019enhorabona per la seva creativitat, esfor\u00e7 i talent. Tamb\u00e9 felicitem a totes les persones que han participat i han fet possible aquest reconeixement.<\/p>\n<p data-start=\"1000\" data-end=\"1080\">Continuem treballant per fo<a href=\"https:\/\/agora.xtec.cat\/escolajeronidemoragas\/wp-content\/uploads\/usu2509\/2025\/05\/image-scaled.jpg\"><img loading=\"lazy\" decoding=\"async\" class=\"alignright size-large wp-image-4063\" src=\"https:\/\/agora.xtec.cat\/escolajeronidemoragas\/wp-content\/uploads\/usu2509\/2025\/05\/image-1024x683.jpg\" alt=\"\" width=\"1024\" height=\"683\" srcset=\"https:\/\/agora.xtec.cat\/escolajeronidemoragas\/wp-content\/uploads\/usu2509\/2025\/05\/image-1024x683.jpg 1024w, https:\/\/agora.xtec.cat\/escolajeronidemoragas\/wp-content\/uploads\/usu2509\/2025\/05\/image-300x200.jpg 300w, https:\/\/agora.xtec.cat\/escolajeronidemoragas\/wp-content\/uploads\/usu2509\/2025\/05\/image-768x512.jpg 768w, https:\/\/agora.xtec.cat\/escolajeronidemoragas\/wp-content\/uploads\/usu2509\/2025\/05\/image-1536x1024.jpg 1536w, https:\/\/agora.xtec.cat\/escolajeronidemoragas\/wp-content\/uploads\/usu2509\/2025\/05\/image-2048x1365.jpg 2048w\" sizes=\"auto, (max-width: 1024px) 100vw, 1024px\" \/><\/a>mentar l\u2019art i l\u2019expressi\u00f3 creativa a les aules! \ud83d\udd8c\ufe0f\u2728<\/p>\n","protected":false},"excerpt":{"rendered":"<p>L\u2019aula C1 est\u00e0 molt contenta de compartir una gran not\u00edcia amb tota la comunitat educativa: el passat dissabte es van lliurar a Terrassa els premis de la 44a edici\u00f3 del Concurs BBVA de Dibuix Escolar, organitzat per la <a href=\"https:\/\/www.fcaixescatalanes.cat\/es\/premi\/concurso-dibujo-escolar\/\">Fundaci\u00f3 Antigues Caixes Catalanes<\/a>, amb el&hellip;  <a href=\"https:\/\/agora.xtec.cat\/escolajeronidemoragas\/general\/premi-al-concurs-bbva-de-dibuix%f0%9f%96%8c%ef%b8%8f\/\" title=\"Read \u00c8XIT AL CONCURS BBVA DE DIBUIX\ud83d\udd8c\ufe0f\">Llegeix m\u00e9s\u00bb<\/a><\/p>\n","protected":false},"author":1,"featured_media":4063,"comment_status":"open","ping_status":"closed","sticky":false,"template":"","format":"standard","meta":{"_bbp_topic_count":0,"_bbp_reply_count":0,"_bbp_total_topic_count":0,"_bbp_total_reply_count":0,"_bbp_voice_count":0,"_bbp_anonymous_reply_count":0,"_bbp_topic_count_hidden":0,"_bbp_reply_count_hidden":0,"_bbp_forum_subforum_count":0,"footnotes":""},"categories":[10,11,12,13,14,15,74,86,82,83,72,71,1,2,76,75,73,81,80,4,85,79,84],"tags":[],"class_list":["post-4066","post","type-post","status-publish","format-standard","has-post-thumbnail","hentry","category-1r","category-2n","category-3r","category-4t","category-5e","category-6e","category-abril","category-curs-2024-25","category-desembre","category-eso","category-febrer","category-gener","category-general","category-infantil-i-primaria","category-juny","category-maig","category-marc","category-novembre","category-octubre","category-portada","category-sensorial","category-setembre","category-tva"],"post_mailing_queue_ids":[],"_links":{"self":[{"href":"https:\/\/agora.xtec.cat\/escolajeronidemoragas\/wp-json\/wp\/v2\/posts\/4066","targetHints":{"allow":["GET"]}}],"collection":[{"href":"https:\/\/agora.xtec.cat\/escolajeronidemoragas\/wp-json\/wp\/v2\/posts"}],"about":[{"href":"https:\/\/agora.xtec.cat\/escolajeronidemoragas\/wp-json\/wp\/v2\/types\/post"}],"author":[{"embeddable":true,"href":"https:\/\/agora.xtec.cat\/escolajeronidemoragas\/wp-json\/wp\/v2\/users\/1"}],"replies":[{"embeddable":true,"href":"https:\/\/agora.xtec.cat\/escolajeronidemoragas\/wp-json\/wp\/v2\/comments?post=4066"}],"version-history":[{"count":3,"href":"https:\/\/agora.xtec.cat\/escolajeronidemoragas\/wp-json\/wp\/v2\/posts\/4066\/revisions"}],"predecessor-version":[{"id":4070,"href":"https:\/\/agora.xtec.cat\/escolajeronidemoragas\/wp-json\/wp\/v2\/posts\/4066\/revisions\/4070"}],"wp:featuredmedia":[{"embeddable":true,"href":"https:\/\/agora.xtec.cat\/escolajeronidemoragas\/wp-json\/wp\/v2\/media\/4063"}],"wp:attachment":[{"href":"https:\/\/agora.xtec.cat\/escolajeronidemoragas\/wp-json\/wp\/v2\/media?parent=4066"}],"wp:term":[{"taxonomy":"category","embeddable":true,"href":"https:\/\/agora.xtec.cat\/escolajeronidemoragas\/wp-json\/wp\/v2\/categories?post=4066"},{"taxonomy":"post_tag","embeddable":true,"href":"https:\/\/agora.xtec.cat\/escolajeronidemoragas\/wp-json\/wp\/v2\/tags?post=4066"}],"curies":[{"name":"wp","href":"https:\/\/api.w.org\/{rel}","templated":true}]}}