{"id":4056,"date":"2025-05-20T17:03:42","date_gmt":"2025-05-20T15:03:42","guid":{"rendered":"https:\/\/agora.xtec.cat\/escolajeronidemoragas\/?p=4056"},"modified":"2025-05-20T17:05:42","modified_gmt":"2025-05-20T15:05:42","slug":"trobada-especial-amb-lescola-itaca-%f0%9f%99%86%e2%99%82%ef%b8%8f%f0%9f%8f%ab","status":"publish","type":"post","link":"https:\/\/agora.xtec.cat\/escolajeronidemoragas\/general\/trobada-especial-amb-lescola-itaca-%f0%9f%99%86%e2%99%82%ef%b8%8f%f0%9f%8f%ab\/","title":{"rendered":"TROBADA ESPECIAL AMB L&#8217;ESCOLA \u00cdTACA \ud83d\ude46\u200d\u2642\ufe0f\ud83c\udfeb"},"content":{"rendered":"<div>\n<p class=\"\" data-start=\"53\" data-end=\"308\">El passat dilluns vam tenir una visita molt especial a l\u2019escola. Els <strong>nens i nenes d\u2019I3, I4 i I5 de l\u2019Escola \u00cdtaca<\/strong> ens van venir a veure en el marc d\u2019una jornada de conviv\u00e8ncia organitzada amb motiu de l\u2019escolaritzaci\u00f3 compartida d\u2019un dels nostres alumnes.<\/p>\n<p class=\"\" data-start=\"310\" data-end=\"624\">L&#8217;alumnat de TVA va preparar un conjunt d\u2019a<strong>ctivitats l\u00fadiques<\/strong> al pati de l\u2019escola per compartir amb els m\u00e9s petits. Va ser un mat\u00ed ple de <strong>jocs, rialles i complicitats<\/strong>. Tots els infants van poder gaudir plegats d\u2019un espai de relaci\u00f3 i diversi\u00f3 que, sens dubte, va afavorir la <strong>cohesi\u00f3 i la conviv\u00e8ncia<\/strong> entre escoles\ud83c\udf92 .<\/p>\n<p class=\"\" data-start=\"626\" data-end=\"781\">Seguim amb les compartides i aquesta setmana hem tingut una altra visita, fet que ens omple d\u2019alegria i refor\u00e7a el valor d\u2019aquestes trobades entre centres \u270c\ufe0f.<\/p>\n<p class=\"\" data-start=\"783\" data-end=\"1174\">L\u2019escolaritzaci\u00f3 compartida \u00e9s una oportunitat educativa molt valuosa que permet als alumnes beneficiar-se de les potencialitats de diferents entorns escolars. Aquest tipus d\u2019experi\u00e8ncies afavoreixen la inclusi\u00f3, enriqueixen l\u2019aprenentatge i fomenten el respecte per la diversitat. A m\u00e9s, contribueixen a<strong> establir vincles entre escoles<\/strong> i a generar espais de c<strong>ol\u00b7laboraci\u00f3 educativa i social.<\/strong><\/p>\n<\/div>\n<div><\/div>\n<div>\n\n\t\t<style type=\"text\/css\">\n\t\t\t#gallery-1 {\n\t\t\t\tmargin: auto;\n\t\t\t}\n\t\t\t#gallery-1 .gallery-item {\n\t\t\t\tfloat: left;\n\t\t\t\tmargin-top: 10px;\n\t\t\t\ttext-align: center;\n\t\t\t\twidth: 33%;\n\t\t\t}\n\t\t\t#gallery-1 img {\n\t\t\t\tborder: 2px solid #cfcfcf;\n\t\t\t}\n\t\t\t#gallery-1 .gallery-caption {\n\t\t\t\tmargin-left: 0;\n\t\t\t}\n\t\t\t\/* see gallery_shortcode() in wp-includes\/media.php *\/\n\t\t<\/style>\n\t\t<div id='gallery-1' class='gallery galleryid-4056 gallery-columns-3 gallery-size-large'><dl class='gallery-item'>\n\t\t\t<dt class='gallery-icon portrait'>\n\t\t\t\t<a href='https:\/\/agora.xtec.cat\/escolajeronidemoragas\/general\/trobada-especial-amb-lescola-itaca-%f0%9f%99%86%e2%99%82%ef%b8%8f%f0%9f%8f%ab\/attachment\/whatsapp-image-2025-05-19-at-13-19-22-5\/'><img loading=\"lazy\" decoding=\"async\" width=\"766\" height=\"1024\" src=\"https:\/\/agora.xtec.cat\/escolajeronidemoragas\/wp-content\/uploads\/usu2509\/2025\/05\/WhatsApp-Image-2025-05-19-at-13.19.22-5-766x1024.jpeg\" class=\"attachment-large size-large\" alt=\"\" srcset=\"https:\/\/agora.xtec.cat\/escolajeronidemoragas\/wp-content\/uploads\/usu2509\/2025\/05\/WhatsApp-Image-2025-05-19-at-13.19.22-5-766x1024.jpeg 766w, https:\/\/agora.xtec.cat\/escolajeronidemoragas\/wp-content\/uploads\/usu2509\/2025\/05\/WhatsApp-Image-2025-05-19-at-13.19.22-5-224x300.jpeg 224w, https:\/\/agora.xtec.cat\/escolajeronidemoragas\/wp-content\/uploads\/usu2509\/2025\/05\/WhatsApp-Image-2025-05-19-at-13.19.22-5-768x1027.jpeg 768w, https:\/\/agora.xtec.cat\/escolajeronidemoragas\/wp-content\/uploads\/usu2509\/2025\/05\/WhatsApp-Image-2025-05-19-at-13.19.22-5-1149x1536.jpeg 1149w, https:\/\/agora.xtec.cat\/escolajeronidemoragas\/wp-content\/uploads\/usu2509\/2025\/05\/WhatsApp-Image-2025-05-19-at-13.19.22-5.jpeg 1197w\" sizes=\"auto, (max-width: 766px) 100vw, 766px\" \/><\/a>\n\t\t\t<\/dt><\/dl><dl class='gallery-item'>\n\t\t\t<dt class='gallery-icon portrait'>\n\t\t\t\t<a href='https:\/\/agora.xtec.cat\/escolajeronidemoragas\/general\/trobada-especial-amb-lescola-itaca-%f0%9f%99%86%e2%99%82%ef%b8%8f%f0%9f%8f%ab\/attachment\/whatsapp-image-2025-05-19-at-13-19-06-1\/'><img loading=\"lazy\" decoding=\"async\" width=\"766\" height=\"1024\" src=\"https:\/\/agora.xtec.cat\/escolajeronidemoragas\/wp-content\/uploads\/usu2509\/2025\/05\/WhatsApp-Image-2025-05-19-at-13.19.06-1-766x1024.jpeg\" class=\"attachment-large size-large\" alt=\"\" srcset=\"https:\/\/agora.xtec.cat\/escolajeronidemoragas\/wp-content\/uploads\/usu2509\/2025\/05\/WhatsApp-Image-2025-05-19-at-13.19.06-1-766x1024.jpeg 766w, https:\/\/agora.xtec.cat\/escolajeronidemoragas\/wp-content\/uploads\/usu2509\/2025\/05\/WhatsApp-Image-2025-05-19-at-13.19.06-1-224x300.jpeg 224w, https:\/\/agora.xtec.cat\/escolajeronidemoragas\/wp-content\/uploads\/usu2509\/2025\/05\/WhatsApp-Image-2025-05-19-at-13.19.06-1-768x1027.jpeg 768w, https:\/\/agora.xtec.cat\/escolajeronidemoragas\/wp-content\/uploads\/usu2509\/2025\/05\/WhatsApp-Image-2025-05-19-at-13.19.06-1-1149x1536.jpeg 1149w, https:\/\/agora.xtec.cat\/escolajeronidemoragas\/wp-content\/uploads\/usu2509\/2025\/05\/WhatsApp-Image-2025-05-19-at-13.19.06-1.jpeg 1197w\" sizes=\"auto, (max-width: 766px) 100vw, 766px\" \/><\/a>\n\t\t\t<\/dt><\/dl><dl class='gallery-item'>\n\t\t\t<dt class='gallery-icon portrait'>\n\t\t\t\t<a href='https:\/\/agora.xtec.cat\/escolajeronidemoragas\/general\/trobada-especial-amb-lescola-itaca-%f0%9f%99%86%e2%99%82%ef%b8%8f%f0%9f%8f%ab\/attachment\/whatsapp-image-2025-05-19-at-13-19-11-1\/'><img loading=\"lazy\" decoding=\"async\" width=\"766\" height=\"1024\" src=\"https:\/\/agora.xtec.cat\/escolajeronidemoragas\/wp-content\/uploads\/usu2509\/2025\/05\/WhatsApp-Image-2025-05-19-at-13.19.11-1-766x1024.jpeg\" class=\"attachment-large size-large\" alt=\"\" srcset=\"https:\/\/agora.xtec.cat\/escolajeronidemoragas\/wp-content\/uploads\/usu2509\/2025\/05\/WhatsApp-Image-2025-05-19-at-13.19.11-1-766x1024.jpeg 766w, https:\/\/agora.xtec.cat\/escolajeronidemoragas\/wp-content\/uploads\/usu2509\/2025\/05\/WhatsApp-Image-2025-05-19-at-13.19.11-1-224x300.jpeg 224w, https:\/\/agora.xtec.cat\/escolajeronidemoragas\/wp-content\/uploads\/usu2509\/2025\/05\/WhatsApp-Image-2025-05-19-at-13.19.11-1-768x1027.jpeg 768w, https:\/\/agora.xtec.cat\/escolajeronidemoragas\/wp-content\/uploads\/usu2509\/2025\/05\/WhatsApp-Image-2025-05-19-at-13.19.11-1-1149x1536.jpeg 1149w, https:\/\/agora.xtec.cat\/escolajeronidemoragas\/wp-content\/uploads\/usu2509\/2025\/05\/WhatsApp-Image-2025-05-19-at-13.19.11-1.jpeg 1197w\" sizes=\"auto, (max-width: 766px) 100vw, 766px\" \/><\/a>\n\t\t\t<\/dt><\/dl><br style=\"clear: both\" \/>\n\t\t<\/div>\n\n<\/div>\n<div class=\"x_elementToProof\"><\/div>\n","protected":false},"excerpt":{"rendered":"<p>El passat dilluns vam tenir una visita molt especial a l\u2019escola. Els nens i nenes d\u2019I3, I4 i I5 de l\u2019Escola \u00cdtaca ens van venir a veure en el marc d\u2019una jornada de conviv\u00e8ncia organitzada amb motiu de l\u2019escolaritzaci\u00f3 compartida d\u2019un dels nostres alumnes.<br \/>\nL&#8217;alumnat de&hellip;  <a href=\"https:\/\/agora.xtec.cat\/escolajeronidemoragas\/general\/trobada-especial-amb-lescola-itaca-%f0%9f%99%86%e2%99%82%ef%b8%8f%f0%9f%8f%ab\/\" title=\"Read TROBADA ESPECIAL AMB L&#8217;ESCOLA \u00cdTACA \ud83d\ude46\u200d\u2642\ufe0f\ud83c\udfeb\">Llegeix m\u00e9s\u00bb<\/a><\/p>\n","protected":false},"author":1,"featured_media":4057,"comment_status":"open","ping_status":"closed","sticky":false,"template":"","format":"standard","meta":{"_bbp_topic_count":0,"_bbp_reply_count":0,"_bbp_total_topic_count":0,"_bbp_total_reply_count":0,"_bbp_voice_count":0,"_bbp_anonymous_reply_count":0,"_bbp_topic_count_hidden":0,"_bbp_reply_count_hidden":0,"_bbp_forum_subforum_count":0,"footnotes":""},"categories":[10,11,12,13,14,15,74,86,1,2,76,75,73,81,80,4,85,79],"tags":[],"class_list":["post-4056","post","type-post","status-publish","format-standard","has-post-thumbnail","hentry","category-1r","category-2n","category-3r","category-4t","category-5e","category-6e","category-abril","category-curs-2024-25","category-general","category-infantil-i-primaria","category-juny","category-maig","category-marc","category-novembre","category-octubre","category-portada","category-sensorial","category-setembre"],"post_mailing_queue_ids":[],"_links":{"self":[{"href":"https:\/\/agora.xtec.cat\/escolajeronidemoragas\/wp-json\/wp\/v2\/posts\/4056","targetHints":{"allow":["GET"]}}],"collection":[{"href":"https:\/\/agora.xtec.cat\/escolajeronidemoragas\/wp-json\/wp\/v2\/posts"}],"about":[{"href":"https:\/\/agora.xtec.cat\/escolajeronidemoragas\/wp-json\/wp\/v2\/types\/post"}],"author":[{"embeddable":true,"href":"https:\/\/agora.xtec.cat\/escolajeronidemoragas\/wp-json\/wp\/v2\/users\/1"}],"replies":[{"embeddable":true,"href":"https:\/\/agora.xtec.cat\/escolajeronidemoragas\/wp-json\/wp\/v2\/comments?post=4056"}],"version-history":[{"count":2,"href":"https:\/\/agora.xtec.cat\/escolajeronidemoragas\/wp-json\/wp\/v2\/posts\/4056\/revisions"}],"predecessor-version":[{"id":4061,"href":"https:\/\/agora.xtec.cat\/escolajeronidemoragas\/wp-json\/wp\/v2\/posts\/4056\/revisions\/4061"}],"wp:featuredmedia":[{"embeddable":true,"href":"https:\/\/agora.xtec.cat\/escolajeronidemoragas\/wp-json\/wp\/v2\/media\/4057"}],"wp:attachment":[{"href":"https:\/\/agora.xtec.cat\/escolajeronidemoragas\/wp-json\/wp\/v2\/media?parent=4056"}],"wp:term":[{"taxonomy":"category","embeddable":true,"href":"https:\/\/agora.xtec.cat\/escolajeronidemoragas\/wp-json\/wp\/v2\/categories?post=4056"},{"taxonomy":"post_tag","embeddable":true,"href":"https:\/\/agora.xtec.cat\/escolajeronidemoragas\/wp-json\/wp\/v2\/tags?post=4056"}],"curies":[{"name":"wp","href":"https:\/\/api.w.org\/{rel}","templated":true}]}}