{"id":4052,"date":"2025-05-17T13:21:50","date_gmt":"2025-05-17T11:21:50","guid":{"rendered":"https:\/\/agora.xtec.cat\/escolajeronidemoragas\/?p=4052"},"modified":"2025-05-17T13:31:53","modified_gmt":"2025-05-17T11:31:53","slug":"taller-de-joguines-adaptades","status":"publish","type":"post","link":"https:\/\/agora.xtec.cat\/escolajeronidemoragas\/general\/taller-de-joguines-adaptades\/","title":{"rendered":"TALLER DE JOGUINES ADAPTADES"},"content":{"rendered":"<p class=\"\" data-start=\"152\" data-end=\"375\">L&#8217;alumnat de<strong> Transici\u00f3 a la Vida Adulta (TVA)<\/strong> del nostre centre han visitat <strong>l\u2019Escola Doctor Ferrer d\u2019Art\u00e9s<\/strong> per compartir una activitat molt especial amb els nens i nenes de 5\u00e8 de prim\u00e0ria: <strong>un taller de joguines adaptades.<\/strong><\/p>\n<p class=\"\" data-start=\"377\" data-end=\"648\">Durant la jornada, els nostres alumnes van mostrar com es poden adaptar joguines perqu\u00e8 siguin accessibles a tothom, tot promovent la <strong>inclusi\u00f3 i el treball cooperatiu.<\/strong> Els infants d\u2019Art\u00e9s van participar activament i van gaudir molt descobrint aquest m\u00f3n de possibilitats!<\/p>\n<p class=\"\" data-start=\"650\" data-end=\"810\">Ara, els m\u00e9s petits del nostre centre ja comencen a gaudir de les joguines adaptades creades en aquesta bonica experi\u00e8ncia de col\u00b7laboraci\u00f3 i aprenentatge mutu.<\/p>\n<p class=\"\" data-start=\"812\" data-end=\"919\">Gr\u00e0cies a l\u2019Escola Dr. Ferrer per obrir-nos les portes i per compartir aquesta experi\u00e8ncia tan enriquidora!<\/p>\n<!--[if lt IE 9]><script>document.createElement('video');<\/script><![endif]-->\n\t<div class=\"wp-playlist wp-video-playlist wp-playlist-light\">\n\t\t<video controls=\"controls\" preload=\"none\" width=\"640\"\n\t\t height=\"360\"\t><\/video>\n\t<div class=\"wp-playlist-next\"><\/div>\n\t<div class=\"wp-playlist-prev\"><\/div>\n\t<noscript>\n\t<ol>\n\t\t<li><a href='https:\/\/agora.xtec.cat\/escolajeronidemoragas\/wp-content\/uploads\/usu2509\/2025\/05\/ezyZip.mp4'>ezyZip<\/a><\/li>\t<\/ol>\n\t<\/noscript>\n\t<script type=\"application\/json\" class=\"wp-playlist-script\">{\"type\":\"video\",\"tracklist\":true,\"tracknumbers\":true,\"images\":true,\"artists\":true,\"tracks\":[{\"src\":\"https:\\\/\\\/agora.xtec.cat\\\/escolajeronidemoragas\\\/wp-content\\\/uploads\\\/usu2509\\\/2025\\\/05\\\/ezyZip.mp4\",\"type\":\"video\\\/mp4\",\"title\":\"ezyZip\",\"caption\":\"\",\"description\":\"\",\"meta\":{\"length_formatted\":\"1:11\"},\"dimensions\":{\"original\":{\"width\":1920,\"height\":1080},\"resized\":{\"width\":640,\"height\":360}},\"image\":{\"src\":\"https:\\\/\\\/agora.xtec.cat\\\/escolajeronidemoragas\\\/wp-includes\\\/images\\\/media\\\/video.svg\",\"width\":48,\"height\":64},\"thumb\":{\"src\":\"https:\\\/\\\/agora.xtec.cat\\\/escolajeronidemoragas\\\/wp-includes\\\/images\\\/media\\\/video.svg\",\"width\":48,\"height\":64}}]}<\/script>\n<\/div>\n\t\n","protected":false},"excerpt":{"rendered":"<p>L&#8217;alumnat de Transici\u00f3 a la Vida Adulta (TVA) del nostre centre han visitat l\u2019Escola Doctor Ferrer d\u2019Art\u00e9s per compartir una activitat molt especial amb els nens i nenes de 5\u00e8 de prim\u00e0ria: un taller de joguines adaptades.<br \/>\nDurant la jornada, els nostres alumnes van mostrar com&hellip;  <a href=\"https:\/\/agora.xtec.cat\/escolajeronidemoragas\/general\/taller-de-joguines-adaptades\/\" title=\"Read TALLER DE JOGUINES ADAPTADES\">Llegeix m\u00e9s\u00bb<\/a><\/p>\n","protected":false},"author":1,"featured_media":4055,"comment_status":"open","ping_status":"closed","sticky":false,"template":"","format":"standard","meta":{"_bbp_topic_count":0,"_bbp_reply_count":0,"_bbp_total_topic_count":0,"_bbp_total_reply_count":0,"_bbp_voice_count":0,"_bbp_anonymous_reply_count":0,"_bbp_topic_count_hidden":0,"_bbp_reply_count_hidden":0,"_bbp_forum_subforum_count":0,"footnotes":""},"categories":[10,11,12,13,14,15,74,86,83,72,71,1,2,76,75,73,81,80,4,85,79,84],"tags":[],"class_list":["post-4052","post","type-post","status-publish","format-standard","has-post-thumbnail","hentry","category-1r","category-2n","category-3r","category-4t","category-5e","category-6e","category-abril","category-curs-2024-25","category-eso","category-febrer","category-gener","category-general","category-infantil-i-primaria","category-juny","category-maig","category-marc","category-novembre","category-octubre","category-portada","category-sensorial","category-setembre","category-tva"],"post_mailing_queue_ids":[],"_links":{"self":[{"href":"https:\/\/agora.xtec.cat\/escolajeronidemoragas\/wp-json\/wp\/v2\/posts\/4052","targetHints":{"allow":["GET"]}}],"collection":[{"href":"https:\/\/agora.xtec.cat\/escolajeronidemoragas\/wp-json\/wp\/v2\/posts"}],"about":[{"href":"https:\/\/agora.xtec.cat\/escolajeronidemoragas\/wp-json\/wp\/v2\/types\/post"}],"author":[{"embeddable":true,"href":"https:\/\/agora.xtec.cat\/escolajeronidemoragas\/wp-json\/wp\/v2\/users\/1"}],"replies":[{"embeddable":true,"href":"https:\/\/agora.xtec.cat\/escolajeronidemoragas\/wp-json\/wp\/v2\/comments?post=4052"}],"version-history":[{"count":1,"href":"https:\/\/agora.xtec.cat\/escolajeronidemoragas\/wp-json\/wp\/v2\/posts\/4052\/revisions"}],"predecessor-version":[{"id":4054,"href":"https:\/\/agora.xtec.cat\/escolajeronidemoragas\/wp-json\/wp\/v2\/posts\/4052\/revisions\/4054"}],"wp:featuredmedia":[{"embeddable":true,"href":"https:\/\/agora.xtec.cat\/escolajeronidemoragas\/wp-json\/wp\/v2\/media\/4055"}],"wp:attachment":[{"href":"https:\/\/agora.xtec.cat\/escolajeronidemoragas\/wp-json\/wp\/v2\/media?parent=4052"}],"wp:term":[{"taxonomy":"category","embeddable":true,"href":"https:\/\/agora.xtec.cat\/escolajeronidemoragas\/wp-json\/wp\/v2\/categories?post=4052"},{"taxonomy":"post_tag","embeddable":true,"href":"https:\/\/agora.xtec.cat\/escolajeronidemoragas\/wp-json\/wp\/v2\/tags?post=4052"}],"curies":[{"name":"wp","href":"https:\/\/api.w.org\/{rel}","templated":true}]}}