{"id":4012,"date":"2025-05-09T14:39:02","date_gmt":"2025-05-09T12:39:02","guid":{"rendered":"https:\/\/agora.xtec.cat\/escolajeronidemoragas\/?p=4012"},"modified":"2025-05-09T14:39:45","modified_gmt":"2025-05-09T12:39:45","slug":"entrega-de-la-3a-edicio-dels-premis-drac-%f0%9f%93%9a","status":"publish","type":"post","link":"https:\/\/agora.xtec.cat\/escolajeronidemoragas\/general\/entrega-de-la-3a-edicio-dels-premis-drac-%f0%9f%93%9a\/","title":{"rendered":"ENTREGA DE LA 3a EDICI\u00d3 DELS PREMIS DRAC \ud83d\udcda"},"content":{"rendered":"<p class=\"\" data-start=\"180\" data-end=\"429\">Aquest dijous 8 de maig es va celebrar l\u2019entrega dels premis de la <strong data-start=\"247\" data-end=\"277\">3a Edici\u00f3 dels Premis Drac<\/strong>, els premis literaris organitzats per l\u2019escola <strong data-start=\"325\" data-end=\"355\">Jeroni de Moragas (AMPANS)<\/strong> i adre\u00e7ats a totes les escoles i instituts de <strong data-start=\"402\" data-end=\"428\">Santpedor i Castellnou<\/strong>.<\/p>\n<p class=\"\" data-start=\"431\" data-end=\"953\">Enguany, el g\u00e8nere treballat ha estat el <strong data-start=\"472\" data-end=\"487\">cal\u00b7ligrama<\/strong>, una forma art\u00edstica que combina la paraula escrita amb la imatge, i que ha despertat la creativitat de tots els participants. L&#8217;alumnat ha tingut temps fins al <strong data-start=\"649\" data-end=\"663\">14 de mar\u00e7<\/strong> per presentar les seves obres, que han estat valorades amb molta cura pel jurat. Els guanyadors es van anunciar el passat <strong data-start=\"786\" data-end=\"800\">23 d\u2019abril<\/strong>, coincidint amb la Diada de Sant Jordi, i els premis s\u2019han lliurat aquest dijous amb molta emoci\u00f3 i reconeixement per a totes les creacions presentades.<\/p>\n<p class=\"\" data-start=\"955\" data-end=\"1251\">Des de l\u2019organitzaci\u00f3 dels Premis Drac, <strong data-start=\"995\" data-end=\"1098\">volen agrair la participaci\u00f3 de totes les escoles que han col\u00b7laborat en aquesta edici\u00f3<\/strong>. Els ha fet molta il\u00b7lusi\u00f3 rebre tantes propostes creatives i de gran qualitat per part dels i les alumnes, i estem molt contents de la resposta rebuda.<\/p>\n<p class=\"\" data-start=\"1253\" data-end=\"1301\">Aquest any, <strong data-start=\"1265\" data-end=\"1300\">les obres guanyadores han estat<\/strong>:<\/p>\n<ul>\n<li style=\"list-style-type: none;\">\n<ul data-start=\"1303\" data-end=\"1763\">\n<li class=\"\" data-start=\"1303\" data-end=\"1436\">\n<p class=\"\" data-start=\"1305\" data-end=\"1436\"><strong data-start=\"1305\" data-end=\"1344\">Categoria prim\u00e0ria (cicle inicial):<\/strong> <em data-start=\"1345\" data-end=\"1373\">Les bruixes i les maduixes<\/em> de Les flors i les abelles (aula de 1r de l\u2019escola L\u2019Olivar)<\/p>\n<\/li>\n<li class=\"\" data-start=\"1437\" data-end=\"1534\">\n<p class=\"\" data-start=\"1439\" data-end=\"1534\"><strong data-start=\"1439\" data-end=\"1476\">Categoria prim\u00e0ria (cicle mitj\u00e0):<\/strong> <em data-start=\"1477\" data-end=\"1485\">La pau<\/em> de El diable (aula de 4t de l\u2019escola Riu d\u2019Or)<\/p>\n<\/li>\n<li class=\"\" data-start=\"1535\" data-end=\"1643\">\n<p class=\"\" data-start=\"1537\" data-end=\"1643\"><strong data-start=\"1537\" data-end=\"1577\">Categoria prim\u00e0ria (cicle superior):<\/strong> <em data-start=\"1578\" data-end=\"1590\">Tradicions<\/em> de Els barretins (aula de 6\u00e8 de l\u2019escola L\u2019Olivar)<\/p>\n<\/li>\n<li class=\"\" data-start=\"1644\" data-end=\"1763\">\n<p class=\"\" data-start=\"1646\" data-end=\"1763\"><strong data-start=\"1646\" data-end=\"1664\">Categoria ESO:<\/strong> <em data-start=\"1665\" data-end=\"1683\">La vida de Gaud\u00ed<\/em> de Les tallarines enllaunades m\u00e9s guais (aula C6 de l\u2019escola Jeroni de Moragas)<\/p>\n<\/li>\n<\/ul>\n<\/li>\n<\/ul>\n<p class=\"\" data-start=\"1765\" data-end=\"1795\"><strong data-start=\"1765\" data-end=\"1795\">Enhorabona a tothom!!!<\/strong><\/p>\n<p class=\"\" data-start=\"1797\" data-end=\"2077\">Volem felicitar especialment els grups guanyadors i <strong data-start=\"1849\" data-end=\"1923\">agrair l\u2019entusiasme, l\u2019esfor\u00e7 i la qualitat de totes les obres rebudes<\/strong>. Ha estat una edici\u00f3 plena d\u2019imaginaci\u00f3 i sensibilitat art\u00edstica, que consolida els Premis Drac com una cita liter\u00e0ria de refer\u00e8ncia al nostre territori.<\/p>\n<p class=\"\" data-start=\"2079\" data-end=\"2142\"><strong data-start=\"2079\" data-end=\"2142\">Us animem a continuar participant en les properes edicions! \ud83d\udcda<\/strong><\/p>\n\n\t\t<style type=\"text\/css\">\n\t\t\t#gallery-1 {\n\t\t\t\tmargin: auto;\n\t\t\t}\n\t\t\t#gallery-1 .gallery-item {\n\t\t\t\tfloat: left;\n\t\t\t\tmargin-top: 10px;\n\t\t\t\ttext-align: center;\n\t\t\t\twidth: 33%;\n\t\t\t}\n\t\t\t#gallery-1 img {\n\t\t\t\tborder: 2px solid #cfcfcf;\n\t\t\t}\n\t\t\t#gallery-1 .gallery-caption {\n\t\t\t\tmargin-left: 0;\n\t\t\t}\n\t\t\t\/* see gallery_shortcode() in wp-includes\/media.php *\/\n\t\t<\/style>\n\t\t<div id='gallery-1' class='gallery galleryid-4012 gallery-columns-3 gallery-size-large'><dl class='gallery-item'>\n\t\t\t<dt class='gallery-icon landscape'>\n\t\t\t\t<a href='https:\/\/agora.xtec.cat\/escolajeronidemoragas\/general\/entrega-de-la-3a-edicio-dels-premis-drac-%f0%9f%93%9a\/attachment\/logo-premis-drac-copia-3\/'><img loading=\"lazy\" decoding=\"async\" width=\"1000\" height=\"1000\" src=\"https:\/\/agora.xtec.cat\/escolajeronidemoragas\/wp-content\/uploads\/usu2509\/2025\/05\/Logo-Premis-Drac-copia.png\" class=\"attachment-large size-large\" alt=\"\" srcset=\"https:\/\/agora.xtec.cat\/escolajeronidemoragas\/wp-content\/uploads\/usu2509\/2025\/05\/Logo-Premis-Drac-copia.png 1000w, https:\/\/agora.xtec.cat\/escolajeronidemoragas\/wp-content\/uploads\/usu2509\/2025\/05\/Logo-Premis-Drac-copia-300x300.png 300w, https:\/\/agora.xtec.cat\/escolajeronidemoragas\/wp-content\/uploads\/usu2509\/2025\/05\/Logo-Premis-Drac-copia-150x150.png 150w, https:\/\/agora.xtec.cat\/escolajeronidemoragas\/wp-content\/uploads\/usu2509\/2025\/05\/Logo-Premis-Drac-copia-768x768.png 768w\" sizes=\"auto, (max-width: 1000px) 100vw, 1000px\" \/><\/a>\n\t\t\t<\/dt><\/dl><dl class='gallery-item'>\n\t\t\t<dt class='gallery-icon portrait'>\n\t\t\t\t<a href='https:\/\/agora.xtec.cat\/escolajeronidemoragas\/general\/entrega-de-la-3a-edicio-dels-premis-drac-%f0%9f%93%9a\/attachment\/img-20250508-wa0061\/'><img loading=\"lazy\" decoding=\"async\" width=\"733\" height=\"1024\" src=\"https:\/\/agora.xtec.cat\/escolajeronidemoragas\/wp-content\/uploads\/usu2509\/2025\/05\/IMG-20250508-WA0061-733x1024.jpg\" class=\"attachment-large size-large\" alt=\"\" srcset=\"https:\/\/agora.xtec.cat\/escolajeronidemoragas\/wp-content\/uploads\/usu2509\/2025\/05\/IMG-20250508-WA0061-733x1024.jpg 733w, https:\/\/agora.xtec.cat\/escolajeronidemoragas\/wp-content\/uploads\/usu2509\/2025\/05\/IMG-20250508-WA0061-215x300.jpg 215w, https:\/\/agora.xtec.cat\/escolajeronidemoragas\/wp-content\/uploads\/usu2509\/2025\/05\/IMG-20250508-WA0061-768x1073.jpg 768w, https:\/\/agora.xtec.cat\/escolajeronidemoragas\/wp-content\/uploads\/usu2509\/2025\/05\/IMG-20250508-WA0061-1099x1536.jpg 1099w, https:\/\/agora.xtec.cat\/escolajeronidemoragas\/wp-content\/uploads\/usu2509\/2025\/05\/IMG-20250508-WA0061.jpg 1170w\" sizes=\"auto, (max-width: 733px) 100vw, 733px\" \/><\/a>\n\t\t\t<\/dt><\/dl><dl class='gallery-item'>\n\t\t\t<dt class='gallery-icon landscape'>\n\t\t\t\t<a href='https:\/\/agora.xtec.cat\/escolajeronidemoragas\/general\/entrega-de-la-3a-edicio-dels-premis-drac-%f0%9f%93%9a\/attachment\/img-20250508-wa0062\/'><img loading=\"lazy\" decoding=\"async\" width=\"529\" height=\"306\" src=\"https:\/\/agora.xtec.cat\/escolajeronidemoragas\/wp-content\/uploads\/usu2509\/2025\/05\/IMG-20250508-WA0062.jpg\" class=\"attachment-large size-large\" alt=\"\" srcset=\"https:\/\/agora.xtec.cat\/escolajeronidemoragas\/wp-content\/uploads\/usu2509\/2025\/05\/IMG-20250508-WA0062.jpg 529w, https:\/\/agora.xtec.cat\/escolajeronidemoragas\/wp-content\/uploads\/usu2509\/2025\/05\/IMG-20250508-WA0062-300x174.jpg 300w\" sizes=\"auto, (max-width: 529px) 100vw, 529px\" \/><\/a>\n\t\t\t<\/dt><\/dl><br style=\"clear: both\" \/><dl class='gallery-item'>\n\t\t\t<dt class='gallery-icon portrait'>\n\t\t\t\t<a href='https:\/\/agora.xtec.cat\/escolajeronidemoragas\/general\/entrega-de-la-3a-edicio-dels-premis-drac-%f0%9f%93%9a\/attachment\/img-20250508-wa0060\/'><img loading=\"lazy\" decoding=\"async\" width=\"768\" height=\"1024\" src=\"https:\/\/agora.xtec.cat\/escolajeronidemoragas\/wp-content\/uploads\/usu2509\/2025\/05\/IMG-20250508-WA0060-768x1024.jpg\" class=\"attachment-large size-large\" alt=\"\" srcset=\"https:\/\/agora.xtec.cat\/escolajeronidemoragas\/wp-content\/uploads\/usu2509\/2025\/05\/IMG-20250508-WA0060-768x1024.jpg 768w, https:\/\/agora.xtec.cat\/escolajeronidemoragas\/wp-content\/uploads\/usu2509\/2025\/05\/IMG-20250508-WA0060-225x300.jpg 225w, https:\/\/agora.xtec.cat\/escolajeronidemoragas\/wp-content\/uploads\/usu2509\/2025\/05\/IMG-20250508-WA0060-1152x1536.jpg 1152w, https:\/\/agora.xtec.cat\/escolajeronidemoragas\/wp-content\/uploads\/usu2509\/2025\/05\/IMG-20250508-WA0060.jpg 1536w\" sizes=\"auto, (max-width: 768px) 100vw, 768px\" \/><\/a>\n\t\t\t<\/dt><\/dl><dl class='gallery-item'>\n\t\t\t<dt class='gallery-icon portrait'>\n\t\t\t\t<a href='https:\/\/agora.xtec.cat\/escolajeronidemoragas\/general\/entrega-de-la-3a-edicio-dels-premis-drac-%f0%9f%93%9a\/attachment\/img-20250508-wa0063\/'><img loading=\"lazy\" decoding=\"async\" width=\"768\" height=\"1024\" src=\"https:\/\/agora.xtec.cat\/escolajeronidemoragas\/wp-content\/uploads\/usu2509\/2025\/05\/IMG-20250508-WA0063-768x1024.jpg\" class=\"attachment-large size-large\" alt=\"\" srcset=\"https:\/\/agora.xtec.cat\/escolajeronidemoragas\/wp-content\/uploads\/usu2509\/2025\/05\/IMG-20250508-WA0063-768x1024.jpg 768w, https:\/\/agora.xtec.cat\/escolajeronidemoragas\/wp-content\/uploads\/usu2509\/2025\/05\/IMG-20250508-WA0063-225x300.jpg 225w, https:\/\/agora.xtec.cat\/escolajeronidemoragas\/wp-content\/uploads\/usu2509\/2025\/05\/IMG-20250508-WA0063-1152x1536.jpg 1152w, https:\/\/agora.xtec.cat\/escolajeronidemoragas\/wp-content\/uploads\/usu2509\/2025\/05\/IMG-20250508-WA0063.jpg 1200w\" sizes=\"auto, (max-width: 768px) 100vw, 768px\" \/><\/a>\n\t\t\t<\/dt><\/dl><dl class='gallery-item'>\n\t\t\t<dt class='gallery-icon portrait'>\n\t\t\t\t<a href='https:\/\/agora.xtec.cat\/escolajeronidemoragas\/general\/entrega-de-la-3a-edicio-dels-premis-drac-%f0%9f%93%9a\/attachment\/img-20250509-wa0009\/'><img loading=\"lazy\" decoding=\"async\" width=\"768\" height=\"1024\" src=\"https:\/\/agora.xtec.cat\/escolajeronidemoragas\/wp-content\/uploads\/usu2509\/2025\/05\/IMG-20250509-WA0009-768x1024.jpg\" class=\"attachment-large size-large\" alt=\"\" srcset=\"https:\/\/agora.xtec.cat\/escolajeronidemoragas\/wp-content\/uploads\/usu2509\/2025\/05\/IMG-20250509-WA0009-768x1024.jpg 768w, https:\/\/agora.xtec.cat\/escolajeronidemoragas\/wp-content\/uploads\/usu2509\/2025\/05\/IMG-20250509-WA0009-225x300.jpg 225w, https:\/\/agora.xtec.cat\/escolajeronidemoragas\/wp-content\/uploads\/usu2509\/2025\/05\/IMG-20250509-WA0009-1152x1536.jpg 1152w, https:\/\/agora.xtec.cat\/escolajeronidemoragas\/wp-content\/uploads\/usu2509\/2025\/05\/IMG-20250509-WA0009.jpg 1536w\" sizes=\"auto, (max-width: 768px) 100vw, 768px\" \/><\/a>\n\t\t\t<\/dt><\/dl><br style=\"clear: both\" \/>\n\t\t<\/div>\n\n","protected":false},"excerpt":{"rendered":"<p>Aquest dijous 8 de maig es va celebrar l\u2019entrega dels premis de la 3a Edici\u00f3 dels Premis Drac, els premis literaris organitzats per l\u2019escola Jeroni de Moragas (AMPANS) i adre\u00e7ats a totes les escoles i instituts de Santpedor i Castellnou.<br \/>\nEnguany, el g\u00e8nere treballat ha estat&hellip;  <a href=\"https:\/\/agora.xtec.cat\/escolajeronidemoragas\/general\/entrega-de-la-3a-edicio-dels-premis-drac-%f0%9f%93%9a\/\" title=\"Read ENTREGA DE LA 3a EDICI\u00d3 DELS PREMIS DRAC \ud83d\udcda\">Llegeix m\u00e9s\u00bb<\/a><\/p>\n","protected":false},"author":1,"featured_media":4018,"comment_status":"open","ping_status":"closed","sticky":false,"template":"","format":"standard","meta":{"_bbp_topic_count":0,"_bbp_reply_count":0,"_bbp_total_topic_count":0,"_bbp_total_reply_count":0,"_bbp_voice_count":0,"_bbp_anonymous_reply_count":0,"_bbp_topic_count_hidden":0,"_bbp_reply_count_hidden":0,"_bbp_forum_subforum_count":0,"footnotes":""},"categories":[10,11,12,13,14,15,74,86,83,72,71,1,2,75,73,4,85],"tags":[],"class_list":["post-4012","post","type-post","status-publish","format-standard","has-post-thumbnail","hentry","category-1r","category-2n","category-3r","category-4t","category-5e","category-6e","category-abril","category-curs-2024-25","category-eso","category-febrer","category-gener","category-general","category-infantil-i-primaria","category-maig","category-marc","category-portada","category-sensorial"],"post_mailing_queue_ids":[],"_links":{"self":[{"href":"https:\/\/agora.xtec.cat\/escolajeronidemoragas\/wp-json\/wp\/v2\/posts\/4012","targetHints":{"allow":["GET"]}}],"collection":[{"href":"https:\/\/agora.xtec.cat\/escolajeronidemoragas\/wp-json\/wp\/v2\/posts"}],"about":[{"href":"https:\/\/agora.xtec.cat\/escolajeronidemoragas\/wp-json\/wp\/v2\/types\/post"}],"author":[{"embeddable":true,"href":"https:\/\/agora.xtec.cat\/escolajeronidemoragas\/wp-json\/wp\/v2\/users\/1"}],"replies":[{"embeddable":true,"href":"https:\/\/agora.xtec.cat\/escolajeronidemoragas\/wp-json\/wp\/v2\/comments?post=4012"}],"version-history":[{"count":1,"href":"https:\/\/agora.xtec.cat\/escolajeronidemoragas\/wp-json\/wp\/v2\/posts\/4012\/revisions"}],"predecessor-version":[{"id":4019,"href":"https:\/\/agora.xtec.cat\/escolajeronidemoragas\/wp-json\/wp\/v2\/posts\/4012\/revisions\/4019"}],"wp:featuredmedia":[{"embeddable":true,"href":"https:\/\/agora.xtec.cat\/escolajeronidemoragas\/wp-json\/wp\/v2\/media\/4018"}],"wp:attachment":[{"href":"https:\/\/agora.xtec.cat\/escolajeronidemoragas\/wp-json\/wp\/v2\/media?parent=4012"}],"wp:term":[{"taxonomy":"category","embeddable":true,"href":"https:\/\/agora.xtec.cat\/escolajeronidemoragas\/wp-json\/wp\/v2\/categories?post=4012"},{"taxonomy":"post_tag","embeddable":true,"href":"https:\/\/agora.xtec.cat\/escolajeronidemoragas\/wp-json\/wp\/v2\/tags?post=4012"}],"curies":[{"name":"wp","href":"https:\/\/api.w.org\/{rel}","templated":true}]}}