{"id":3830,"date":"2025-04-05T10:00:40","date_gmt":"2025-04-05T08:00:40","guid":{"rendered":"https:\/\/agora.xtec.cat\/escolajeronidemoragas\/?p=3830"},"modified":"2025-04-05T10:02:03","modified_gmt":"2025-04-05T08:02:03","slug":"curses-somriures-i-molta-emocio-a-la-jornada-acell%f0%9f%8f%85","status":"publish","type":"post","link":"https:\/\/agora.xtec.cat\/escolajeronidemoragas\/general\/curses-somriures-i-molta-emocio-a-la-jornada-acell%f0%9f%8f%85\/","title":{"rendered":"CURSES, SOMRIURES I MOLTA EMOCI\u00d3 A LA JORNADA ACELL!\ud83c\udfc5"},"content":{"rendered":"<p class=\"\" data-start=\"135\" data-end=\"379\">Aquest passat dijous vam viure una jornada molt especial a l\u2019Estadi de la B\u00f2bila amb la celebraci\u00f3 de la <strong data-start=\"282\" data-end=\"340\">Jornada d\u2019Atletisme organitzada per la Federaci\u00f3 ACELL<\/strong>. Va ser un dia intens i emocionant, en qu\u00e8 l\u2019esport va ser el fil conductor de valors com la inclusi\u00f3, la superaci\u00f3 i la conviv\u00e8ncia.<\/p>\n<p class=\"\" data-start=\"476\" data-end=\"865\">Amb un total de <strong data-start=\"492\" data-end=\"512\">364 participants<\/strong>, aquestes jornades representen una gran oportunitat per promoure el desenvolupament esportiu dels alumnes amb discapacitat intel\u00b7lectual. La <strong data-start=\"654\" data-end=\"693\">diversitat i la participaci\u00f3 activa<\/strong> es van fer ben visibles a cada prova, on els nostres alumnes van demostrar les seves habilitats amb entusiasme, compartint l\u2019experi\u00e8ncia amb nois i noies d\u2019altres centres.<\/p>\n<p class=\"\" data-start=\"867\" data-end=\"1084\">Estem molt orgullosos i content\u00edssims de veure com cada alumne va donar el millor de si mateix, en un ambient d\u2019energia positiva i solidaritat. Va ser una jornada <strong data-start=\"1030\" data-end=\"1072\">inoblidable, emocionant i engrescadora<\/strong> per a tots!<\/p>\n<p class=\"\" data-start=\"1086\" data-end=\"1153\"><strong data-start=\"1086\" data-end=\"1143\">Gr\u00e0cies a totes les persones que ho vau fer possible!<\/strong> \ud83d\udc99\ud83c\udfc3\u200d\u2640\ufe0f\ud83c\udfc5<\/p>\n\n\t\t<style type=\"text\/css\">\n\t\t\t#gallery-1 {\n\t\t\t\tmargin: auto;\n\t\t\t}\n\t\t\t#gallery-1 .gallery-item {\n\t\t\t\tfloat: left;\n\t\t\t\tmargin-top: 10px;\n\t\t\t\ttext-align: center;\n\t\t\t\twidth: 33%;\n\t\t\t}\n\t\t\t#gallery-1 img {\n\t\t\t\tborder: 2px solid #cfcfcf;\n\t\t\t}\n\t\t\t#gallery-1 .gallery-caption {\n\t\t\t\tmargin-left: 0;\n\t\t\t}\n\t\t\t\/* see gallery_shortcode() in wp-includes\/media.php *\/\n\t\t<\/style>\n\t\t<div id='gallery-1' class='gallery galleryid-3830 gallery-columns-3 gallery-size-large'><dl class='gallery-item'>\n\t\t\t<dt class='gallery-icon portrait'>\n\t\t\t\t<a href='https:\/\/agora.xtec.cat\/escolajeronidemoragas\/general\/curses-somriures-i-molta-emocio-a-la-jornada-acell%f0%9f%8f%85\/attachment\/whatsapp-image-2025-04-04-at-10-06-49\/'><img loading=\"lazy\" decoding=\"async\" width=\"768\" height=\"1024\" src=\"https:\/\/agora.xtec.cat\/escolajeronidemoragas\/wp-content\/uploads\/usu2509\/2025\/04\/WhatsApp-Image-2025-04-04-at-10.06.49-768x1024.jpeg\" class=\"attachment-large size-large\" alt=\"\" srcset=\"https:\/\/agora.xtec.cat\/escolajeronidemoragas\/wp-content\/uploads\/usu2509\/2025\/04\/WhatsApp-Image-2025-04-04-at-10.06.49-768x1024.jpeg 768w, https:\/\/agora.xtec.cat\/escolajeronidemoragas\/wp-content\/uploads\/usu2509\/2025\/04\/WhatsApp-Image-2025-04-04-at-10.06.49-225x300.jpeg 225w, https:\/\/agora.xtec.cat\/escolajeronidemoragas\/wp-content\/uploads\/usu2509\/2025\/04\/WhatsApp-Image-2025-04-04-at-10.06.49-1152x1536.jpeg 1152w, https:\/\/agora.xtec.cat\/escolajeronidemoragas\/wp-content\/uploads\/usu2509\/2025\/04\/WhatsApp-Image-2025-04-04-at-10.06.49.jpeg 1200w\" sizes=\"auto, (max-width: 768px) 100vw, 768px\" \/><\/a>\n\t\t\t<\/dt><\/dl><dl class='gallery-item'>\n\t\t\t<dt class='gallery-icon portrait'>\n\t\t\t\t<a href='https:\/\/agora.xtec.cat\/escolajeronidemoragas\/general\/curses-somriures-i-molta-emocio-a-la-jornada-acell%f0%9f%8f%85\/attachment\/whatsapp-image-2025-04-04-at-10-06-52\/'><img loading=\"lazy\" decoding=\"async\" width=\"768\" height=\"1024\" src=\"https:\/\/agora.xtec.cat\/escolajeronidemoragas\/wp-content\/uploads\/usu2509\/2025\/04\/WhatsApp-Image-2025-04-04-at-10.06.52-768x1024.jpeg\" class=\"attachment-large size-large\" alt=\"\" srcset=\"https:\/\/agora.xtec.cat\/escolajeronidemoragas\/wp-content\/uploads\/usu2509\/2025\/04\/WhatsApp-Image-2025-04-04-at-10.06.52-768x1024.jpeg 768w, https:\/\/agora.xtec.cat\/escolajeronidemoragas\/wp-content\/uploads\/usu2509\/2025\/04\/WhatsApp-Image-2025-04-04-at-10.06.52-225x300.jpeg 225w, https:\/\/agora.xtec.cat\/escolajeronidemoragas\/wp-content\/uploads\/usu2509\/2025\/04\/WhatsApp-Image-2025-04-04-at-10.06.52-1152x1536.jpeg 1152w, https:\/\/agora.xtec.cat\/escolajeronidemoragas\/wp-content\/uploads\/usu2509\/2025\/04\/WhatsApp-Image-2025-04-04-at-10.06.52.jpeg 1200w\" sizes=\"auto, (max-width: 768px) 100vw, 768px\" \/><\/a>\n\t\t\t<\/dt><\/dl><dl class='gallery-item'>\n\t\t\t<dt class='gallery-icon portrait'>\n\t\t\t\t<a href='https:\/\/agora.xtec.cat\/escolajeronidemoragas\/general\/curses-somriures-i-molta-emocio-a-la-jornada-acell%f0%9f%8f%85\/attachment\/whatsapp-image-2025-04-04-at-10-06-56\/'><img loading=\"lazy\" decoding=\"async\" width=\"768\" height=\"1024\" src=\"https:\/\/agora.xtec.cat\/escolajeronidemoragas\/wp-content\/uploads\/usu2509\/2025\/04\/WhatsApp-Image-2025-04-04-at-10.06.56-768x1024.jpeg\" class=\"attachment-large size-large\" alt=\"\" srcset=\"https:\/\/agora.xtec.cat\/escolajeronidemoragas\/wp-content\/uploads\/usu2509\/2025\/04\/WhatsApp-Image-2025-04-04-at-10.06.56-768x1024.jpeg 768w, https:\/\/agora.xtec.cat\/escolajeronidemoragas\/wp-content\/uploads\/usu2509\/2025\/04\/WhatsApp-Image-2025-04-04-at-10.06.56-225x300.jpeg 225w, https:\/\/agora.xtec.cat\/escolajeronidemoragas\/wp-content\/uploads\/usu2509\/2025\/04\/WhatsApp-Image-2025-04-04-at-10.06.56-1152x1536.jpeg 1152w, https:\/\/agora.xtec.cat\/escolajeronidemoragas\/wp-content\/uploads\/usu2509\/2025\/04\/WhatsApp-Image-2025-04-04-at-10.06.56.jpeg 1200w\" sizes=\"auto, (max-width: 768px) 100vw, 768px\" \/><\/a>\n\t\t\t<\/dt><\/dl><br style=\"clear: both\" \/><dl class='gallery-item'>\n\t\t\t<dt class='gallery-icon portrait'>\n\t\t\t\t<a href='https:\/\/agora.xtec.cat\/escolajeronidemoragas\/general\/curses-somriures-i-molta-emocio-a-la-jornada-acell%f0%9f%8f%85\/attachment\/whatsapp-image-2025-04-04-at-10-06-59\/'><img loading=\"lazy\" decoding=\"async\" width=\"768\" height=\"1024\" src=\"https:\/\/agora.xtec.cat\/escolajeronidemoragas\/wp-content\/uploads\/usu2509\/2025\/04\/WhatsApp-Image-2025-04-04-at-10.06.59-768x1024.jpeg\" class=\"attachment-large size-large\" alt=\"\" srcset=\"https:\/\/agora.xtec.cat\/escolajeronidemoragas\/wp-content\/uploads\/usu2509\/2025\/04\/WhatsApp-Image-2025-04-04-at-10.06.59-768x1024.jpeg 768w, https:\/\/agora.xtec.cat\/escolajeronidemoragas\/wp-content\/uploads\/usu2509\/2025\/04\/WhatsApp-Image-2025-04-04-at-10.06.59-225x300.jpeg 225w, https:\/\/agora.xtec.cat\/escolajeronidemoragas\/wp-content\/uploads\/usu2509\/2025\/04\/WhatsApp-Image-2025-04-04-at-10.06.59-1152x1536.jpeg 1152w, https:\/\/agora.xtec.cat\/escolajeronidemoragas\/wp-content\/uploads\/usu2509\/2025\/04\/WhatsApp-Image-2025-04-04-at-10.06.59.jpeg 1200w\" sizes=\"auto, (max-width: 768px) 100vw, 768px\" \/><\/a>\n\t\t\t<\/dt><\/dl><dl class='gallery-item'>\n\t\t\t<dt class='gallery-icon portrait'>\n\t\t\t\t<a href='https:\/\/agora.xtec.cat\/escolajeronidemoragas\/general\/curses-somriures-i-molta-emocio-a-la-jornada-acell%f0%9f%8f%85\/attachment\/whatsapp-image-2025-04-04-at-10-07-08\/'><img loading=\"lazy\" decoding=\"async\" width=\"768\" height=\"1024\" src=\"https:\/\/agora.xtec.cat\/escolajeronidemoragas\/wp-content\/uploads\/usu2509\/2025\/04\/WhatsApp-Image-2025-04-04-at-10.07.08-768x1024.jpeg\" class=\"attachment-large size-large\" alt=\"\" srcset=\"https:\/\/agora.xtec.cat\/escolajeronidemoragas\/wp-content\/uploads\/usu2509\/2025\/04\/WhatsApp-Image-2025-04-04-at-10.07.08-768x1024.jpeg 768w, https:\/\/agora.xtec.cat\/escolajeronidemoragas\/wp-content\/uploads\/usu2509\/2025\/04\/WhatsApp-Image-2025-04-04-at-10.07.08-225x300.jpeg 225w, https:\/\/agora.xtec.cat\/escolajeronidemoragas\/wp-content\/uploads\/usu2509\/2025\/04\/WhatsApp-Image-2025-04-04-at-10.07.08-1152x1536.jpeg 1152w, https:\/\/agora.xtec.cat\/escolajeronidemoragas\/wp-content\/uploads\/usu2509\/2025\/04\/WhatsApp-Image-2025-04-04-at-10.07.08.jpeg 1200w\" sizes=\"auto, (max-width: 768px) 100vw, 768px\" \/><\/a>\n\t\t\t<\/dt><\/dl><dl class='gallery-item'>\n\t\t\t<dt class='gallery-icon portrait'>\n\t\t\t\t<a href='https:\/\/agora.xtec.cat\/escolajeronidemoragas\/general\/curses-somriures-i-molta-emocio-a-la-jornada-acell%f0%9f%8f%85\/attachment\/whatsapp-image-2025-04-04-at-10-07-09\/'><img loading=\"lazy\" decoding=\"async\" width=\"768\" height=\"1024\" src=\"https:\/\/agora.xtec.cat\/escolajeronidemoragas\/wp-content\/uploads\/usu2509\/2025\/04\/WhatsApp-Image-2025-04-04-at-10.07.09-768x1024.jpeg\" class=\"attachment-large size-large\" alt=\"\" srcset=\"https:\/\/agora.xtec.cat\/escolajeronidemoragas\/wp-content\/uploads\/usu2509\/2025\/04\/WhatsApp-Image-2025-04-04-at-10.07.09-768x1024.jpeg 768w, https:\/\/agora.xtec.cat\/escolajeronidemoragas\/wp-content\/uploads\/usu2509\/2025\/04\/WhatsApp-Image-2025-04-04-at-10.07.09-225x300.jpeg 225w, https:\/\/agora.xtec.cat\/escolajeronidemoragas\/wp-content\/uploads\/usu2509\/2025\/04\/WhatsApp-Image-2025-04-04-at-10.07.09-1152x1536.jpeg 1152w, https:\/\/agora.xtec.cat\/escolajeronidemoragas\/wp-content\/uploads\/usu2509\/2025\/04\/WhatsApp-Image-2025-04-04-at-10.07.09.jpeg 1200w\" sizes=\"auto, (max-width: 768px) 100vw, 768px\" \/><\/a>\n\t\t\t<\/dt><\/dl><br style=\"clear: both\" \/><dl class='gallery-item'>\n\t\t\t<dt class='gallery-icon portrait'>\n\t\t\t\t<a href='https:\/\/agora.xtec.cat\/escolajeronidemoragas\/general\/curses-somriures-i-molta-emocio-a-la-jornada-acell%f0%9f%8f%85\/attachment\/whatsapp-image-2025-04-04-at-10-07-10-2\/'><img loading=\"lazy\" decoding=\"async\" width=\"768\" height=\"1024\" src=\"https:\/\/agora.xtec.cat\/escolajeronidemoragas\/wp-content\/uploads\/usu2509\/2025\/04\/WhatsApp-Image-2025-04-04-at-10.07.10-2-768x1024.jpeg\" class=\"attachment-large size-large\" alt=\"\" srcset=\"https:\/\/agora.xtec.cat\/escolajeronidemoragas\/wp-content\/uploads\/usu2509\/2025\/04\/WhatsApp-Image-2025-04-04-at-10.07.10-2-768x1024.jpeg 768w, https:\/\/agora.xtec.cat\/escolajeronidemoragas\/wp-content\/uploads\/usu2509\/2025\/04\/WhatsApp-Image-2025-04-04-at-10.07.10-2-225x300.jpeg 225w, https:\/\/agora.xtec.cat\/escolajeronidemoragas\/wp-content\/uploads\/usu2509\/2025\/04\/WhatsApp-Image-2025-04-04-at-10.07.10-2-1152x1536.jpeg 1152w, https:\/\/agora.xtec.cat\/escolajeronidemoragas\/wp-content\/uploads\/usu2509\/2025\/04\/WhatsApp-Image-2025-04-04-at-10.07.10-2.jpeg 1200w\" sizes=\"auto, (max-width: 768px) 100vw, 768px\" \/><\/a>\n\t\t\t<\/dt><\/dl><dl class='gallery-item'>\n\t\t\t<dt class='gallery-icon portrait'>\n\t\t\t\t<a href='https:\/\/agora.xtec.cat\/escolajeronidemoragas\/general\/curses-somriures-i-molta-emocio-a-la-jornada-acell%f0%9f%8f%85\/attachment\/whatsapp-image-2025-04-04-at-10-07-10-4\/'><img loading=\"lazy\" decoding=\"async\" width=\"768\" height=\"1024\" src=\"https:\/\/agora.xtec.cat\/escolajeronidemoragas\/wp-content\/uploads\/usu2509\/2025\/04\/WhatsApp-Image-2025-04-04-at-10.07.10-4-768x1024.jpeg\" class=\"attachment-large size-large\" alt=\"\" srcset=\"https:\/\/agora.xtec.cat\/escolajeronidemoragas\/wp-content\/uploads\/usu2509\/2025\/04\/WhatsApp-Image-2025-04-04-at-10.07.10-4-768x1024.jpeg 768w, https:\/\/agora.xtec.cat\/escolajeronidemoragas\/wp-content\/uploads\/usu2509\/2025\/04\/WhatsApp-Image-2025-04-04-at-10.07.10-4-225x300.jpeg 225w, https:\/\/agora.xtec.cat\/escolajeronidemoragas\/wp-content\/uploads\/usu2509\/2025\/04\/WhatsApp-Image-2025-04-04-at-10.07.10-4-1152x1536.jpeg 1152w, https:\/\/agora.xtec.cat\/escolajeronidemoragas\/wp-content\/uploads\/usu2509\/2025\/04\/WhatsApp-Image-2025-04-04-at-10.07.10-4.jpeg 1200w\" sizes=\"auto, (max-width: 768px) 100vw, 768px\" \/><\/a>\n\t\t\t<\/dt><\/dl><dl class='gallery-item'>\n\t\t\t<dt class='gallery-icon portrait'>\n\t\t\t\t<a href='https:\/\/agora.xtec.cat\/escolajeronidemoragas\/general\/curses-somriures-i-molta-emocio-a-la-jornada-acell%f0%9f%8f%85\/attachment\/whatsapp-image-2025-04-04-at-10-07-10\/'><img loading=\"lazy\" decoding=\"async\" width=\"768\" height=\"1024\" src=\"https:\/\/agora.xtec.cat\/escolajeronidemoragas\/wp-content\/uploads\/usu2509\/2025\/04\/WhatsApp-Image-2025-04-04-at-10.07.10-768x1024.jpeg\" class=\"attachment-large size-large\" alt=\"\" srcset=\"https:\/\/agora.xtec.cat\/escolajeronidemoragas\/wp-content\/uploads\/usu2509\/2025\/04\/WhatsApp-Image-2025-04-04-at-10.07.10-768x1024.jpeg 768w, https:\/\/agora.xtec.cat\/escolajeronidemoragas\/wp-content\/uploads\/usu2509\/2025\/04\/WhatsApp-Image-2025-04-04-at-10.07.10-225x300.jpeg 225w, https:\/\/agora.xtec.cat\/escolajeronidemoragas\/wp-content\/uploads\/usu2509\/2025\/04\/WhatsApp-Image-2025-04-04-at-10.07.10-1152x1536.jpeg 1152w, https:\/\/agora.xtec.cat\/escolajeronidemoragas\/wp-content\/uploads\/usu2509\/2025\/04\/WhatsApp-Image-2025-04-04-at-10.07.10.jpeg 1200w\" sizes=\"auto, (max-width: 768px) 100vw, 768px\" \/><\/a>\n\t\t\t<\/dt><\/dl><br style=\"clear: both\" \/>\n\t\t<\/div>\n\n","protected":false},"excerpt":{"rendered":"<p>Aquest passat dijous vam viure una jornada molt especial a l\u2019Estadi de la B\u00f2bila amb la celebraci\u00f3 de la Jornada d\u2019Atletisme organitzada per la Federaci\u00f3 ACELL. Va ser un dia intens i emocionant, en qu\u00e8 l\u2019esport va ser el fil conductor de valors com la&hellip;  <a href=\"https:\/\/agora.xtec.cat\/escolajeronidemoragas\/general\/curses-somriures-i-molta-emocio-a-la-jornada-acell%f0%9f%8f%85\/\" title=\"Read CURSES, SOMRIURES I MOLTA EMOCI\u00d3 A LA JORNADA ACELL!\ud83c\udfc5\">Llegeix m\u00e9s\u00bb<\/a><\/p>\n","protected":false},"author":1,"featured_media":3839,"comment_status":"open","ping_status":"closed","sticky":false,"template":"","format":"standard","meta":{"_bbp_topic_count":0,"_bbp_reply_count":0,"_bbp_total_topic_count":0,"_bbp_total_reply_count":0,"_bbp_voice_count":0,"_bbp_anonymous_reply_count":0,"_bbp_topic_count_hidden":0,"_bbp_reply_count_hidden":0,"_bbp_forum_subforum_count":0,"footnotes":""},"categories":[74,86,83,1,4,85],"tags":[],"class_list":["post-3830","post","type-post","status-publish","format-standard","has-post-thumbnail","hentry","category-abril","category-curs-2024-25","category-eso","category-general","category-portada","category-sensorial"],"post_mailing_queue_ids":[],"_links":{"self":[{"href":"https:\/\/agora.xtec.cat\/escolajeronidemoragas\/wp-json\/wp\/v2\/posts\/3830","targetHints":{"allow":["GET"]}}],"collection":[{"href":"https:\/\/agora.xtec.cat\/escolajeronidemoragas\/wp-json\/wp\/v2\/posts"}],"about":[{"href":"https:\/\/agora.xtec.cat\/escolajeronidemoragas\/wp-json\/wp\/v2\/types\/post"}],"author":[{"embeddable":true,"href":"https:\/\/agora.xtec.cat\/escolajeronidemoragas\/wp-json\/wp\/v2\/users\/1"}],"replies":[{"embeddable":true,"href":"https:\/\/agora.xtec.cat\/escolajeronidemoragas\/wp-json\/wp\/v2\/comments?post=3830"}],"version-history":[{"count":2,"href":"https:\/\/agora.xtec.cat\/escolajeronidemoragas\/wp-json\/wp\/v2\/posts\/3830\/revisions"}],"predecessor-version":[{"id":3841,"href":"https:\/\/agora.xtec.cat\/escolajeronidemoragas\/wp-json\/wp\/v2\/posts\/3830\/revisions\/3841"}],"wp:featuredmedia":[{"embeddable":true,"href":"https:\/\/agora.xtec.cat\/escolajeronidemoragas\/wp-json\/wp\/v2\/media\/3839"}],"wp:attachment":[{"href":"https:\/\/agora.xtec.cat\/escolajeronidemoragas\/wp-json\/wp\/v2\/media?parent=3830"}],"wp:term":[{"taxonomy":"category","embeddable":true,"href":"https:\/\/agora.xtec.cat\/escolajeronidemoragas\/wp-json\/wp\/v2\/categories?post=3830"},{"taxonomy":"post_tag","embeddable":true,"href":"https:\/\/agora.xtec.cat\/escolajeronidemoragas\/wp-json\/wp\/v2\/tags?post=3830"}],"curies":[{"name":"wp","href":"https:\/\/api.w.org\/{rel}","templated":true}]}}