{"id":3795,"date":"2025-03-27T21:01:56","date_gmt":"2025-03-27T20:01:56","guid":{"rendered":"https:\/\/agora.xtec.cat\/escolajeronidemoragas\/?p=3795"},"modified":"2025-03-28T21:51:40","modified_gmt":"2025-03-28T20:51:40","slug":"colonies-deso-al-vila-banyoles","status":"publish","type":"post","link":"https:\/\/agora.xtec.cat\/escolajeronidemoragas\/general\/colonies-deso-al-vila-banyoles\/","title":{"rendered":"COL\u00d2NIES D&#8217;ESO AL VIL\u00c0, BANYOLES!"},"content":{"rendered":"<p data-pm-slice=\"1 1 []\">Aquesta setmana, tot l&#8217;alumnat <strong>d&#8217;ESO<\/strong> ha gaudit d&#8217;uns dies de conviv\u00e8ncia a la c<strong>asa de col\u00f2nies El Vil\u00e0, a Banyoles<\/strong>. L&#8217;experi\u00e8ncia ha estat diversa segons la meteorologia: alguns grups han trobat dies de pluja i han realitzat activitats a l\u2019interior de la casa, mentre que d\u2019altres han pogut gaudir d\u2019un entorn humit, verd i assolellat.<\/p>\n<p>Durant l\u2019estada, els i les alumnes han fet una <strong>gimcana<\/strong> per Banyoles i una caminada fins a les espectaculars <strong>coves naturals d\u2019Estunes<\/strong>. M\u00e9s enll\u00e0 de les activitats, han compartit moments especials que han refor\u00e7at els vincles i la cohesi\u00f3 de grup, fent d\u2019aquestes col\u00f2nies una experi\u00e8ncia imprescindible.<\/p>\n<p>Les col\u00f2nies han estat tot un \u00e8xit! Malgrat la pluja, res ha pogut aturar la m\u00e0gia d\u2019aquests dies.\u00a0 Vam gaudir de manualitats, jocs i moments inoblidables junts.\u00a0Per\u00f2, sens dubte, el millor de tot va ser la nit de <strong>discoteca<\/strong>, on vam ballar i riure sense parar!<\/p>\n<p><strong>Un cop m\u00e9s, ha estat una experi\u00e8ncia plena de diversi\u00f3, amistat i contacte amb la natura!<\/strong><\/p>\n\n\t\t<style type=\"text\/css\">\n\t\t\t#gallery-1 {\n\t\t\t\tmargin: auto;\n\t\t\t}\n\t\t\t#gallery-1 .gallery-item {\n\t\t\t\tfloat: left;\n\t\t\t\tmargin-top: 10px;\n\t\t\t\ttext-align: center;\n\t\t\t\twidth: 33%;\n\t\t\t}\n\t\t\t#gallery-1 img {\n\t\t\t\tborder: 2px solid #cfcfcf;\n\t\t\t}\n\t\t\t#gallery-1 .gallery-caption {\n\t\t\t\tmargin-left: 0;\n\t\t\t}\n\t\t\t\/* see gallery_shortcode() in wp-includes\/media.php *\/\n\t\t<\/style>\n\t\t<div id='gallery-1' class='gallery galleryid-3795 gallery-columns-3 gallery-size-large'><dl class='gallery-item'>\n\t\t\t<dt class='gallery-icon portrait'>\n\t\t\t\t<a href='https:\/\/agora.xtec.cat\/escolajeronidemoragas\/general\/colonies-deso-al-vila-banyoles\/attachment\/whatsapp-image-2025-03-26-at-16-42-29\/'><img loading=\"lazy\" decoding=\"async\" width=\"768\" height=\"1024\" src=\"https:\/\/agora.xtec.cat\/escolajeronidemoragas\/wp-content\/uploads\/usu2509\/2025\/03\/WhatsApp-Image-2025-03-26-at-16.42.29-768x1024.jpeg\" class=\"attachment-large size-large\" alt=\"\" srcset=\"https:\/\/agora.xtec.cat\/escolajeronidemoragas\/wp-content\/uploads\/usu2509\/2025\/03\/WhatsApp-Image-2025-03-26-at-16.42.29-768x1024.jpeg 768w, https:\/\/agora.xtec.cat\/escolajeronidemoragas\/wp-content\/uploads\/usu2509\/2025\/03\/WhatsApp-Image-2025-03-26-at-16.42.29-225x300.jpeg 225w, https:\/\/agora.xtec.cat\/escolajeronidemoragas\/wp-content\/uploads\/usu2509\/2025\/03\/WhatsApp-Image-2025-03-26-at-16.42.29-1152x1536.jpeg 1152w, https:\/\/agora.xtec.cat\/escolajeronidemoragas\/wp-content\/uploads\/usu2509\/2025\/03\/WhatsApp-Image-2025-03-26-at-16.42.29.jpeg 1200w\" sizes=\"auto, (max-width: 768px) 100vw, 768px\" \/><\/a>\n\t\t\t<\/dt><\/dl><dl class='gallery-item'>\n\t\t\t<dt class='gallery-icon portrait'>\n\t\t\t\t<a href='https:\/\/agora.xtec.cat\/escolajeronidemoragas\/general\/colonies-deso-al-vila-banyoles\/attachment\/whatsapp-image-2025-03-26-at-16-42-10-1\/'><img loading=\"lazy\" decoding=\"async\" width=\"768\" height=\"1024\" src=\"https:\/\/agora.xtec.cat\/escolajeronidemoragas\/wp-content\/uploads\/usu2509\/2025\/03\/WhatsApp-Image-2025-03-26-at-16.42.10-1-768x1024.jpeg\" class=\"attachment-large size-large\" alt=\"\" srcset=\"https:\/\/agora.xtec.cat\/escolajeronidemoragas\/wp-content\/uploads\/usu2509\/2025\/03\/WhatsApp-Image-2025-03-26-at-16.42.10-1-768x1024.jpeg 768w, https:\/\/agora.xtec.cat\/escolajeronidemoragas\/wp-content\/uploads\/usu2509\/2025\/03\/WhatsApp-Image-2025-03-26-at-16.42.10-1-225x300.jpeg 225w, https:\/\/agora.xtec.cat\/escolajeronidemoragas\/wp-content\/uploads\/usu2509\/2025\/03\/WhatsApp-Image-2025-03-26-at-16.42.10-1-1152x1536.jpeg 1152w, https:\/\/agora.xtec.cat\/escolajeronidemoragas\/wp-content\/uploads\/usu2509\/2025\/03\/WhatsApp-Image-2025-03-26-at-16.42.10-1.jpeg 1200w\" sizes=\"auto, (max-width: 768px) 100vw, 768px\" \/><\/a>\n\t\t\t<\/dt><\/dl><dl class='gallery-item'>\n\t\t\t<dt class='gallery-icon portrait'>\n\t\t\t\t<a href='https:\/\/agora.xtec.cat\/escolajeronidemoragas\/general\/colonies-deso-al-vila-banyoles\/attachment\/whatsapp-image-2025-03-26-at-16-42-10\/'><img loading=\"lazy\" decoding=\"async\" width=\"768\" height=\"1024\" src=\"https:\/\/agora.xtec.cat\/escolajeronidemoragas\/wp-content\/uploads\/usu2509\/2025\/03\/WhatsApp-Image-2025-03-26-at-16.42.10-768x1024.jpeg\" class=\"attachment-large size-large\" alt=\"\" srcset=\"https:\/\/agora.xtec.cat\/escolajeronidemoragas\/wp-content\/uploads\/usu2509\/2025\/03\/WhatsApp-Image-2025-03-26-at-16.42.10-768x1024.jpeg 768w, https:\/\/agora.xtec.cat\/escolajeronidemoragas\/wp-content\/uploads\/usu2509\/2025\/03\/WhatsApp-Image-2025-03-26-at-16.42.10-225x300.jpeg 225w, https:\/\/agora.xtec.cat\/escolajeronidemoragas\/wp-content\/uploads\/usu2509\/2025\/03\/WhatsApp-Image-2025-03-26-at-16.42.10-1152x1536.jpeg 1152w, https:\/\/agora.xtec.cat\/escolajeronidemoragas\/wp-content\/uploads\/usu2509\/2025\/03\/WhatsApp-Image-2025-03-26-at-16.42.10.jpeg 1200w\" sizes=\"auto, (max-width: 768px) 100vw, 768px\" \/><\/a>\n\t\t\t<\/dt><\/dl><br style=\"clear: both\" \/><dl class='gallery-item'>\n\t\t\t<dt class='gallery-icon portrait'>\n\t\t\t\t<a href='https:\/\/agora.xtec.cat\/escolajeronidemoragas\/general\/colonies-deso-al-vila-banyoles\/attachment\/whatsapp-image-2025-03-26-at-16-42-11-1\/'><img loading=\"lazy\" decoding=\"async\" width=\"768\" height=\"1024\" src=\"https:\/\/agora.xtec.cat\/escolajeronidemoragas\/wp-content\/uploads\/usu2509\/2025\/03\/WhatsApp-Image-2025-03-26-at-16.42.11-1-768x1024.jpeg\" class=\"attachment-large size-large\" alt=\"\" srcset=\"https:\/\/agora.xtec.cat\/escolajeronidemoragas\/wp-content\/uploads\/usu2509\/2025\/03\/WhatsApp-Image-2025-03-26-at-16.42.11-1-768x1024.jpeg 768w, https:\/\/agora.xtec.cat\/escolajeronidemoragas\/wp-content\/uploads\/usu2509\/2025\/03\/WhatsApp-Image-2025-03-26-at-16.42.11-1-225x300.jpeg 225w, https:\/\/agora.xtec.cat\/escolajeronidemoragas\/wp-content\/uploads\/usu2509\/2025\/03\/WhatsApp-Image-2025-03-26-at-16.42.11-1-1152x1536.jpeg 1152w, https:\/\/agora.xtec.cat\/escolajeronidemoragas\/wp-content\/uploads\/usu2509\/2025\/03\/WhatsApp-Image-2025-03-26-at-16.42.11-1.jpeg 1200w\" sizes=\"auto, (max-width: 768px) 100vw, 768px\" \/><\/a>\n\t\t\t<\/dt><\/dl><dl class='gallery-item'>\n\t\t\t<dt class='gallery-icon portrait'>\n\t\t\t\t<a href='https:\/\/agora.xtec.cat\/escolajeronidemoragas\/general\/colonies-deso-al-vila-banyoles\/attachment\/whatsapp-image-2025-03-26-at-16-42-11-2\/'><img loading=\"lazy\" decoding=\"async\" width=\"768\" height=\"1024\" src=\"https:\/\/agora.xtec.cat\/escolajeronidemoragas\/wp-content\/uploads\/usu2509\/2025\/03\/WhatsApp-Image-2025-03-26-at-16.42.11-2-768x1024.jpeg\" class=\"attachment-large size-large\" alt=\"\" srcset=\"https:\/\/agora.xtec.cat\/escolajeronidemoragas\/wp-content\/uploads\/usu2509\/2025\/03\/WhatsApp-Image-2025-03-26-at-16.42.11-2-768x1024.jpeg 768w, https:\/\/agora.xtec.cat\/escolajeronidemoragas\/wp-content\/uploads\/usu2509\/2025\/03\/WhatsApp-Image-2025-03-26-at-16.42.11-2-225x300.jpeg 225w, https:\/\/agora.xtec.cat\/escolajeronidemoragas\/wp-content\/uploads\/usu2509\/2025\/03\/WhatsApp-Image-2025-03-26-at-16.42.11-2-1152x1536.jpeg 1152w, https:\/\/agora.xtec.cat\/escolajeronidemoragas\/wp-content\/uploads\/usu2509\/2025\/03\/WhatsApp-Image-2025-03-26-at-16.42.11-2.jpeg 1200w\" sizes=\"auto, (max-width: 768px) 100vw, 768px\" \/><\/a>\n\t\t\t<\/dt><\/dl><dl class='gallery-item'>\n\t\t\t<dt class='gallery-icon portrait'>\n\t\t\t\t<a href='https:\/\/agora.xtec.cat\/escolajeronidemoragas\/general\/colonies-deso-al-vila-banyoles\/attachment\/whatsapp-image-2025-03-26-at-16-42-11-3\/'><img loading=\"lazy\" decoding=\"async\" width=\"768\" height=\"1024\" src=\"https:\/\/agora.xtec.cat\/escolajeronidemoragas\/wp-content\/uploads\/usu2509\/2025\/03\/WhatsApp-Image-2025-03-26-at-16.42.11-3-768x1024.jpeg\" class=\"attachment-large size-large\" alt=\"\" srcset=\"https:\/\/agora.xtec.cat\/escolajeronidemoragas\/wp-content\/uploads\/usu2509\/2025\/03\/WhatsApp-Image-2025-03-26-at-16.42.11-3-768x1024.jpeg 768w, https:\/\/agora.xtec.cat\/escolajeronidemoragas\/wp-content\/uploads\/usu2509\/2025\/03\/WhatsApp-Image-2025-03-26-at-16.42.11-3-225x300.jpeg 225w, https:\/\/agora.xtec.cat\/escolajeronidemoragas\/wp-content\/uploads\/usu2509\/2025\/03\/WhatsApp-Image-2025-03-26-at-16.42.11-3-1152x1536.jpeg 1152w, https:\/\/agora.xtec.cat\/escolajeronidemoragas\/wp-content\/uploads\/usu2509\/2025\/03\/WhatsApp-Image-2025-03-26-at-16.42.11-3.jpeg 1200w\" sizes=\"auto, (max-width: 768px) 100vw, 768px\" \/><\/a>\n\t\t\t<\/dt><\/dl><br style=\"clear: both\" \/><dl class='gallery-item'>\n\t\t\t<dt class='gallery-icon portrait'>\n\t\t\t\t<a href='https:\/\/agora.xtec.cat\/escolajeronidemoragas\/general\/colonies-deso-al-vila-banyoles\/attachment\/whatsapp-image-2025-03-26-at-16-42-11\/'><img loading=\"lazy\" decoding=\"async\" width=\"768\" height=\"1024\" src=\"https:\/\/agora.xtec.cat\/escolajeronidemoragas\/wp-content\/uploads\/usu2509\/2025\/03\/WhatsApp-Image-2025-03-26-at-16.42.11-768x1024.jpeg\" class=\"attachment-large size-large\" alt=\"\" srcset=\"https:\/\/agora.xtec.cat\/escolajeronidemoragas\/wp-content\/uploads\/usu2509\/2025\/03\/WhatsApp-Image-2025-03-26-at-16.42.11-768x1024.jpeg 768w, https:\/\/agora.xtec.cat\/escolajeronidemoragas\/wp-content\/uploads\/usu2509\/2025\/03\/WhatsApp-Image-2025-03-26-at-16.42.11-225x300.jpeg 225w, https:\/\/agora.xtec.cat\/escolajeronidemoragas\/wp-content\/uploads\/usu2509\/2025\/03\/WhatsApp-Image-2025-03-26-at-16.42.11-1152x1536.jpeg 1152w, https:\/\/agora.xtec.cat\/escolajeronidemoragas\/wp-content\/uploads\/usu2509\/2025\/03\/WhatsApp-Image-2025-03-26-at-16.42.11.jpeg 1200w\" sizes=\"auto, (max-width: 768px) 100vw, 768px\" \/><\/a>\n\t\t\t<\/dt><\/dl><dl class='gallery-item'>\n\t\t\t<dt class='gallery-icon portrait'>\n\t\t\t\t<a href='https:\/\/agora.xtec.cat\/escolajeronidemoragas\/general\/colonies-deso-al-vila-banyoles\/attachment\/whatsapp-image-2025-03-28-at-21-18-25-1\/'><img loading=\"lazy\" decoding=\"async\" width=\"576\" height=\"1024\" src=\"https:\/\/agora.xtec.cat\/escolajeronidemoragas\/wp-content\/uploads\/usu2509\/2025\/03\/WhatsApp-Image-2025-03-28-at-21.18.25-1-576x1024.jpeg\" class=\"attachment-large size-large\" alt=\"\" srcset=\"https:\/\/agora.xtec.cat\/escolajeronidemoragas\/wp-content\/uploads\/usu2509\/2025\/03\/WhatsApp-Image-2025-03-28-at-21.18.25-1-576x1024.jpeg 576w, https:\/\/agora.xtec.cat\/escolajeronidemoragas\/wp-content\/uploads\/usu2509\/2025\/03\/WhatsApp-Image-2025-03-28-at-21.18.25-1-169x300.jpeg 169w, https:\/\/agora.xtec.cat\/escolajeronidemoragas\/wp-content\/uploads\/usu2509\/2025\/03\/WhatsApp-Image-2025-03-28-at-21.18.25-1-768x1365.jpeg 768w, https:\/\/agora.xtec.cat\/escolajeronidemoragas\/wp-content\/uploads\/usu2509\/2025\/03\/WhatsApp-Image-2025-03-28-at-21.18.25-1-864x1536.jpeg 864w, https:\/\/agora.xtec.cat\/escolajeronidemoragas\/wp-content\/uploads\/usu2509\/2025\/03\/WhatsApp-Image-2025-03-28-at-21.18.25-1.jpeg 1152w\" sizes=\"auto, (max-width: 576px) 100vw, 576px\" \/><\/a>\n\t\t\t<\/dt><\/dl><dl class='gallery-item'>\n\t\t\t<dt class='gallery-icon portrait'>\n\t\t\t\t<a href='https:\/\/agora.xtec.cat\/escolajeronidemoragas\/general\/colonies-deso-al-vila-banyoles\/attachment\/whatsapp-image-2025-03-28-at-21-18-25\/'><img loading=\"lazy\" decoding=\"async\" width=\"576\" height=\"1024\" src=\"https:\/\/agora.xtec.cat\/escolajeronidemoragas\/wp-content\/uploads\/usu2509\/2025\/03\/WhatsApp-Image-2025-03-28-at-21.18.25-576x1024.jpeg\" class=\"attachment-large size-large\" alt=\"\" srcset=\"https:\/\/agora.xtec.cat\/escolajeronidemoragas\/wp-content\/uploads\/usu2509\/2025\/03\/WhatsApp-Image-2025-03-28-at-21.18.25-576x1024.jpeg 576w, https:\/\/agora.xtec.cat\/escolajeronidemoragas\/wp-content\/uploads\/usu2509\/2025\/03\/WhatsApp-Image-2025-03-28-at-21.18.25-169x300.jpeg 169w, https:\/\/agora.xtec.cat\/escolajeronidemoragas\/wp-content\/uploads\/usu2509\/2025\/03\/WhatsApp-Image-2025-03-28-at-21.18.25-768x1365.jpeg 768w, https:\/\/agora.xtec.cat\/escolajeronidemoragas\/wp-content\/uploads\/usu2509\/2025\/03\/WhatsApp-Image-2025-03-28-at-21.18.25-864x1536.jpeg 864w, https:\/\/agora.xtec.cat\/escolajeronidemoragas\/wp-content\/uploads\/usu2509\/2025\/03\/WhatsApp-Image-2025-03-28-at-21.18.25.jpeg 1152w\" sizes=\"auto, (max-width: 576px) 100vw, 576px\" \/><\/a>\n\t\t\t<\/dt><\/dl><br style=\"clear: both\" \/><dl class='gallery-item'>\n\t\t\t<dt class='gallery-icon portrait'>\n\t\t\t\t<a href='https:\/\/agora.xtec.cat\/escolajeronidemoragas\/general\/colonies-deso-al-vila-banyoles\/attachment\/whatsapp-image-2025-03-28-at-21-18-26-1\/'><img loading=\"lazy\" decoding=\"async\" width=\"576\" height=\"1024\" src=\"https:\/\/agora.xtec.cat\/escolajeronidemoragas\/wp-content\/uploads\/usu2509\/2025\/03\/WhatsApp-Image-2025-03-28-at-21.18.26-1-576x1024.jpeg\" class=\"attachment-large size-large\" alt=\"\" srcset=\"https:\/\/agora.xtec.cat\/escolajeronidemoragas\/wp-content\/uploads\/usu2509\/2025\/03\/WhatsApp-Image-2025-03-28-at-21.18.26-1-576x1024.jpeg 576w, https:\/\/agora.xtec.cat\/escolajeronidemoragas\/wp-content\/uploads\/usu2509\/2025\/03\/WhatsApp-Image-2025-03-28-at-21.18.26-1-169x300.jpeg 169w, https:\/\/agora.xtec.cat\/escolajeronidemoragas\/wp-content\/uploads\/usu2509\/2025\/03\/WhatsApp-Image-2025-03-28-at-21.18.26-1-768x1365.jpeg 768w, https:\/\/agora.xtec.cat\/escolajeronidemoragas\/wp-content\/uploads\/usu2509\/2025\/03\/WhatsApp-Image-2025-03-28-at-21.18.26-1-864x1536.jpeg 864w, https:\/\/agora.xtec.cat\/escolajeronidemoragas\/wp-content\/uploads\/usu2509\/2025\/03\/WhatsApp-Image-2025-03-28-at-21.18.26-1.jpeg 1152w\" sizes=\"auto, (max-width: 576px) 100vw, 576px\" \/><\/a>\n\t\t\t<\/dt><\/dl><dl class='gallery-item'>\n\t\t\t<dt class='gallery-icon portrait'>\n\t\t\t\t<a href='https:\/\/agora.xtec.cat\/escolajeronidemoragas\/general\/colonies-deso-al-vila-banyoles\/attachment\/whatsapp-image-2025-03-28-at-21-18-26\/'><img loading=\"lazy\" decoding=\"async\" width=\"576\" height=\"1024\" src=\"https:\/\/agora.xtec.cat\/escolajeronidemoragas\/wp-content\/uploads\/usu2509\/2025\/03\/WhatsApp-Image-2025-03-28-at-21.18.26-576x1024.jpeg\" class=\"attachment-large size-large\" alt=\"\" srcset=\"https:\/\/agora.xtec.cat\/escolajeronidemoragas\/wp-content\/uploads\/usu2509\/2025\/03\/WhatsApp-Image-2025-03-28-at-21.18.26-576x1024.jpeg 576w, https:\/\/agora.xtec.cat\/escolajeronidemoragas\/wp-content\/uploads\/usu2509\/2025\/03\/WhatsApp-Image-2025-03-28-at-21.18.26-169x300.jpeg 169w, https:\/\/agora.xtec.cat\/escolajeronidemoragas\/wp-content\/uploads\/usu2509\/2025\/03\/WhatsApp-Image-2025-03-28-at-21.18.26-768x1365.jpeg 768w, https:\/\/agora.xtec.cat\/escolajeronidemoragas\/wp-content\/uploads\/usu2509\/2025\/03\/WhatsApp-Image-2025-03-28-at-21.18.26-864x1536.jpeg 864w, https:\/\/agora.xtec.cat\/escolajeronidemoragas\/wp-content\/uploads\/usu2509\/2025\/03\/WhatsApp-Image-2025-03-28-at-21.18.26.jpeg 1152w\" sizes=\"auto, (max-width: 576px) 100vw, 576px\" \/><\/a>\n\t\t\t<\/dt><\/dl><dl class='gallery-item'>\n\t\t\t<dt class='gallery-icon portrait'>\n\t\t\t\t<a href='https:\/\/agora.xtec.cat\/escolajeronidemoragas\/general\/colonies-deso-al-vila-banyoles\/attachment\/whatsapp-image-2025-03-28-at-21-18-27-1\/'><img loading=\"lazy\" decoding=\"async\" width=\"576\" height=\"1024\" src=\"https:\/\/agora.xtec.cat\/escolajeronidemoragas\/wp-content\/uploads\/usu2509\/2025\/03\/WhatsApp-Image-2025-03-28-at-21.18.27-1-576x1024.jpeg\" class=\"attachment-large size-large\" alt=\"\" srcset=\"https:\/\/agora.xtec.cat\/escolajeronidemoragas\/wp-content\/uploads\/usu2509\/2025\/03\/WhatsApp-Image-2025-03-28-at-21.18.27-1-576x1024.jpeg 576w, https:\/\/agora.xtec.cat\/escolajeronidemoragas\/wp-content\/uploads\/usu2509\/2025\/03\/WhatsApp-Image-2025-03-28-at-21.18.27-1-169x300.jpeg 169w, https:\/\/agora.xtec.cat\/escolajeronidemoragas\/wp-content\/uploads\/usu2509\/2025\/03\/WhatsApp-Image-2025-03-28-at-21.18.27-1-768x1365.jpeg 768w, https:\/\/agora.xtec.cat\/escolajeronidemoragas\/wp-content\/uploads\/usu2509\/2025\/03\/WhatsApp-Image-2025-03-28-at-21.18.27-1-864x1536.jpeg 864w, https:\/\/agora.xtec.cat\/escolajeronidemoragas\/wp-content\/uploads\/usu2509\/2025\/03\/WhatsApp-Image-2025-03-28-at-21.18.27-1.jpeg 1152w\" sizes=\"auto, (max-width: 576px) 100vw, 576px\" \/><\/a>\n\t\t\t<\/dt><\/dl><br style=\"clear: both\" \/><dl class='gallery-item'>\n\t\t\t<dt class='gallery-icon portrait'>\n\t\t\t\t<a href='https:\/\/agora.xtec.cat\/escolajeronidemoragas\/general\/colonies-deso-al-vila-banyoles\/attachment\/whatsapp-image-2025-03-28-at-21-18-27\/'><img loading=\"lazy\" decoding=\"async\" width=\"576\" height=\"1024\" src=\"https:\/\/agora.xtec.cat\/escolajeronidemoragas\/wp-content\/uploads\/usu2509\/2025\/03\/WhatsApp-Image-2025-03-28-at-21.18.27-576x1024.jpeg\" class=\"attachment-large size-large\" alt=\"\" srcset=\"https:\/\/agora.xtec.cat\/escolajeronidemoragas\/wp-content\/uploads\/usu2509\/2025\/03\/WhatsApp-Image-2025-03-28-at-21.18.27-576x1024.jpeg 576w, https:\/\/agora.xtec.cat\/escolajeronidemoragas\/wp-content\/uploads\/usu2509\/2025\/03\/WhatsApp-Image-2025-03-28-at-21.18.27-169x300.jpeg 169w, https:\/\/agora.xtec.cat\/escolajeronidemoragas\/wp-content\/uploads\/usu2509\/2025\/03\/WhatsApp-Image-2025-03-28-at-21.18.27-768x1365.jpeg 768w, https:\/\/agora.xtec.cat\/escolajeronidemoragas\/wp-content\/uploads\/usu2509\/2025\/03\/WhatsApp-Image-2025-03-28-at-21.18.27-864x1536.jpeg 864w, https:\/\/agora.xtec.cat\/escolajeronidemoragas\/wp-content\/uploads\/usu2509\/2025\/03\/WhatsApp-Image-2025-03-28-at-21.18.27.jpeg 1152w\" sizes=\"auto, (max-width: 576px) 100vw, 576px\" \/><\/a>\n\t\t\t<\/dt><\/dl><dl class='gallery-item'>\n\t\t\t<dt class='gallery-icon portrait'>\n\t\t\t\t<a href='https:\/\/agora.xtec.cat\/escolajeronidemoragas\/general\/colonies-deso-al-vila-banyoles\/attachment\/whatsapp-image-2025-03-28-at-21-18-28-1\/'><img loading=\"lazy\" decoding=\"async\" width=\"576\" height=\"1024\" src=\"https:\/\/agora.xtec.cat\/escolajeronidemoragas\/wp-content\/uploads\/usu2509\/2025\/03\/WhatsApp-Image-2025-03-28-at-21.18.28-1-576x1024.jpeg\" class=\"attachment-large size-large\" alt=\"\" srcset=\"https:\/\/agora.xtec.cat\/escolajeronidemoragas\/wp-content\/uploads\/usu2509\/2025\/03\/WhatsApp-Image-2025-03-28-at-21.18.28-1-576x1024.jpeg 576w, https:\/\/agora.xtec.cat\/escolajeronidemoragas\/wp-content\/uploads\/usu2509\/2025\/03\/WhatsApp-Image-2025-03-28-at-21.18.28-1-169x300.jpeg 169w, https:\/\/agora.xtec.cat\/escolajeronidemoragas\/wp-content\/uploads\/usu2509\/2025\/03\/WhatsApp-Image-2025-03-28-at-21.18.28-1-768x1365.jpeg 768w, https:\/\/agora.xtec.cat\/escolajeronidemoragas\/wp-content\/uploads\/usu2509\/2025\/03\/WhatsApp-Image-2025-03-28-at-21.18.28-1-864x1536.jpeg 864w, https:\/\/agora.xtec.cat\/escolajeronidemoragas\/wp-content\/uploads\/usu2509\/2025\/03\/WhatsApp-Image-2025-03-28-at-21.18.28-1.jpeg 1152w\" sizes=\"auto, (max-width: 576px) 100vw, 576px\" \/><\/a>\n\t\t\t<\/dt><\/dl><dl class='gallery-item'>\n\t\t\t<dt class='gallery-icon portrait'>\n\t\t\t\t<a href='https:\/\/agora.xtec.cat\/escolajeronidemoragas\/general\/colonies-deso-al-vila-banyoles\/attachment\/whatsapp-image-2025-03-28-at-21-18-28\/'><img loading=\"lazy\" decoding=\"async\" width=\"576\" height=\"1024\" src=\"https:\/\/agora.xtec.cat\/escolajeronidemoragas\/wp-content\/uploads\/usu2509\/2025\/03\/WhatsApp-Image-2025-03-28-at-21.18.28-576x1024.jpeg\" class=\"attachment-large size-large\" alt=\"\" srcset=\"https:\/\/agora.xtec.cat\/escolajeronidemoragas\/wp-content\/uploads\/usu2509\/2025\/03\/WhatsApp-Image-2025-03-28-at-21.18.28-576x1024.jpeg 576w, https:\/\/agora.xtec.cat\/escolajeronidemoragas\/wp-content\/uploads\/usu2509\/2025\/03\/WhatsApp-Image-2025-03-28-at-21.18.28-169x300.jpeg 169w, https:\/\/agora.xtec.cat\/escolajeronidemoragas\/wp-content\/uploads\/usu2509\/2025\/03\/WhatsApp-Image-2025-03-28-at-21.18.28-768x1365.jpeg 768w, https:\/\/agora.xtec.cat\/escolajeronidemoragas\/wp-content\/uploads\/usu2509\/2025\/03\/WhatsApp-Image-2025-03-28-at-21.18.28-864x1536.jpeg 864w, https:\/\/agora.xtec.cat\/escolajeronidemoragas\/wp-content\/uploads\/usu2509\/2025\/03\/WhatsApp-Image-2025-03-28-at-21.18.28.jpeg 1152w\" sizes=\"auto, (max-width: 576px) 100vw, 576px\" \/><\/a>\n\t\t\t<\/dt><\/dl><br style=\"clear: both\" \/><dl class='gallery-item'>\n\t\t\t<dt class='gallery-icon portrait'>\n\t\t\t\t<a href='https:\/\/agora.xtec.cat\/escolajeronidemoragas\/general\/colonies-deso-al-vila-banyoles\/attachment\/whatsapp-image-2025-03-28-at-21-18-17\/'><img loading=\"lazy\" decoding=\"async\" width=\"576\" height=\"1024\" src=\"https:\/\/agora.xtec.cat\/escolajeronidemoragas\/wp-content\/uploads\/usu2509\/2025\/03\/WhatsApp-Image-2025-03-28-at-21.18.17-576x1024.jpeg\" class=\"attachment-large size-large\" alt=\"\" srcset=\"https:\/\/agora.xtec.cat\/escolajeronidemoragas\/wp-content\/uploads\/usu2509\/2025\/03\/WhatsApp-Image-2025-03-28-at-21.18.17-576x1024.jpeg 576w, https:\/\/agora.xtec.cat\/escolajeronidemoragas\/wp-content\/uploads\/usu2509\/2025\/03\/WhatsApp-Image-2025-03-28-at-21.18.17-169x300.jpeg 169w, https:\/\/agora.xtec.cat\/escolajeronidemoragas\/wp-content\/uploads\/usu2509\/2025\/03\/WhatsApp-Image-2025-03-28-at-21.18.17-768x1365.jpeg 768w, https:\/\/agora.xtec.cat\/escolajeronidemoragas\/wp-content\/uploads\/usu2509\/2025\/03\/WhatsApp-Image-2025-03-28-at-21.18.17-864x1536.jpeg 864w, https:\/\/agora.xtec.cat\/escolajeronidemoragas\/wp-content\/uploads\/usu2509\/2025\/03\/WhatsApp-Image-2025-03-28-at-21.18.17.jpeg 1152w\" sizes=\"auto, (max-width: 576px) 100vw, 576px\" \/><\/a>\n\t\t\t<\/dt><\/dl><dl class='gallery-item'>\n\t\t\t<dt class='gallery-icon portrait'>\n\t\t\t\t<a href='https:\/\/agora.xtec.cat\/escolajeronidemoragas\/general\/colonies-deso-al-vila-banyoles\/attachment\/whatsapp-image-2025-03-28-at-21-18-18\/'><img loading=\"lazy\" decoding=\"async\" width=\"576\" height=\"1024\" src=\"https:\/\/agora.xtec.cat\/escolajeronidemoragas\/wp-content\/uploads\/usu2509\/2025\/03\/WhatsApp-Image-2025-03-28-at-21.18.18-576x1024.jpeg\" class=\"attachment-large size-large\" alt=\"\" srcset=\"https:\/\/agora.xtec.cat\/escolajeronidemoragas\/wp-content\/uploads\/usu2509\/2025\/03\/WhatsApp-Image-2025-03-28-at-21.18.18-576x1024.jpeg 576w, https:\/\/agora.xtec.cat\/escolajeronidemoragas\/wp-content\/uploads\/usu2509\/2025\/03\/WhatsApp-Image-2025-03-28-at-21.18.18-169x300.jpeg 169w, https:\/\/agora.xtec.cat\/escolajeronidemoragas\/wp-content\/uploads\/usu2509\/2025\/03\/WhatsApp-Image-2025-03-28-at-21.18.18-768x1365.jpeg 768w, https:\/\/agora.xtec.cat\/escolajeronidemoragas\/wp-content\/uploads\/usu2509\/2025\/03\/WhatsApp-Image-2025-03-28-at-21.18.18-864x1536.jpeg 864w, https:\/\/agora.xtec.cat\/escolajeronidemoragas\/wp-content\/uploads\/usu2509\/2025\/03\/WhatsApp-Image-2025-03-28-at-21.18.18.jpeg 1152w\" sizes=\"auto, (max-width: 576px) 100vw, 576px\" \/><\/a>\n\t\t\t<\/dt><\/dl><dl class='gallery-item'>\n\t\t\t<dt class='gallery-icon portrait'>\n\t\t\t\t<a href='https:\/\/agora.xtec.cat\/escolajeronidemoragas\/general\/colonies-deso-al-vila-banyoles\/attachment\/whatsapp-image-2025-03-28-at-21-18-20\/'><img loading=\"lazy\" decoding=\"async\" width=\"576\" height=\"1024\" src=\"https:\/\/agora.xtec.cat\/escolajeronidemoragas\/wp-content\/uploads\/usu2509\/2025\/03\/WhatsApp-Image-2025-03-28-at-21.18.20-576x1024.jpeg\" class=\"attachment-large size-large\" alt=\"\" srcset=\"https:\/\/agora.xtec.cat\/escolajeronidemoragas\/wp-content\/uploads\/usu2509\/2025\/03\/WhatsApp-Image-2025-03-28-at-21.18.20-576x1024.jpeg 576w, https:\/\/agora.xtec.cat\/escolajeronidemoragas\/wp-content\/uploads\/usu2509\/2025\/03\/WhatsApp-Image-2025-03-28-at-21.18.20-169x300.jpeg 169w, https:\/\/agora.xtec.cat\/escolajeronidemoragas\/wp-content\/uploads\/usu2509\/2025\/03\/WhatsApp-Image-2025-03-28-at-21.18.20-768x1365.jpeg 768w, https:\/\/agora.xtec.cat\/escolajeronidemoragas\/wp-content\/uploads\/usu2509\/2025\/03\/WhatsApp-Image-2025-03-28-at-21.18.20-864x1536.jpeg 864w, https:\/\/agora.xtec.cat\/escolajeronidemoragas\/wp-content\/uploads\/usu2509\/2025\/03\/WhatsApp-Image-2025-03-28-at-21.18.20.jpeg 1152w\" sizes=\"auto, (max-width: 576px) 100vw, 576px\" \/><\/a>\n\t\t\t<\/dt><\/dl><br style=\"clear: both\" \/><dl class='gallery-item'>\n\t\t\t<dt class='gallery-icon portrait'>\n\t\t\t\t<a href='https:\/\/agora.xtec.cat\/escolajeronidemoragas\/general\/colonies-deso-al-vila-banyoles\/attachment\/whatsapp-image-2025-03-28-at-21-18-23\/'><img loading=\"lazy\" decoding=\"async\" width=\"576\" height=\"1024\" src=\"https:\/\/agora.xtec.cat\/escolajeronidemoragas\/wp-content\/uploads\/usu2509\/2025\/03\/WhatsApp-Image-2025-03-28-at-21.18.23-576x1024.jpeg\" class=\"attachment-large size-large\" alt=\"\" srcset=\"https:\/\/agora.xtec.cat\/escolajeronidemoragas\/wp-content\/uploads\/usu2509\/2025\/03\/WhatsApp-Image-2025-03-28-at-21.18.23-576x1024.jpeg 576w, https:\/\/agora.xtec.cat\/escolajeronidemoragas\/wp-content\/uploads\/usu2509\/2025\/03\/WhatsApp-Image-2025-03-28-at-21.18.23-169x300.jpeg 169w, https:\/\/agora.xtec.cat\/escolajeronidemoragas\/wp-content\/uploads\/usu2509\/2025\/03\/WhatsApp-Image-2025-03-28-at-21.18.23-768x1365.jpeg 768w, https:\/\/agora.xtec.cat\/escolajeronidemoragas\/wp-content\/uploads\/usu2509\/2025\/03\/WhatsApp-Image-2025-03-28-at-21.18.23-864x1536.jpeg 864w, https:\/\/agora.xtec.cat\/escolajeronidemoragas\/wp-content\/uploads\/usu2509\/2025\/03\/WhatsApp-Image-2025-03-28-at-21.18.23.jpeg 1152w\" sizes=\"auto, (max-width: 576px) 100vw, 576px\" \/><\/a>\n\t\t\t<\/dt><\/dl><dl class='gallery-item'>\n\t\t\t<dt class='gallery-icon portrait'>\n\t\t\t\t<a href='https:\/\/agora.xtec.cat\/escolajeronidemoragas\/general\/colonies-deso-al-vila-banyoles\/attachment\/whatsapp-image-2025-03-28-at-21-18-24\/'><img loading=\"lazy\" decoding=\"async\" width=\"576\" height=\"1024\" src=\"https:\/\/agora.xtec.cat\/escolajeronidemoragas\/wp-content\/uploads\/usu2509\/2025\/03\/WhatsApp-Image-2025-03-28-at-21.18.24-576x1024.jpeg\" class=\"attachment-large size-large\" alt=\"\" srcset=\"https:\/\/agora.xtec.cat\/escolajeronidemoragas\/wp-content\/uploads\/usu2509\/2025\/03\/WhatsApp-Image-2025-03-28-at-21.18.24-576x1024.jpeg 576w, https:\/\/agora.xtec.cat\/escolajeronidemoragas\/wp-content\/uploads\/usu2509\/2025\/03\/WhatsApp-Image-2025-03-28-at-21.18.24-169x300.jpeg 169w, https:\/\/agora.xtec.cat\/escolajeronidemoragas\/wp-content\/uploads\/usu2509\/2025\/03\/WhatsApp-Image-2025-03-28-at-21.18.24-768x1365.jpeg 768w, https:\/\/agora.xtec.cat\/escolajeronidemoragas\/wp-content\/uploads\/usu2509\/2025\/03\/WhatsApp-Image-2025-03-28-at-21.18.24-864x1536.jpeg 864w, https:\/\/agora.xtec.cat\/escolajeronidemoragas\/wp-content\/uploads\/usu2509\/2025\/03\/WhatsApp-Image-2025-03-28-at-21.18.24.jpeg 1152w\" sizes=\"auto, (max-width: 576px) 100vw, 576px\" \/><\/a>\n\t\t\t<\/dt><\/dl>\n\t\t\t<br style='clear: both' \/>\n\t\t<\/div>\n\n","protected":false},"excerpt":{"rendered":"<p>Aquesta setmana, tot l&#8217;alumnat d&#8217;ESO ha gaudit d&#8217;uns dies de conviv\u00e8ncia a la casa de col\u00f2nies El Vil\u00e0, a Banyoles. L&#8217;experi\u00e8ncia ha estat diversa segons la meteorologia: alguns grups han trobat dies de pluja i han realitzat activitats a l\u2019interior de la casa, mentre que&hellip;  <a href=\"https:\/\/agora.xtec.cat\/escolajeronidemoragas\/general\/colonies-deso-al-vila-banyoles\/\" title=\"Read COL\u00d2NIES D&#8217;ESO AL VIL\u00c0, BANYOLES!\">Llegeix m\u00e9s\u00bb<\/a><\/p>\n","protected":false},"author":1,"featured_media":3797,"comment_status":"open","ping_status":"closed","sticky":false,"template":"","format":"standard","meta":{"_bbp_topic_count":0,"_bbp_reply_count":0,"_bbp_total_topic_count":0,"_bbp_total_reply_count":0,"_bbp_voice_count":0,"_bbp_anonymous_reply_count":0,"_bbp_topic_count_hidden":0,"_bbp_reply_count_hidden":0,"_bbp_forum_subforum_count":0,"footnotes":""},"categories":[86,83,1,73,4,85],"tags":[],"class_list":["post-3795","post","type-post","status-publish","format-standard","has-post-thumbnail","hentry","category-curs-2024-25","category-eso","category-general","category-marc","category-portada","category-sensorial"],"post_mailing_queue_ids":[],"_links":{"self":[{"href":"https:\/\/agora.xtec.cat\/escolajeronidemoragas\/wp-json\/wp\/v2\/posts\/3795","targetHints":{"allow":["GET"]}}],"collection":[{"href":"https:\/\/agora.xtec.cat\/escolajeronidemoragas\/wp-json\/wp\/v2\/posts"}],"about":[{"href":"https:\/\/agora.xtec.cat\/escolajeronidemoragas\/wp-json\/wp\/v2\/types\/post"}],"author":[{"embeddable":true,"href":"https:\/\/agora.xtec.cat\/escolajeronidemoragas\/wp-json\/wp\/v2\/users\/1"}],"replies":[{"embeddable":true,"href":"https:\/\/agora.xtec.cat\/escolajeronidemoragas\/wp-json\/wp\/v2\/comments?post=3795"}],"version-history":[{"count":4,"href":"https:\/\/agora.xtec.cat\/escolajeronidemoragas\/wp-json\/wp\/v2\/posts\/3795\/revisions"}],"predecessor-version":[{"id":3819,"href":"https:\/\/agora.xtec.cat\/escolajeronidemoragas\/wp-json\/wp\/v2\/posts\/3795\/revisions\/3819"}],"wp:featuredmedia":[{"embeddable":true,"href":"https:\/\/agora.xtec.cat\/escolajeronidemoragas\/wp-json\/wp\/v2\/media\/3797"}],"wp:attachment":[{"href":"https:\/\/agora.xtec.cat\/escolajeronidemoragas\/wp-json\/wp\/v2\/media?parent=3795"}],"wp:term":[{"taxonomy":"category","embeddable":true,"href":"https:\/\/agora.xtec.cat\/escolajeronidemoragas\/wp-json\/wp\/v2\/categories?post=3795"},{"taxonomy":"post_tag","embeddable":true,"href":"https:\/\/agora.xtec.cat\/escolajeronidemoragas\/wp-json\/wp\/v2\/tags?post=3795"}],"curies":[{"name":"wp","href":"https:\/\/api.w.org\/{rel}","templated":true}]}}