{"id":3573,"date":"2025-01-30T20:34:03","date_gmt":"2025-01-30T19:34:03","guid":{"rendered":"https:\/\/agora.xtec.cat\/escolajeronidemoragas\/?p=3573"},"modified":"2025-01-30T20:41:10","modified_gmt":"2025-01-30T19:41:10","slug":"un-mati-per-la-pau","status":"publish","type":"post","link":"https:\/\/agora.xtec.cat\/escolajeronidemoragas\/general\/un-mati-per-la-pau\/","title":{"rendered":"UN MAT\u00cd PER LA PAU"},"content":{"rendered":"<p>Avui, en el marc del Dia de la Pau, s&#8217;ha viscut una experi\u00e8ncia molt especial! L&#8217;agrupament de monitoratge de TVA, ha anat a l&#8217;escola La Serreta de Santpedor per explicar el conte <strong><em>El conillet tafaner<\/em> <\/strong>als alumnes d&#8217;I3, I4 i I5.<\/p>\n<p>Els nostres monitors i monitores han fet una feina excel\u00b7lent, captivant l&#8217;atenci\u00f3 dels infants amb la hist\u00f2ria i fent-los part\u00edcips d&#8217;un mat\u00ed ple d&#8217;aprenentatge i diversi\u00f3. Ha estat una jornada enriquidora en qu\u00e8 petits i grans han gaudit d&#8217;aquest moment compartit, fomentant valors com la <strong>conviv\u00e8ncia, el respecte i la pau.<\/strong><\/p>\n<p>A m\u00e9s, l&#8217;escola ha treballat el Dia de la Pau amb un mural col\u00b7lectiu i diverses din\u00e0miques per reflexionar sobre qu\u00e8 significa la pau. Entre tots han constru\u00eft un espai de di\u00e0leg i expressi\u00f3 que ha fet d\u2019aquesta celebraci\u00f3 un dia molt especial.<\/p>\n<p>Una experi\u00e8ncia inoblidable que, sens dubte, repetiran! \ud83c\udf3f\u2728\ud83d\udc30<\/p>\n\n\t\t<style type=\"text\/css\">\n\t\t\t#gallery-1 {\n\t\t\t\tmargin: auto;\n\t\t\t}\n\t\t\t#gallery-1 .gallery-item {\n\t\t\t\tfloat: left;\n\t\t\t\tmargin-top: 10px;\n\t\t\t\ttext-align: center;\n\t\t\t\twidth: 33%;\n\t\t\t}\n\t\t\t#gallery-1 img {\n\t\t\t\tborder: 2px solid #cfcfcf;\n\t\t\t}\n\t\t\t#gallery-1 .gallery-caption {\n\t\t\t\tmargin-left: 0;\n\t\t\t}\n\t\t\t\/* see gallery_shortcode() in wp-includes\/media.php *\/\n\t\t<\/style>\n\t\t<div id='gallery-1' class='gallery galleryid-3573 gallery-columns-3 gallery-size-large'><dl class='gallery-item'>\n\t\t\t<dt class='gallery-icon portrait'>\n\t\t\t\t<a href='https:\/\/agora.xtec.cat\/escolajeronidemoragas\/general\/un-mati-per-la-pau\/attachment\/whatsapp-image-2025-01-30-at-18-53-26\/'><img loading=\"lazy\" decoding=\"async\" width=\"576\" height=\"1024\" src=\"https:\/\/agora.xtec.cat\/escolajeronidemoragas\/wp-content\/uploads\/usu2509\/2025\/01\/WhatsApp-Image-2025-01-30-at-18.53.26-576x1024.jpeg\" class=\"attachment-large size-large\" alt=\"\" srcset=\"https:\/\/agora.xtec.cat\/escolajeronidemoragas\/wp-content\/uploads\/usu2509\/2025\/01\/WhatsApp-Image-2025-01-30-at-18.53.26-576x1024.jpeg 576w, https:\/\/agora.xtec.cat\/escolajeronidemoragas\/wp-content\/uploads\/usu2509\/2025\/01\/WhatsApp-Image-2025-01-30-at-18.53.26-169x300.jpeg 169w, https:\/\/agora.xtec.cat\/escolajeronidemoragas\/wp-content\/uploads\/usu2509\/2025\/01\/WhatsApp-Image-2025-01-30-at-18.53.26-768x1365.jpeg 768w, https:\/\/agora.xtec.cat\/escolajeronidemoragas\/wp-content\/uploads\/usu2509\/2025\/01\/WhatsApp-Image-2025-01-30-at-18.53.26-864x1536.jpeg 864w, https:\/\/agora.xtec.cat\/escolajeronidemoragas\/wp-content\/uploads\/usu2509\/2025\/01\/WhatsApp-Image-2025-01-30-at-18.53.26.jpeg 1152w\" sizes=\"auto, (max-width: 576px) 100vw, 576px\" \/><\/a>\n\t\t\t<\/dt><\/dl><dl class='gallery-item'>\n\t\t\t<dt class='gallery-icon landscape'>\n\t\t\t\t<a href='https:\/\/agora.xtec.cat\/escolajeronidemoragas\/general\/un-mati-per-la-pau\/attachment\/whatsapp-image-2025-01-30-at-18-52-28-1\/'><img loading=\"lazy\" decoding=\"async\" width=\"1024\" height=\"766\" src=\"https:\/\/agora.xtec.cat\/escolajeronidemoragas\/wp-content\/uploads\/usu2509\/2025\/01\/WhatsApp-Image-2025-01-30-at-18.52.28-1-1024x766.jpeg\" class=\"attachment-large size-large\" alt=\"\" srcset=\"https:\/\/agora.xtec.cat\/escolajeronidemoragas\/wp-content\/uploads\/usu2509\/2025\/01\/WhatsApp-Image-2025-01-30-at-18.52.28-1-1024x766.jpeg 1024w, https:\/\/agora.xtec.cat\/escolajeronidemoragas\/wp-content\/uploads\/usu2509\/2025\/01\/WhatsApp-Image-2025-01-30-at-18.52.28-1-300x224.jpeg 300w, https:\/\/agora.xtec.cat\/escolajeronidemoragas\/wp-content\/uploads\/usu2509\/2025\/01\/WhatsApp-Image-2025-01-30-at-18.52.28-1-768x575.jpeg 768w, https:\/\/agora.xtec.cat\/escolajeronidemoragas\/wp-content\/uploads\/usu2509\/2025\/01\/WhatsApp-Image-2025-01-30-at-18.52.28-1-1536x1149.jpeg 1536w, https:\/\/agora.xtec.cat\/escolajeronidemoragas\/wp-content\/uploads\/usu2509\/2025\/01\/WhatsApp-Image-2025-01-30-at-18.52.28-1-200x150.jpeg 200w, https:\/\/agora.xtec.cat\/escolajeronidemoragas\/wp-content\/uploads\/usu2509\/2025\/01\/WhatsApp-Image-2025-01-30-at-18.52.28-1.jpeg 1600w\" sizes=\"auto, (max-width: 1024px) 100vw, 1024px\" \/><\/a>\n\t\t\t<\/dt><\/dl><dl class='gallery-item'>\n\t\t\t<dt class='gallery-icon landscape'>\n\t\t\t\t<a href='https:\/\/agora.xtec.cat\/escolajeronidemoragas\/general\/un-mati-per-la-pau\/attachment\/whatsapp-image-2025-01-30-at-18-52-28\/'><img loading=\"lazy\" decoding=\"async\" width=\"1024\" height=\"766\" src=\"https:\/\/agora.xtec.cat\/escolajeronidemoragas\/wp-content\/uploads\/usu2509\/2025\/01\/WhatsApp-Image-2025-01-30-at-18.52.28-1024x766.jpeg\" class=\"attachment-large size-large\" alt=\"\" srcset=\"https:\/\/agora.xtec.cat\/escolajeronidemoragas\/wp-content\/uploads\/usu2509\/2025\/01\/WhatsApp-Image-2025-01-30-at-18.52.28-1024x766.jpeg 1024w, https:\/\/agora.xtec.cat\/escolajeronidemoragas\/wp-content\/uploads\/usu2509\/2025\/01\/WhatsApp-Image-2025-01-30-at-18.52.28-300x224.jpeg 300w, https:\/\/agora.xtec.cat\/escolajeronidemoragas\/wp-content\/uploads\/usu2509\/2025\/01\/WhatsApp-Image-2025-01-30-at-18.52.28-768x575.jpeg 768w, https:\/\/agora.xtec.cat\/escolajeronidemoragas\/wp-content\/uploads\/usu2509\/2025\/01\/WhatsApp-Image-2025-01-30-at-18.52.28-1536x1149.jpeg 1536w, https:\/\/agora.xtec.cat\/escolajeronidemoragas\/wp-content\/uploads\/usu2509\/2025\/01\/WhatsApp-Image-2025-01-30-at-18.52.28-200x150.jpeg 200w, https:\/\/agora.xtec.cat\/escolajeronidemoragas\/wp-content\/uploads\/usu2509\/2025\/01\/WhatsApp-Image-2025-01-30-at-18.52.28.jpeg 1600w\" sizes=\"auto, (max-width: 1024px) 100vw, 1024px\" \/><\/a>\n\t\t\t<\/dt><\/dl><br style=\"clear: both\" \/><dl class='gallery-item'>\n\t\t\t<dt class='gallery-icon portrait'>\n\t\t\t\t<a href='https:\/\/agora.xtec.cat\/escolajeronidemoragas\/general\/un-mati-per-la-pau\/attachment\/whatsapp-image-2025-01-30-at-18-52-29-1\/'><img loading=\"lazy\" decoding=\"async\" width=\"766\" height=\"1024\" src=\"https:\/\/agora.xtec.cat\/escolajeronidemoragas\/wp-content\/uploads\/usu2509\/2025\/01\/WhatsApp-Image-2025-01-30-at-18.52.29-1-766x1024.jpeg\" class=\"attachment-large size-large\" alt=\"\" srcset=\"https:\/\/agora.xtec.cat\/escolajeronidemoragas\/wp-content\/uploads\/usu2509\/2025\/01\/WhatsApp-Image-2025-01-30-at-18.52.29-1-766x1024.jpeg 766w, https:\/\/agora.xtec.cat\/escolajeronidemoragas\/wp-content\/uploads\/usu2509\/2025\/01\/WhatsApp-Image-2025-01-30-at-18.52.29-1-224x300.jpeg 224w, https:\/\/agora.xtec.cat\/escolajeronidemoragas\/wp-content\/uploads\/usu2509\/2025\/01\/WhatsApp-Image-2025-01-30-at-18.52.29-1-768x1027.jpeg 768w, https:\/\/agora.xtec.cat\/escolajeronidemoragas\/wp-content\/uploads\/usu2509\/2025\/01\/WhatsApp-Image-2025-01-30-at-18.52.29-1-1149x1536.jpeg 1149w, https:\/\/agora.xtec.cat\/escolajeronidemoragas\/wp-content\/uploads\/usu2509\/2025\/01\/WhatsApp-Image-2025-01-30-at-18.52.29-1.jpeg 1197w\" sizes=\"auto, (max-width: 766px) 100vw, 766px\" \/><\/a>\n\t\t\t<\/dt><\/dl><dl class='gallery-item'>\n\t\t\t<dt class='gallery-icon portrait'>\n\t\t\t\t<a href='https:\/\/agora.xtec.cat\/escolajeronidemoragas\/general\/un-mati-per-la-pau\/attachment\/whatsapp-image-2025-01-30-at-18-52-29-2\/'><img loading=\"lazy\" decoding=\"async\" width=\"766\" height=\"1024\" src=\"https:\/\/agora.xtec.cat\/escolajeronidemoragas\/wp-content\/uploads\/usu2509\/2025\/01\/WhatsApp-Image-2025-01-30-at-18.52.29-2-766x1024.jpeg\" class=\"attachment-large size-large\" alt=\"\" srcset=\"https:\/\/agora.xtec.cat\/escolajeronidemoragas\/wp-content\/uploads\/usu2509\/2025\/01\/WhatsApp-Image-2025-01-30-at-18.52.29-2-766x1024.jpeg 766w, https:\/\/agora.xtec.cat\/escolajeronidemoragas\/wp-content\/uploads\/usu2509\/2025\/01\/WhatsApp-Image-2025-01-30-at-18.52.29-2-224x300.jpeg 224w, https:\/\/agora.xtec.cat\/escolajeronidemoragas\/wp-content\/uploads\/usu2509\/2025\/01\/WhatsApp-Image-2025-01-30-at-18.52.29-2-768x1027.jpeg 768w, https:\/\/agora.xtec.cat\/escolajeronidemoragas\/wp-content\/uploads\/usu2509\/2025\/01\/WhatsApp-Image-2025-01-30-at-18.52.29-2-1149x1536.jpeg 1149w, https:\/\/agora.xtec.cat\/escolajeronidemoragas\/wp-content\/uploads\/usu2509\/2025\/01\/WhatsApp-Image-2025-01-30-at-18.52.29-2.jpeg 1197w\" sizes=\"auto, (max-width: 766px) 100vw, 766px\" \/><\/a>\n\t\t\t<\/dt><\/dl><dl class='gallery-item'>\n\t\t\t<dt class='gallery-icon portrait'>\n\t\t\t\t<a href='https:\/\/agora.xtec.cat\/escolajeronidemoragas\/general\/un-mati-per-la-pau\/attachment\/whatsapp-image-2025-01-30-at-18-52-29-3\/'><img loading=\"lazy\" decoding=\"async\" width=\"766\" height=\"1024\" src=\"https:\/\/agora.xtec.cat\/escolajeronidemoragas\/wp-content\/uploads\/usu2509\/2025\/01\/WhatsApp-Image-2025-01-30-at-18.52.29-3-766x1024.jpeg\" class=\"attachment-large size-large\" alt=\"\" srcset=\"https:\/\/agora.xtec.cat\/escolajeronidemoragas\/wp-content\/uploads\/usu2509\/2025\/01\/WhatsApp-Image-2025-01-30-at-18.52.29-3-766x1024.jpeg 766w, https:\/\/agora.xtec.cat\/escolajeronidemoragas\/wp-content\/uploads\/usu2509\/2025\/01\/WhatsApp-Image-2025-01-30-at-18.52.29-3-224x300.jpeg 224w, https:\/\/agora.xtec.cat\/escolajeronidemoragas\/wp-content\/uploads\/usu2509\/2025\/01\/WhatsApp-Image-2025-01-30-at-18.52.29-3-768x1027.jpeg 768w, https:\/\/agora.xtec.cat\/escolajeronidemoragas\/wp-content\/uploads\/usu2509\/2025\/01\/WhatsApp-Image-2025-01-30-at-18.52.29-3-1149x1536.jpeg 1149w, https:\/\/agora.xtec.cat\/escolajeronidemoragas\/wp-content\/uploads\/usu2509\/2025\/01\/WhatsApp-Image-2025-01-30-at-18.52.29-3.jpeg 1197w\" sizes=\"auto, (max-width: 766px) 100vw, 766px\" \/><\/a>\n\t\t\t<\/dt><\/dl><br style=\"clear: both\" \/><dl class='gallery-item'>\n\t\t\t<dt class='gallery-icon portrait'>\n\t\t\t\t<a href='https:\/\/agora.xtec.cat\/escolajeronidemoragas\/general\/un-mati-per-la-pau\/attachment\/whatsapp-image-2025-01-30-at-18-52-29\/'><img loading=\"lazy\" decoding=\"async\" width=\"766\" height=\"1024\" src=\"https:\/\/agora.xtec.cat\/escolajeronidemoragas\/wp-content\/uploads\/usu2509\/2025\/01\/WhatsApp-Image-2025-01-30-at-18.52.29-766x1024.jpeg\" class=\"attachment-large size-large\" alt=\"\" srcset=\"https:\/\/agora.xtec.cat\/escolajeronidemoragas\/wp-content\/uploads\/usu2509\/2025\/01\/WhatsApp-Image-2025-01-30-at-18.52.29-766x1024.jpeg 766w, https:\/\/agora.xtec.cat\/escolajeronidemoragas\/wp-content\/uploads\/usu2509\/2025\/01\/WhatsApp-Image-2025-01-30-at-18.52.29-224x300.jpeg 224w, https:\/\/agora.xtec.cat\/escolajeronidemoragas\/wp-content\/uploads\/usu2509\/2025\/01\/WhatsApp-Image-2025-01-30-at-18.52.29-768x1027.jpeg 768w, https:\/\/agora.xtec.cat\/escolajeronidemoragas\/wp-content\/uploads\/usu2509\/2025\/01\/WhatsApp-Image-2025-01-30-at-18.52.29-1149x1536.jpeg 1149w, https:\/\/agora.xtec.cat\/escolajeronidemoragas\/wp-content\/uploads\/usu2509\/2025\/01\/WhatsApp-Image-2025-01-30-at-18.52.29.jpeg 1197w\" sizes=\"auto, (max-width: 766px) 100vw, 766px\" \/><\/a>\n\t\t\t<\/dt><\/dl><dl class='gallery-item'>\n\t\t\t<dt class='gallery-icon portrait'>\n\t\t\t\t<a href='https:\/\/agora.xtec.cat\/escolajeronidemoragas\/general\/un-mati-per-la-pau\/attachment\/whatsapp-image-2025-01-30-at-18-53-26-1\/'><img loading=\"lazy\" decoding=\"async\" width=\"576\" height=\"1024\" src=\"https:\/\/agora.xtec.cat\/escolajeronidemoragas\/wp-content\/uploads\/usu2509\/2025\/01\/WhatsApp-Image-2025-01-30-at-18.53.26-1-576x1024.jpeg\" class=\"attachment-large size-large\" alt=\"\" srcset=\"https:\/\/agora.xtec.cat\/escolajeronidemoragas\/wp-content\/uploads\/usu2509\/2025\/01\/WhatsApp-Image-2025-01-30-at-18.53.26-1-576x1024.jpeg 576w, https:\/\/agora.xtec.cat\/escolajeronidemoragas\/wp-content\/uploads\/usu2509\/2025\/01\/WhatsApp-Image-2025-01-30-at-18.53.26-1-169x300.jpeg 169w, https:\/\/agora.xtec.cat\/escolajeronidemoragas\/wp-content\/uploads\/usu2509\/2025\/01\/WhatsApp-Image-2025-01-30-at-18.53.26-1-768x1365.jpeg 768w, https:\/\/agora.xtec.cat\/escolajeronidemoragas\/wp-content\/uploads\/usu2509\/2025\/01\/WhatsApp-Image-2025-01-30-at-18.53.26-1-864x1536.jpeg 864w, https:\/\/agora.xtec.cat\/escolajeronidemoragas\/wp-content\/uploads\/usu2509\/2025\/01\/WhatsApp-Image-2025-01-30-at-18.53.26-1.jpeg 1152w\" sizes=\"auto, (max-width: 576px) 100vw, 576px\" \/><\/a>\n\t\t\t<\/dt><\/dl><dl class='gallery-item'>\n\t\t\t<dt class='gallery-icon portrait'>\n\t\t\t\t<a href='https:\/\/agora.xtec.cat\/escolajeronidemoragas\/general\/un-mati-per-la-pau\/attachment\/whatsapp-image-2025-01-30-at-18-53-26-2\/'><img loading=\"lazy\" decoding=\"async\" width=\"576\" height=\"1024\" src=\"https:\/\/agora.xtec.cat\/escolajeronidemoragas\/wp-content\/uploads\/usu2509\/2025\/01\/WhatsApp-Image-2025-01-30-at-18.53.26-2-576x1024.jpeg\" class=\"attachment-large size-large\" alt=\"\" srcset=\"https:\/\/agora.xtec.cat\/escolajeronidemoragas\/wp-content\/uploads\/usu2509\/2025\/01\/WhatsApp-Image-2025-01-30-at-18.53.26-2-576x1024.jpeg 576w, https:\/\/agora.xtec.cat\/escolajeronidemoragas\/wp-content\/uploads\/usu2509\/2025\/01\/WhatsApp-Image-2025-01-30-at-18.53.26-2-169x300.jpeg 169w, https:\/\/agora.xtec.cat\/escolajeronidemoragas\/wp-content\/uploads\/usu2509\/2025\/01\/WhatsApp-Image-2025-01-30-at-18.53.26-2-768x1365.jpeg 768w, https:\/\/agora.xtec.cat\/escolajeronidemoragas\/wp-content\/uploads\/usu2509\/2025\/01\/WhatsApp-Image-2025-01-30-at-18.53.26-2-864x1536.jpeg 864w, https:\/\/agora.xtec.cat\/escolajeronidemoragas\/wp-content\/uploads\/usu2509\/2025\/01\/WhatsApp-Image-2025-01-30-at-18.53.26-2.jpeg 1152w\" sizes=\"auto, (max-width: 576px) 100vw, 576px\" \/><\/a>\n\t\t\t<\/dt><\/dl><br style=\"clear: both\" \/><dl class='gallery-item'>\n\t\t\t<dt class='gallery-icon portrait'>\n\t\t\t\t<a href='https:\/\/agora.xtec.cat\/escolajeronidemoragas\/general\/un-mati-per-la-pau\/attachment\/whatsapp-image-2025-01-30-at-18-53-26-3\/'><img loading=\"lazy\" decoding=\"async\" width=\"576\" height=\"1024\" src=\"https:\/\/agora.xtec.cat\/escolajeronidemoragas\/wp-content\/uploads\/usu2509\/2025\/01\/WhatsApp-Image-2025-01-30-at-18.53.26-3-576x1024.jpeg\" class=\"attachment-large size-large\" alt=\"\" srcset=\"https:\/\/agora.xtec.cat\/escolajeronidemoragas\/wp-content\/uploads\/usu2509\/2025\/01\/WhatsApp-Image-2025-01-30-at-18.53.26-3-576x1024.jpeg 576w, https:\/\/agora.xtec.cat\/escolajeronidemoragas\/wp-content\/uploads\/usu2509\/2025\/01\/WhatsApp-Image-2025-01-30-at-18.53.26-3-169x300.jpeg 169w, https:\/\/agora.xtec.cat\/escolajeronidemoragas\/wp-content\/uploads\/usu2509\/2025\/01\/WhatsApp-Image-2025-01-30-at-18.53.26-3-768x1365.jpeg 768w, https:\/\/agora.xtec.cat\/escolajeronidemoragas\/wp-content\/uploads\/usu2509\/2025\/01\/WhatsApp-Image-2025-01-30-at-18.53.26-3-864x1536.jpeg 864w, https:\/\/agora.xtec.cat\/escolajeronidemoragas\/wp-content\/uploads\/usu2509\/2025\/01\/WhatsApp-Image-2025-01-30-at-18.53.26-3.jpeg 1152w\" sizes=\"auto, (max-width: 576px) 100vw, 576px\" \/><\/a>\n\t\t\t<\/dt><\/dl><dl class='gallery-item'>\n\t\t\t<dt class='gallery-icon portrait'>\n\t\t\t\t<a href='https:\/\/agora.xtec.cat\/escolajeronidemoragas\/general\/un-mati-per-la-pau\/attachment\/whatsapp-image-2025-01-30-at-18-53-26-4\/'><img loading=\"lazy\" decoding=\"async\" width=\"576\" height=\"1024\" src=\"https:\/\/agora.xtec.cat\/escolajeronidemoragas\/wp-content\/uploads\/usu2509\/2025\/01\/WhatsApp-Image-2025-01-30-at-18.53.26-4-576x1024.jpeg\" class=\"attachment-large size-large\" alt=\"\" srcset=\"https:\/\/agora.xtec.cat\/escolajeronidemoragas\/wp-content\/uploads\/usu2509\/2025\/01\/WhatsApp-Image-2025-01-30-at-18.53.26-4-576x1024.jpeg 576w, https:\/\/agora.xtec.cat\/escolajeronidemoragas\/wp-content\/uploads\/usu2509\/2025\/01\/WhatsApp-Image-2025-01-30-at-18.53.26-4-169x300.jpeg 169w, https:\/\/agora.xtec.cat\/escolajeronidemoragas\/wp-content\/uploads\/usu2509\/2025\/01\/WhatsApp-Image-2025-01-30-at-18.53.26-4-768x1365.jpeg 768w, https:\/\/agora.xtec.cat\/escolajeronidemoragas\/wp-content\/uploads\/usu2509\/2025\/01\/WhatsApp-Image-2025-01-30-at-18.53.26-4-864x1536.jpeg 864w, https:\/\/agora.xtec.cat\/escolajeronidemoragas\/wp-content\/uploads\/usu2509\/2025\/01\/WhatsApp-Image-2025-01-30-at-18.53.26-4.jpeg 1152w\" sizes=\"auto, (max-width: 576px) 100vw, 576px\" \/><\/a>\n\t\t\t<\/dt><\/dl><dl class='gallery-item'>\n\t\t\t<dt class='gallery-icon portrait'>\n\t\t\t\t<a href='https:\/\/agora.xtec.cat\/escolajeronidemoragas\/general\/un-mati-per-la-pau\/attachment\/whatsapp-image-2025-01-30-at-18-53-26-5\/'><img loading=\"lazy\" decoding=\"async\" width=\"576\" height=\"1024\" src=\"https:\/\/agora.xtec.cat\/escolajeronidemoragas\/wp-content\/uploads\/usu2509\/2025\/01\/WhatsApp-Image-2025-01-30-at-18.53.26-5-576x1024.jpeg\" class=\"attachment-large size-large\" alt=\"\" srcset=\"https:\/\/agora.xtec.cat\/escolajeronidemoragas\/wp-content\/uploads\/usu2509\/2025\/01\/WhatsApp-Image-2025-01-30-at-18.53.26-5-576x1024.jpeg 576w, https:\/\/agora.xtec.cat\/escolajeronidemoragas\/wp-content\/uploads\/usu2509\/2025\/01\/WhatsApp-Image-2025-01-30-at-18.53.26-5-169x300.jpeg 169w, https:\/\/agora.xtec.cat\/escolajeronidemoragas\/wp-content\/uploads\/usu2509\/2025\/01\/WhatsApp-Image-2025-01-30-at-18.53.26-5-768x1365.jpeg 768w, https:\/\/agora.xtec.cat\/escolajeronidemoragas\/wp-content\/uploads\/usu2509\/2025\/01\/WhatsApp-Image-2025-01-30-at-18.53.26-5-864x1536.jpeg 864w, https:\/\/agora.xtec.cat\/escolajeronidemoragas\/wp-content\/uploads\/usu2509\/2025\/01\/WhatsApp-Image-2025-01-30-at-18.53.26-5.jpeg 1152w\" sizes=\"auto, (max-width: 576px) 100vw, 576px\" \/><\/a>\n\t\t\t<\/dt><\/dl><br style=\"clear: both\" \/><dl class='gallery-item'>\n\t\t\t<dt class='gallery-icon portrait'>\n\t\t\t\t<a href='https:\/\/agora.xtec.cat\/escolajeronidemoragas\/general\/un-mati-per-la-pau\/attachment\/whatsapp-image-2025-01-30-at-18-53-26-6\/'><img loading=\"lazy\" decoding=\"async\" width=\"576\" height=\"1024\" src=\"https:\/\/agora.xtec.cat\/escolajeronidemoragas\/wp-content\/uploads\/usu2509\/2025\/01\/WhatsApp-Image-2025-01-30-at-18.53.26-6-576x1024.jpeg\" class=\"attachment-large size-large\" alt=\"\" srcset=\"https:\/\/agora.xtec.cat\/escolajeronidemoragas\/wp-content\/uploads\/usu2509\/2025\/01\/WhatsApp-Image-2025-01-30-at-18.53.26-6-576x1024.jpeg 576w, https:\/\/agora.xtec.cat\/escolajeronidemoragas\/wp-content\/uploads\/usu2509\/2025\/01\/WhatsApp-Image-2025-01-30-at-18.53.26-6-169x300.jpeg 169w, https:\/\/agora.xtec.cat\/escolajeronidemoragas\/wp-content\/uploads\/usu2509\/2025\/01\/WhatsApp-Image-2025-01-30-at-18.53.26-6-768x1365.jpeg 768w, https:\/\/agora.xtec.cat\/escolajeronidemoragas\/wp-content\/uploads\/usu2509\/2025\/01\/WhatsApp-Image-2025-01-30-at-18.53.26-6-864x1536.jpeg 864w, https:\/\/agora.xtec.cat\/escolajeronidemoragas\/wp-content\/uploads\/usu2509\/2025\/01\/WhatsApp-Image-2025-01-30-at-18.53.26-6.jpeg 900w\" sizes=\"auto, (max-width: 576px) 100vw, 576px\" \/><\/a>\n\t\t\t<\/dt><\/dl>\n\t\t\t<br style='clear: both' \/>\n\t\t<\/div>\n\n","protected":false},"excerpt":{"rendered":"<p>Avui, en el marc del Dia de la Pau, s&#8217;ha viscut una experi\u00e8ncia molt especial! L&#8217;agrupament de monitoratge de TVA, ha anat a l&#8217;escola La Serreta de Santpedor per explicar el conte El conillet tafaner als alumnes d&#8217;I3, I4 i I5.<br \/>\nEls nostres monitors i monitores&hellip;  <a href=\"https:\/\/agora.xtec.cat\/escolajeronidemoragas\/general\/un-mati-per-la-pau\/\" title=\"Read UN MAT\u00cd PER LA PAU\">Llegeix m\u00e9s\u00bb<\/a><\/p>\n","protected":false},"author":1,"featured_media":3582,"comment_status":"open","ping_status":"closed","sticky":false,"template":"","format":"standard","meta":{"_bbp_topic_count":0,"_bbp_reply_count":0,"_bbp_total_topic_count":0,"_bbp_total_reply_count":0,"_bbp_voice_count":0,"_bbp_anonymous_reply_count":0,"_bbp_topic_count_hidden":0,"_bbp_reply_count_hidden":0,"_bbp_forum_subforum_count":0,"footnotes":""},"categories":[10,11,12,13,14,15,86,71,1,2,4,85,84],"tags":[],"class_list":["post-3573","post","type-post","status-publish","format-standard","has-post-thumbnail","hentry","category-1r","category-2n","category-3r","category-4t","category-5e","category-6e","category-curs-2024-25","category-gener","category-general","category-infantil-i-primaria","category-portada","category-sensorial","category-tva"],"post_mailing_queue_ids":[],"_links":{"self":[{"href":"https:\/\/agora.xtec.cat\/escolajeronidemoragas\/wp-json\/wp\/v2\/posts\/3573","targetHints":{"allow":["GET"]}}],"collection":[{"href":"https:\/\/agora.xtec.cat\/escolajeronidemoragas\/wp-json\/wp\/v2\/posts"}],"about":[{"href":"https:\/\/agora.xtec.cat\/escolajeronidemoragas\/wp-json\/wp\/v2\/types\/post"}],"author":[{"embeddable":true,"href":"https:\/\/agora.xtec.cat\/escolajeronidemoragas\/wp-json\/wp\/v2\/users\/1"}],"replies":[{"embeddable":true,"href":"https:\/\/agora.xtec.cat\/escolajeronidemoragas\/wp-json\/wp\/v2\/comments?post=3573"}],"version-history":[{"count":2,"href":"https:\/\/agora.xtec.cat\/escolajeronidemoragas\/wp-json\/wp\/v2\/posts\/3573\/revisions"}],"predecessor-version":[{"id":3588,"href":"https:\/\/agora.xtec.cat\/escolajeronidemoragas\/wp-json\/wp\/v2\/posts\/3573\/revisions\/3588"}],"wp:featuredmedia":[{"embeddable":true,"href":"https:\/\/agora.xtec.cat\/escolajeronidemoragas\/wp-json\/wp\/v2\/media\/3582"}],"wp:attachment":[{"href":"https:\/\/agora.xtec.cat\/escolajeronidemoragas\/wp-json\/wp\/v2\/media?parent=3573"}],"wp:term":[{"taxonomy":"category","embeddable":true,"href":"https:\/\/agora.xtec.cat\/escolajeronidemoragas\/wp-json\/wp\/v2\/categories?post=3573"},{"taxonomy":"post_tag","embeddable":true,"href":"https:\/\/agora.xtec.cat\/escolajeronidemoragas\/wp-json\/wp\/v2\/tags?post=3573"}],"curies":[{"name":"wp","href":"https:\/\/api.w.org\/{rel}","templated":true}]}}