{"id":3563,"date":"2025-01-24T20:32:40","date_gmt":"2025-01-24T19:32:40","guid":{"rendered":"https:\/\/agora.xtec.cat\/escolajeronidemoragas\/?p=3563"},"modified":"2025-01-24T20:45:16","modified_gmt":"2025-01-24T19:45:16","slug":"premis-drac-2025","status":"publish","type":"post","link":"https:\/\/agora.xtec.cat\/escolajeronidemoragas\/general\/premis-drac-2025\/","title":{"rendered":"PREMIS DRAC 2025"},"content":{"rendered":"<div class=\"flex-shrink-0 flex flex-col relative items-end\">\n<div>\n<div class=\"pt-0\">\n<div class=\"gizmo-bot-avatar flex h-8 w-8 items-center justify-center overflow-hidden rounded-full\">\n<div class=\"relative p-1 rounded-sm flex items-center justify-center bg-token-main-surface-primary text-token-text-primary h-8 w-8\"><\/div>\n<\/div>\n<\/div>\n<\/div>\n<\/div>\n<div class=\"group\/conversation-turn relative flex w-full min-w-0 flex-col agent-turn\">\n<div class=\"flex-col gap-1 md:gap-3\">\n<div class=\"flex max-w-full flex-col flex-grow\">\n<div class=\"min-h-8 text-message flex w-full flex-col items-end gap-2 whitespace-normal break-words text-start [.text-message+&amp;]:mt-5\" dir=\"auto\" data-message-author-role=\"assistant\" data-message-id=\"909f14c3-f016-449d-bbc9-568b1a83fc44\" data-message-model-slug=\"gpt-4o\">\n<div class=\"flex w-full flex-col gap-1 empty:hidden first:pt-[3px]\">\n<div class=\"markdown prose w-full break-words dark:prose-invert light\">\n<p>L\u2019escola Jeroni de Moragas, d\u2019AMPANS, ha anunciat la <strong>3a Edici\u00f3 dels Premis Drac,<\/strong> un concurs literari dirigit a les escoles i instituts de Santpedor i Castellnou. Aquest any, el g\u00e8nere protagonista \u00e9s el <strong>cal\u00b7ligrama<\/strong>, una expressi\u00f3 art\u00edstica que combina text i imatge per crear obres que s\u00f3n tant visuals com liter\u00e0ries.<\/p>\n<p>Els participants tindran temps fins al <strong>14 de mar\u00e7<\/strong> per presentar les seves creacions. Des de l\u2019organitzaci\u00f3 s\u2019ha compartit la convocat\u00f2ria i el cartell per tal d\u2019animar a estudiants i docents a participar-hi.<\/p>\n<p>Per a m\u00e9s informaci\u00f3 o per resoldre dubtes, podeu contactar amb l\u2019equip de l\u2019escola Jeroni de Moragas.<\/p>\n<p>Aquest projecte fomenta la creativitat i l\u2019expressi\u00f3 art\u00edstica entre els joves, refor\u00e7ant alhora els vincles entre les escoles i instituts de la zona.<\/p>\n<p>No deixeu escapar aquesta oportunitat de donar vida a les vostres idees!<\/p>\n<p><strong>Esperem la vostra participaci\u00f3!<\/strong><\/p>\n<p><a href=\"https:\/\/agora.xtec.cat\/escolajeronidemoragas\/wp-content\/uploads\/usu2509\/2025\/01\/Cartell-Premis-Drac-2025.pdf\">Cartell Premis Drac 2025<\/a><\/p>\n<p><a href=\"https:\/\/agora.xtec.cat\/escolajeronidemoragas\/wp-content\/uploads\/usu2509\/2025\/01\/CONVOCATORIA-24-ok.pdf\">CONVOCATORIA 24 ok<\/a><\/p>\n\n\t\t<style type=\"text\/css\">\n\t\t\t#gallery-1 {\n\t\t\t\tmargin: auto;\n\t\t\t}\n\t\t\t#gallery-1 .gallery-item {\n\t\t\t\tfloat: left;\n\t\t\t\tmargin-top: 10px;\n\t\t\t\ttext-align: center;\n\t\t\t\twidth: 50%;\n\t\t\t}\n\t\t\t#gallery-1 img {\n\t\t\t\tborder: 2px solid #cfcfcf;\n\t\t\t}\n\t\t\t#gallery-1 .gallery-caption {\n\t\t\t\tmargin-left: 0;\n\t\t\t}\n\t\t\t\/* see gallery_shortcode() in wp-includes\/media.php *\/\n\t\t<\/style>\n\t\t<div id='gallery-1' class='gallery galleryid-3563 gallery-columns-2 gallery-size-large'><dl class='gallery-item'>\n\t\t\t<dt class='gallery-icon portrait'>\n\t\t\t\t<a href='https:\/\/agora.xtec.cat\/escolajeronidemoragas\/general\/premis-drac-2025\/attachment\/cartell-premis-drac-2025-1-2_page-0001\/'><img loading=\"lazy\" decoding=\"async\" width=\"726\" height=\"1024\" src=\"https:\/\/agora.xtec.cat\/escolajeronidemoragas\/wp-content\/uploads\/usu2509\/2025\/01\/Cartell-Premis-Drac-2025-1-2_page-0001-726x1024.jpg\" class=\"attachment-large size-large\" alt=\"\" srcset=\"https:\/\/agora.xtec.cat\/escolajeronidemoragas\/wp-content\/uploads\/usu2509\/2025\/01\/Cartell-Premis-Drac-2025-1-2_page-0001-726x1024.jpg 726w, https:\/\/agora.xtec.cat\/escolajeronidemoragas\/wp-content\/uploads\/usu2509\/2025\/01\/Cartell-Premis-Drac-2025-1-2_page-0001-213x300.jpg 213w, https:\/\/agora.xtec.cat\/escolajeronidemoragas\/wp-content\/uploads\/usu2509\/2025\/01\/Cartell-Premis-Drac-2025-1-2_page-0001-768x1084.jpg 768w, https:\/\/agora.xtec.cat\/escolajeronidemoragas\/wp-content\/uploads\/usu2509\/2025\/01\/Cartell-Premis-Drac-2025-1-2_page-0001-1088x1536.jpg 1088w, https:\/\/agora.xtec.cat\/escolajeronidemoragas\/wp-content\/uploads\/usu2509\/2025\/01\/Cartell-Premis-Drac-2025-1-2_page-0001-1451x2048.jpg 1451w, https:\/\/agora.xtec.cat\/escolajeronidemoragas\/wp-content\/uploads\/usu2509\/2025\/01\/Cartell-Premis-Drac-2025-1-2_page-0001.jpg 1767w\" sizes=\"auto, (max-width: 726px) 100vw, 726px\" \/><\/a>\n\t\t\t<\/dt><\/dl><dl class='gallery-item'>\n\t\t\t<dt class='gallery-icon portrait'>\n\t\t\t\t<a href='https:\/\/agora.xtec.cat\/escolajeronidemoragas\/general\/premis-drac-2025\/attachment\/convocatoria-24-ok-1-2_page-0002\/'><img loading=\"lazy\" decoding=\"async\" width=\"725\" height=\"1024\" src=\"https:\/\/agora.xtec.cat\/escolajeronidemoragas\/wp-content\/uploads\/usu2509\/2025\/01\/CONVOCATORIA-24-ok-1-2_page-0002-725x1024.jpg\" class=\"attachment-large size-large\" alt=\"\" srcset=\"https:\/\/agora.xtec.cat\/escolajeronidemoragas\/wp-content\/uploads\/usu2509\/2025\/01\/CONVOCATORIA-24-ok-1-2_page-0002-725x1024.jpg 725w, https:\/\/agora.xtec.cat\/escolajeronidemoragas\/wp-content\/uploads\/usu2509\/2025\/01\/CONVOCATORIA-24-ok-1-2_page-0002-212x300.jpg 212w, https:\/\/agora.xtec.cat\/escolajeronidemoragas\/wp-content\/uploads\/usu2509\/2025\/01\/CONVOCATORIA-24-ok-1-2_page-0002-768x1085.jpg 768w, https:\/\/agora.xtec.cat\/escolajeronidemoragas\/wp-content\/uploads\/usu2509\/2025\/01\/CONVOCATORIA-24-ok-1-2_page-0002-1087x1536.jpg 1087w, https:\/\/agora.xtec.cat\/escolajeronidemoragas\/wp-content\/uploads\/usu2509\/2025\/01\/CONVOCATORIA-24-ok-1-2_page-0002.jpg 1241w\" sizes=\"auto, (max-width: 725px) 100vw, 725px\" \/><\/a>\n\t\t\t<\/dt><\/dl><br style=\"clear: both\" \/>\n\t\t<\/div>\n\n<\/div>\n<\/div>\n<\/div>\n<\/div>\n<\/div>\n<\/div>\n","protected":false},"excerpt":{"rendered":"<p>L\u2019escola Jeroni de Moragas, d\u2019AMPANS, ha anunciat la 3a Edici\u00f3 dels Premis Drac, un concurs literari dirigit a les escoles i instituts de Santpedor i Castellnou. Aquest any, el g\u00e8nere protagonista \u00e9s el cal\u00b7ligrama, una expressi\u00f3 art\u00edstica que combina text i imatge per crear obres&hellip;  <a href=\"https:\/\/agora.xtec.cat\/escolajeronidemoragas\/general\/premis-drac-2025\/\" title=\"Read PREMIS DRAC 2025\">Llegeix m\u00e9s\u00bb<\/a><\/p>\n","protected":false},"author":1,"featured_media":3569,"comment_status":"open","ping_status":"closed","sticky":false,"template":"","format":"standard","meta":{"_bbp_topic_count":0,"_bbp_reply_count":0,"_bbp_total_topic_count":0,"_bbp_total_reply_count":0,"_bbp_voice_count":0,"_bbp_anonymous_reply_count":0,"_bbp_topic_count_hidden":0,"_bbp_reply_count_hidden":0,"_bbp_forum_subforum_count":0,"footnotes":""},"categories":[10,11,12,13,15,7,86,83,72,1,2,73,4,85,84],"tags":[],"class_list":["post-3563","post","type-post","status-publish","format-standard","has-post-thumbnail","hentry","category-1r","category-2n","category-3r","category-4t","category-6e","category-ampa","category-curs-2024-25","category-eso","category-febrer","category-general","category-infantil-i-primaria","category-marc","category-portada","category-sensorial","category-tva"],"post_mailing_queue_ids":[],"_links":{"self":[{"href":"https:\/\/agora.xtec.cat\/escolajeronidemoragas\/wp-json\/wp\/v2\/posts\/3563","targetHints":{"allow":["GET"]}}],"collection":[{"href":"https:\/\/agora.xtec.cat\/escolajeronidemoragas\/wp-json\/wp\/v2\/posts"}],"about":[{"href":"https:\/\/agora.xtec.cat\/escolajeronidemoragas\/wp-json\/wp\/v2\/types\/post"}],"author":[{"embeddable":true,"href":"https:\/\/agora.xtec.cat\/escolajeronidemoragas\/wp-json\/wp\/v2\/users\/1"}],"replies":[{"embeddable":true,"href":"https:\/\/agora.xtec.cat\/escolajeronidemoragas\/wp-json\/wp\/v2\/comments?post=3563"}],"version-history":[{"count":3,"href":"https:\/\/agora.xtec.cat\/escolajeronidemoragas\/wp-json\/wp\/v2\/posts\/3563\/revisions"}],"predecessor-version":[{"id":3572,"href":"https:\/\/agora.xtec.cat\/escolajeronidemoragas\/wp-json\/wp\/v2\/posts\/3563\/revisions\/3572"}],"wp:featuredmedia":[{"embeddable":true,"href":"https:\/\/agora.xtec.cat\/escolajeronidemoragas\/wp-json\/wp\/v2\/media\/3569"}],"wp:attachment":[{"href":"https:\/\/agora.xtec.cat\/escolajeronidemoragas\/wp-json\/wp\/v2\/media?parent=3563"}],"wp:term":[{"taxonomy":"category","embeddable":true,"href":"https:\/\/agora.xtec.cat\/escolajeronidemoragas\/wp-json\/wp\/v2\/categories?post=3563"},{"taxonomy":"post_tag","embeddable":true,"href":"https:\/\/agora.xtec.cat\/escolajeronidemoragas\/wp-json\/wp\/v2\/tags?post=3563"}],"curies":[{"name":"wp","href":"https:\/\/api.w.org\/{rel}","templated":true}]}}