{"id":3557,"date":"2025-01-24T19:53:59","date_gmt":"2025-01-24T18:53:59","guid":{"rendered":"https:\/\/agora.xtec.cat\/escolajeronidemoragas\/?p=3557"},"modified":"2025-01-24T19:53:59","modified_gmt":"2025-01-24T18:53:59","slug":"practiques-internacionals-a-ampans","status":"publish","type":"post","link":"https:\/\/agora.xtec.cat\/escolajeronidemoragas\/general\/practiques-internacionals-a-ampans\/","title":{"rendered":"PR\u00c0CTIQUES INTERNACIONALS A AMPANS"},"content":{"rendered":"<p>Aquesta setmana hem donat la benvinguda als alumnes que finalitzen el <strong>postgrau de Salut Mental<\/strong> en persones amb discapacitat intel\u00b7lectual de la prestigiosa <strong>Universitat Andr\u00e9s Bello de Xile.<\/strong> Durant la seva estada, aquests futurs professionals realitzaran pr\u00e0ctiques formatives a la nostra escola i a diversos centres i serveis gestionats per AMPANS.<\/p>\n<p>Aquesta col\u00b7laboraci\u00f3 internacional enforteix els lla\u00e7os acad\u00e8mics i professionals entre institucions i permet compartir coneixements i experi\u00e8ncies en l&#8217;\u00e0mbit de la discapacitat intel\u00b7lectual i la salut mental. Estem segurs que la seva estada ser\u00e0 enriquidora tant per als alumnes com per a les nostres comunitats.<\/p>\n<p><strong>Benvinguts i desitgem que sigui una experi\u00e8ncia plena d&#8217;aprenentatges i viv\u00e8ncies positives!<\/strong><\/p>\n\n\t\t<style type=\"text\/css\">\n\t\t\t#gallery-1 {\n\t\t\t\tmargin: auto;\n\t\t\t}\n\t\t\t#gallery-1 .gallery-item {\n\t\t\t\tfloat: left;\n\t\t\t\tmargin-top: 10px;\n\t\t\t\ttext-align: center;\n\t\t\t\twidth: 33%;\n\t\t\t}\n\t\t\t#gallery-1 img {\n\t\t\t\tborder: 2px solid #cfcfcf;\n\t\t\t}\n\t\t\t#gallery-1 .gallery-caption {\n\t\t\t\tmargin-left: 0;\n\t\t\t}\n\t\t\t\/* see gallery_shortcode() in wp-includes\/media.php *\/\n\t\t<\/style>\n\t\t<div id='gallery-1' class='gallery galleryid-3557 gallery-columns-3 gallery-size-large'><dl class='gallery-item'>\n\t\t\t<dt class='gallery-icon landscape'>\n\t\t\t\t<a href='https:\/\/agora.xtec.cat\/escolajeronidemoragas\/general\/practiques-internacionals-a-ampans\/attachment\/whatsapp-image-2025-01-24-at-15-01-04-2\/'><img loading=\"lazy\" decoding=\"async\" width=\"1024\" height=\"768\" src=\"https:\/\/agora.xtec.cat\/escolajeronidemoragas\/wp-content\/uploads\/usu2509\/2025\/01\/WhatsApp-Image-2025-01-24-at-15.01.04-2-1024x768.jpeg\" class=\"attachment-large size-large\" alt=\"\" srcset=\"https:\/\/agora.xtec.cat\/escolajeronidemoragas\/wp-content\/uploads\/usu2509\/2025\/01\/WhatsApp-Image-2025-01-24-at-15.01.04-2-1024x768.jpeg 1024w, https:\/\/agora.xtec.cat\/escolajeronidemoragas\/wp-content\/uploads\/usu2509\/2025\/01\/WhatsApp-Image-2025-01-24-at-15.01.04-2-300x225.jpeg 300w, https:\/\/agora.xtec.cat\/escolajeronidemoragas\/wp-content\/uploads\/usu2509\/2025\/01\/WhatsApp-Image-2025-01-24-at-15.01.04-2-768x576.jpeg 768w, https:\/\/agora.xtec.cat\/escolajeronidemoragas\/wp-content\/uploads\/usu2509\/2025\/01\/WhatsApp-Image-2025-01-24-at-15.01.04-2-1536x1152.jpeg 1536w, https:\/\/agora.xtec.cat\/escolajeronidemoragas\/wp-content\/uploads\/usu2509\/2025\/01\/WhatsApp-Image-2025-01-24-at-15.01.04-2-200x150.jpeg 200w, https:\/\/agora.xtec.cat\/escolajeronidemoragas\/wp-content\/uploads\/usu2509\/2025\/01\/WhatsApp-Image-2025-01-24-at-15.01.04-2.jpeg 1600w\" sizes=\"auto, (max-width: 1024px) 100vw, 1024px\" \/><\/a>\n\t\t\t<\/dt><\/dl><dl class='gallery-item'>\n\t\t\t<dt class='gallery-icon landscape'>\n\t\t\t\t<a href='https:\/\/agora.xtec.cat\/escolajeronidemoragas\/general\/practiques-internacionals-a-ampans\/attachment\/whatsapp-image-2025-01-24-at-15-01-04\/'><img loading=\"lazy\" decoding=\"async\" width=\"1024\" height=\"768\" src=\"https:\/\/agora.xtec.cat\/escolajeronidemoragas\/wp-content\/uploads\/usu2509\/2025\/01\/WhatsApp-Image-2025-01-24-at-15.01.04-1024x768.jpeg\" class=\"attachment-large size-large\" alt=\"\" srcset=\"https:\/\/agora.xtec.cat\/escolajeronidemoragas\/wp-content\/uploads\/usu2509\/2025\/01\/WhatsApp-Image-2025-01-24-at-15.01.04-1024x768.jpeg 1024w, https:\/\/agora.xtec.cat\/escolajeronidemoragas\/wp-content\/uploads\/usu2509\/2025\/01\/WhatsApp-Image-2025-01-24-at-15.01.04-300x225.jpeg 300w, https:\/\/agora.xtec.cat\/escolajeronidemoragas\/wp-content\/uploads\/usu2509\/2025\/01\/WhatsApp-Image-2025-01-24-at-15.01.04-768x576.jpeg 768w, https:\/\/agora.xtec.cat\/escolajeronidemoragas\/wp-content\/uploads\/usu2509\/2025\/01\/WhatsApp-Image-2025-01-24-at-15.01.04-1536x1152.jpeg 1536w, https:\/\/agora.xtec.cat\/escolajeronidemoragas\/wp-content\/uploads\/usu2509\/2025\/01\/WhatsApp-Image-2025-01-24-at-15.01.04-200x150.jpeg 200w, https:\/\/agora.xtec.cat\/escolajeronidemoragas\/wp-content\/uploads\/usu2509\/2025\/01\/WhatsApp-Image-2025-01-24-at-15.01.04.jpeg 1600w\" sizes=\"auto, (max-width: 1024px) 100vw, 1024px\" \/><\/a>\n\t\t\t<\/dt><\/dl><dl class='gallery-item'>\n\t\t\t<dt class='gallery-icon landscape'>\n\t\t\t\t<a href='https:\/\/agora.xtec.cat\/escolajeronidemoragas\/general\/practiques-internacionals-a-ampans\/attachment\/whatsapp-image-2025-01-24-at-15-01-05-2\/'><img loading=\"lazy\" decoding=\"async\" width=\"1024\" height=\"768\" src=\"https:\/\/agora.xtec.cat\/escolajeronidemoragas\/wp-content\/uploads\/usu2509\/2025\/01\/WhatsApp-Image-2025-01-24-at-15.01.05-2-1024x768.jpeg\" class=\"attachment-large size-large\" alt=\"\" srcset=\"https:\/\/agora.xtec.cat\/escolajeronidemoragas\/wp-content\/uploads\/usu2509\/2025\/01\/WhatsApp-Image-2025-01-24-at-15.01.05-2-1024x768.jpeg 1024w, https:\/\/agora.xtec.cat\/escolajeronidemoragas\/wp-content\/uploads\/usu2509\/2025\/01\/WhatsApp-Image-2025-01-24-at-15.01.05-2-300x225.jpeg 300w, https:\/\/agora.xtec.cat\/escolajeronidemoragas\/wp-content\/uploads\/usu2509\/2025\/01\/WhatsApp-Image-2025-01-24-at-15.01.05-2-768x576.jpeg 768w, https:\/\/agora.xtec.cat\/escolajeronidemoragas\/wp-content\/uploads\/usu2509\/2025\/01\/WhatsApp-Image-2025-01-24-at-15.01.05-2-1536x1152.jpeg 1536w, https:\/\/agora.xtec.cat\/escolajeronidemoragas\/wp-content\/uploads\/usu2509\/2025\/01\/WhatsApp-Image-2025-01-24-at-15.01.05-2-200x150.jpeg 200w, https:\/\/agora.xtec.cat\/escolajeronidemoragas\/wp-content\/uploads\/usu2509\/2025\/01\/WhatsApp-Image-2025-01-24-at-15.01.05-2.jpeg 1600w\" sizes=\"auto, (max-width: 1024px) 100vw, 1024px\" \/><\/a>\n\t\t\t<\/dt><\/dl><br style=\"clear: both\" \/><dl class='gallery-item'>\n\t\t\t<dt class='gallery-icon landscape'>\n\t\t\t\t<a href='https:\/\/agora.xtec.cat\/escolajeronidemoragas\/general\/practiques-internacionals-a-ampans\/attachment\/whatsapp-image-2025-01-24-at-15-01-05\/'><img loading=\"lazy\" decoding=\"async\" width=\"1024\" height=\"768\" src=\"https:\/\/agora.xtec.cat\/escolajeronidemoragas\/wp-content\/uploads\/usu2509\/2025\/01\/WhatsApp-Image-2025-01-24-at-15.01.05-1024x768.jpeg\" class=\"attachment-large size-large\" alt=\"\" srcset=\"https:\/\/agora.xtec.cat\/escolajeronidemoragas\/wp-content\/uploads\/usu2509\/2025\/01\/WhatsApp-Image-2025-01-24-at-15.01.05-1024x768.jpeg 1024w, https:\/\/agora.xtec.cat\/escolajeronidemoragas\/wp-content\/uploads\/usu2509\/2025\/01\/WhatsApp-Image-2025-01-24-at-15.01.05-300x225.jpeg 300w, https:\/\/agora.xtec.cat\/escolajeronidemoragas\/wp-content\/uploads\/usu2509\/2025\/01\/WhatsApp-Image-2025-01-24-at-15.01.05-768x576.jpeg 768w, https:\/\/agora.xtec.cat\/escolajeronidemoragas\/wp-content\/uploads\/usu2509\/2025\/01\/WhatsApp-Image-2025-01-24-at-15.01.05-1536x1152.jpeg 1536w, https:\/\/agora.xtec.cat\/escolajeronidemoragas\/wp-content\/uploads\/usu2509\/2025\/01\/WhatsApp-Image-2025-01-24-at-15.01.05-200x150.jpeg 200w, https:\/\/agora.xtec.cat\/escolajeronidemoragas\/wp-content\/uploads\/usu2509\/2025\/01\/WhatsApp-Image-2025-01-24-at-15.01.05.jpeg 1600w\" sizes=\"auto, (max-width: 1024px) 100vw, 1024px\" \/><\/a>\n\t\t\t<\/dt><\/dl>\n\t\t\t<br style='clear: both' \/>\n\t\t<\/div>\n\n","protected":false},"excerpt":{"rendered":"<p>Aquesta setmana hem donat la benvinguda als alumnes que finalitzen el postgrau de Salut Mental en persones amb discapacitat intel\u00b7lectual de la prestigiosa Universitat Andr\u00e9s Bello de Xile. Durant la seva estada, aquests futurs professionals realitzaran pr\u00e0ctiques formatives a la nostra escola i a diversos&hellip;  <a href=\"https:\/\/agora.xtec.cat\/escolajeronidemoragas\/general\/practiques-internacionals-a-ampans\/\" title=\"Read PR\u00c0CTIQUES INTERNACIONALS A AMPANS\">Llegeix m\u00e9s\u00bb<\/a><\/p>\n","protected":false},"author":1,"featured_media":3559,"comment_status":"open","ping_status":"closed","sticky":false,"template":"","format":"standard","meta":{"_bbp_topic_count":0,"_bbp_reply_count":0,"_bbp_total_topic_count":0,"_bbp_total_reply_count":0,"_bbp_voice_count":0,"_bbp_anonymous_reply_count":0,"_bbp_topic_count_hidden":0,"_bbp_reply_count_hidden":0,"_bbp_forum_subforum_count":0,"footnotes":""},"categories":[10,11,12,13,14,15,7,86,83,72,71,1,2,4,85,84],"tags":[],"class_list":["post-3557","post","type-post","status-publish","format-standard","has-post-thumbnail","hentry","category-1r","category-2n","category-3r","category-4t","category-5e","category-6e","category-ampa","category-curs-2024-25","category-eso","category-febrer","category-gener","category-general","category-infantil-i-primaria","category-portada","category-sensorial","category-tva"],"post_mailing_queue_ids":[],"_links":{"self":[{"href":"https:\/\/agora.xtec.cat\/escolajeronidemoragas\/wp-json\/wp\/v2\/posts\/3557","targetHints":{"allow":["GET"]}}],"collection":[{"href":"https:\/\/agora.xtec.cat\/escolajeronidemoragas\/wp-json\/wp\/v2\/posts"}],"about":[{"href":"https:\/\/agora.xtec.cat\/escolajeronidemoragas\/wp-json\/wp\/v2\/types\/post"}],"author":[{"embeddable":true,"href":"https:\/\/agora.xtec.cat\/escolajeronidemoragas\/wp-json\/wp\/v2\/users\/1"}],"replies":[{"embeddable":true,"href":"https:\/\/agora.xtec.cat\/escolajeronidemoragas\/wp-json\/wp\/v2\/comments?post=3557"}],"version-history":[{"count":1,"href":"https:\/\/agora.xtec.cat\/escolajeronidemoragas\/wp-json\/wp\/v2\/posts\/3557\/revisions"}],"predecessor-version":[{"id":3562,"href":"https:\/\/agora.xtec.cat\/escolajeronidemoragas\/wp-json\/wp\/v2\/posts\/3557\/revisions\/3562"}],"wp:featuredmedia":[{"embeddable":true,"href":"https:\/\/agora.xtec.cat\/escolajeronidemoragas\/wp-json\/wp\/v2\/media\/3559"}],"wp:attachment":[{"href":"https:\/\/agora.xtec.cat\/escolajeronidemoragas\/wp-json\/wp\/v2\/media?parent=3557"}],"wp:term":[{"taxonomy":"category","embeddable":true,"href":"https:\/\/agora.xtec.cat\/escolajeronidemoragas\/wp-json\/wp\/v2\/categories?post=3557"},{"taxonomy":"post_tag","embeddable":true,"href":"https:\/\/agora.xtec.cat\/escolajeronidemoragas\/wp-json\/wp\/v2\/tags?post=3557"}],"curies":[{"name":"wp","href":"https:\/\/api.w.org\/{rel}","templated":true}]}}