{"id":3490,"date":"2024-12-13T13:15:48","date_gmt":"2024-12-13T12:15:48","guid":{"rendered":"https:\/\/agora.xtec.cat\/escolajeronidemoragas\/?p=3490"},"modified":"2024-12-13T13:16:17","modified_gmt":"2024-12-13T12:16:17","slug":"mercat-solidari-per-la-marato","status":"publish","type":"post","link":"https:\/\/agora.xtec.cat\/escolajeronidemoragas\/general\/mercat-solidari-per-la-marato\/","title":{"rendered":"MERCAT SOLIDARI PER LA MARAT\u00d3"},"content":{"rendered":"<p>Avui, divendres 13 de desembre, torna el<strong> Mercat Solidari per a la Marat\u00f3<\/strong>, una iniciativa que aquest any es destina a la investigaci\u00f3 de les <strong>malalties respirat\u00f2ries<\/strong>, una causa de gran import\u00e0ncia per a moltes persones. La <strong>Marat\u00f3<\/strong> \u00e9s una cita solid\u00e0ria anual que t\u00e9 com a objectiu recollir fons per a la investigaci\u00f3 d\u2019una malaltia espec\u00edfica. En aquesta edici\u00f3, els fons es destinaran a millorar el coneixement i tractament de les malalties respirat\u00f2ries, com l&#8217;asma, la bronquitis cr\u00f2nica i altres afeccions que afecten milions de persones a tot el m\u00f3n.<\/p>\n<p>Els alumnes de <strong>PFI <\/strong>\u00a0i <strong>IFE <\/strong>han treballat de valent per crear una gran varietat de productes de Nadal que es poden trobar al Mercat Solidari. Des de decoracions nadalenques fetes manualment,\u00a0 fins a dol\u00e7os i altres creacions, tot fet amb molt d&#8217;esfor\u00e7 i il\u00b7lusi\u00f3. Aquesta feina no nom\u00e9s \u00e9s una oportunitat perqu\u00e8 els alumnes adquireixin habilitats i experi\u00e8ncia pr\u00e0ctica, sin\u00f3 tamb\u00e9 per contribuir de manera significativa a una causa solid\u00e0ria.<\/p>\n<p>Veniu a gaudir d\u2019aquesta activitat nadalenca, passejar pel mercat i, alhora, donar el vostre suport a la recerca per les malalties respirat\u00f2ries. A trav\u00e9s de la vostra col\u00b7laboraci\u00f3, ajudareu a finan\u00e7ar projectes de recerca que poden millorar la vida de moltes persones.<\/p>\n<p><strong>Us hi esperem amb molt d\u2019entusiasme!<\/strong> No falteu!<\/p>\n\n\t\t<style type=\"text\/css\">\n\t\t\t#gallery-1 {\n\t\t\t\tmargin: auto;\n\t\t\t}\n\t\t\t#gallery-1 .gallery-item {\n\t\t\t\tfloat: left;\n\t\t\t\tmargin-top: 10px;\n\t\t\t\ttext-align: center;\n\t\t\t\twidth: 33%;\n\t\t\t}\n\t\t\t#gallery-1 img {\n\t\t\t\tborder: 2px solid #cfcfcf;\n\t\t\t}\n\t\t\t#gallery-1 .gallery-caption {\n\t\t\t\tmargin-left: 0;\n\t\t\t}\n\t\t\t\/* see gallery_shortcode() in wp-includes\/media.php *\/\n\t\t<\/style>\n\t\t<div id='gallery-1' class='gallery galleryid-3490 gallery-columns-3 gallery-size-large'><dl class='gallery-item'>\n\t\t\t<dt class='gallery-icon portrait'>\n\t\t\t\t<a href='https:\/\/agora.xtec.cat\/escolajeronidemoragas\/general\/mercat-solidari-per-la-marato\/attachment\/whatsapp-image-2024-12-13-at-11-28-53-1\/'><img loading=\"lazy\" decoding=\"async\" width=\"768\" height=\"1024\" src=\"https:\/\/agora.xtec.cat\/escolajeronidemoragas\/wp-content\/uploads\/usu2509\/2024\/12\/WhatsApp-Image-2024-12-13-at-11.28.53-1-768x1024.jpeg\" class=\"attachment-large size-large\" alt=\"\" srcset=\"https:\/\/agora.xtec.cat\/escolajeronidemoragas\/wp-content\/uploads\/usu2509\/2024\/12\/WhatsApp-Image-2024-12-13-at-11.28.53-1-768x1024.jpeg 768w, https:\/\/agora.xtec.cat\/escolajeronidemoragas\/wp-content\/uploads\/usu2509\/2024\/12\/WhatsApp-Image-2024-12-13-at-11.28.53-1-225x300.jpeg 225w, https:\/\/agora.xtec.cat\/escolajeronidemoragas\/wp-content\/uploads\/usu2509\/2024\/12\/WhatsApp-Image-2024-12-13-at-11.28.53-1-1152x1536.jpeg 1152w, https:\/\/agora.xtec.cat\/escolajeronidemoragas\/wp-content\/uploads\/usu2509\/2024\/12\/WhatsApp-Image-2024-12-13-at-11.28.53-1.jpeg 1500w\" sizes=\"auto, (max-width: 768px) 100vw, 768px\" \/><\/a>\n\t\t\t<\/dt><\/dl><dl class='gallery-item'>\n\t\t\t<dt class='gallery-icon portrait'>\n\t\t\t\t<a href='https:\/\/agora.xtec.cat\/escolajeronidemoragas\/general\/mercat-solidari-per-la-marato\/attachment\/whatsapp-image-2024-12-13-at-11-28-53\/'><img loading=\"lazy\" decoding=\"async\" width=\"768\" height=\"1024\" src=\"https:\/\/agora.xtec.cat\/escolajeronidemoragas\/wp-content\/uploads\/usu2509\/2024\/12\/WhatsApp-Image-2024-12-13-at-11.28.53-768x1024.jpeg\" class=\"attachment-large size-large\" alt=\"\" srcset=\"https:\/\/agora.xtec.cat\/escolajeronidemoragas\/wp-content\/uploads\/usu2509\/2024\/12\/WhatsApp-Image-2024-12-13-at-11.28.53-768x1024.jpeg 768w, https:\/\/agora.xtec.cat\/escolajeronidemoragas\/wp-content\/uploads\/usu2509\/2024\/12\/WhatsApp-Image-2024-12-13-at-11.28.53-225x300.jpeg 225w, https:\/\/agora.xtec.cat\/escolajeronidemoragas\/wp-content\/uploads\/usu2509\/2024\/12\/WhatsApp-Image-2024-12-13-at-11.28.53-1152x1536.jpeg 1152w, https:\/\/agora.xtec.cat\/escolajeronidemoragas\/wp-content\/uploads\/usu2509\/2024\/12\/WhatsApp-Image-2024-12-13-at-11.28.53.jpeg 1500w\" sizes=\"auto, (max-width: 768px) 100vw, 768px\" \/><\/a>\n\t\t\t<\/dt><\/dl><dl class='gallery-item'>\n\t\t\t<dt class='gallery-icon portrait'>\n\t\t\t\t<a href='https:\/\/agora.xtec.cat\/escolajeronidemoragas\/general\/mercat-solidari-per-la-marato\/attachment\/whatsapp-image-2024-12-13-at-11-28-54-1\/'><img loading=\"lazy\" decoding=\"async\" width=\"768\" height=\"1024\" src=\"https:\/\/agora.xtec.cat\/escolajeronidemoragas\/wp-content\/uploads\/usu2509\/2024\/12\/WhatsApp-Image-2024-12-13-at-11.28.54-1-768x1024.jpeg\" class=\"attachment-large size-large\" alt=\"\" srcset=\"https:\/\/agora.xtec.cat\/escolajeronidemoragas\/wp-content\/uploads\/usu2509\/2024\/12\/WhatsApp-Image-2024-12-13-at-11.28.54-1-768x1024.jpeg 768w, https:\/\/agora.xtec.cat\/escolajeronidemoragas\/wp-content\/uploads\/usu2509\/2024\/12\/WhatsApp-Image-2024-12-13-at-11.28.54-1-225x300.jpeg 225w, https:\/\/agora.xtec.cat\/escolajeronidemoragas\/wp-content\/uploads\/usu2509\/2024\/12\/WhatsApp-Image-2024-12-13-at-11.28.54-1-1152x1536.jpeg 1152w, https:\/\/agora.xtec.cat\/escolajeronidemoragas\/wp-content\/uploads\/usu2509\/2024\/12\/WhatsApp-Image-2024-12-13-at-11.28.54-1.jpeg 1500w\" sizes=\"auto, (max-width: 768px) 100vw, 768px\" \/><\/a>\n\t\t\t<\/dt><\/dl><br style=\"clear: both\" \/><dl class='gallery-item'>\n\t\t\t<dt class='gallery-icon portrait'>\n\t\t\t\t<a href='https:\/\/agora.xtec.cat\/escolajeronidemoragas\/general\/mercat-solidari-per-la-marato\/attachment\/whatsapp-image-2024-12-13-at-11-28-54-2\/'><img loading=\"lazy\" decoding=\"async\" width=\"768\" height=\"1024\" src=\"https:\/\/agora.xtec.cat\/escolajeronidemoragas\/wp-content\/uploads\/usu2509\/2024\/12\/WhatsApp-Image-2024-12-13-at-11.28.54-2-768x1024.jpeg\" class=\"attachment-large size-large\" alt=\"\" srcset=\"https:\/\/agora.xtec.cat\/escolajeronidemoragas\/wp-content\/uploads\/usu2509\/2024\/12\/WhatsApp-Image-2024-12-13-at-11.28.54-2-768x1024.jpeg 768w, https:\/\/agora.xtec.cat\/escolajeronidemoragas\/wp-content\/uploads\/usu2509\/2024\/12\/WhatsApp-Image-2024-12-13-at-11.28.54-2-225x300.jpeg 225w, https:\/\/agora.xtec.cat\/escolajeronidemoragas\/wp-content\/uploads\/usu2509\/2024\/12\/WhatsApp-Image-2024-12-13-at-11.28.54-2-1152x1536.jpeg 1152w, https:\/\/agora.xtec.cat\/escolajeronidemoragas\/wp-content\/uploads\/usu2509\/2024\/12\/WhatsApp-Image-2024-12-13-at-11.28.54-2.jpeg 1500w\" sizes=\"auto, (max-width: 768px) 100vw, 768px\" \/><\/a>\n\t\t\t<\/dt><\/dl><dl class='gallery-item'>\n\t\t\t<dt class='gallery-icon portrait'>\n\t\t\t\t<a href='https:\/\/agora.xtec.cat\/escolajeronidemoragas\/general\/mercat-solidari-per-la-marato\/attachment\/whatsapp-image-2024-12-13-at-11-28-54-3\/'><img loading=\"lazy\" decoding=\"async\" width=\"768\" height=\"1024\" src=\"https:\/\/agora.xtec.cat\/escolajeronidemoragas\/wp-content\/uploads\/usu2509\/2024\/12\/WhatsApp-Image-2024-12-13-at-11.28.54-3-768x1024.jpeg\" class=\"attachment-large size-large\" alt=\"\" srcset=\"https:\/\/agora.xtec.cat\/escolajeronidemoragas\/wp-content\/uploads\/usu2509\/2024\/12\/WhatsApp-Image-2024-12-13-at-11.28.54-3-768x1024.jpeg 768w, https:\/\/agora.xtec.cat\/escolajeronidemoragas\/wp-content\/uploads\/usu2509\/2024\/12\/WhatsApp-Image-2024-12-13-at-11.28.54-3-225x300.jpeg 225w, https:\/\/agora.xtec.cat\/escolajeronidemoragas\/wp-content\/uploads\/usu2509\/2024\/12\/WhatsApp-Image-2024-12-13-at-11.28.54-3-1152x1536.jpeg 1152w, https:\/\/agora.xtec.cat\/escolajeronidemoragas\/wp-content\/uploads\/usu2509\/2024\/12\/WhatsApp-Image-2024-12-13-at-11.28.54-3.jpeg 1500w\" sizes=\"auto, (max-width: 768px) 100vw, 768px\" \/><\/a>\n\t\t\t<\/dt><\/dl><dl class='gallery-item'>\n\t\t\t<dt class='gallery-icon portrait'>\n\t\t\t\t<a href='https:\/\/agora.xtec.cat\/escolajeronidemoragas\/general\/mercat-solidari-per-la-marato\/attachment\/whatsapp-image-2024-12-13-at-11-28-54-4\/'><img loading=\"lazy\" decoding=\"async\" width=\"768\" height=\"1024\" src=\"https:\/\/agora.xtec.cat\/escolajeronidemoragas\/wp-content\/uploads\/usu2509\/2024\/12\/WhatsApp-Image-2024-12-13-at-11.28.54-4-768x1024.jpeg\" class=\"attachment-large size-large\" alt=\"\" srcset=\"https:\/\/agora.xtec.cat\/escolajeronidemoragas\/wp-content\/uploads\/usu2509\/2024\/12\/WhatsApp-Image-2024-12-13-at-11.28.54-4-768x1024.jpeg 768w, https:\/\/agora.xtec.cat\/escolajeronidemoragas\/wp-content\/uploads\/usu2509\/2024\/12\/WhatsApp-Image-2024-12-13-at-11.28.54-4-225x300.jpeg 225w, https:\/\/agora.xtec.cat\/escolajeronidemoragas\/wp-content\/uploads\/usu2509\/2024\/12\/WhatsApp-Image-2024-12-13-at-11.28.54-4-1152x1536.jpeg 1152w, https:\/\/agora.xtec.cat\/escolajeronidemoragas\/wp-content\/uploads\/usu2509\/2024\/12\/WhatsApp-Image-2024-12-13-at-11.28.54-4.jpeg 1500w\" sizes=\"auto, (max-width: 768px) 100vw, 768px\" \/><\/a>\n\t\t\t<\/dt><\/dl><br style=\"clear: both\" \/><dl class='gallery-item'>\n\t\t\t<dt class='gallery-icon portrait'>\n\t\t\t\t<a href='https:\/\/agora.xtec.cat\/escolajeronidemoragas\/general\/mercat-solidari-per-la-marato\/attachment\/whatsapp-image-2024-12-13-at-11-28-54-5\/'><img loading=\"lazy\" decoding=\"async\" width=\"768\" height=\"1024\" src=\"https:\/\/agora.xtec.cat\/escolajeronidemoragas\/wp-content\/uploads\/usu2509\/2024\/12\/WhatsApp-Image-2024-12-13-at-11.28.54-5-768x1024.jpeg\" class=\"attachment-large size-large\" alt=\"\" srcset=\"https:\/\/agora.xtec.cat\/escolajeronidemoragas\/wp-content\/uploads\/usu2509\/2024\/12\/WhatsApp-Image-2024-12-13-at-11.28.54-5-768x1024.jpeg 768w, https:\/\/agora.xtec.cat\/escolajeronidemoragas\/wp-content\/uploads\/usu2509\/2024\/12\/WhatsApp-Image-2024-12-13-at-11.28.54-5-225x300.jpeg 225w, https:\/\/agora.xtec.cat\/escolajeronidemoragas\/wp-content\/uploads\/usu2509\/2024\/12\/WhatsApp-Image-2024-12-13-at-11.28.54-5-1152x1536.jpeg 1152w, https:\/\/agora.xtec.cat\/escolajeronidemoragas\/wp-content\/uploads\/usu2509\/2024\/12\/WhatsApp-Image-2024-12-13-at-11.28.54-5.jpeg 1500w\" sizes=\"auto, (max-width: 768px) 100vw, 768px\" \/><\/a>\n\t\t\t<\/dt><\/dl><dl class='gallery-item'>\n\t\t\t<dt class='gallery-icon portrait'>\n\t\t\t\t<a href='https:\/\/agora.xtec.cat\/escolajeronidemoragas\/general\/mercat-solidari-per-la-marato\/attachment\/whatsapp-image-2024-12-13-at-11-28-54-6\/'><img loading=\"lazy\" decoding=\"async\" width=\"768\" height=\"1024\" src=\"https:\/\/agora.xtec.cat\/escolajeronidemoragas\/wp-content\/uploads\/usu2509\/2024\/12\/WhatsApp-Image-2024-12-13-at-11.28.54-6-768x1024.jpeg\" class=\"attachment-large size-large\" alt=\"\" srcset=\"https:\/\/agora.xtec.cat\/escolajeronidemoragas\/wp-content\/uploads\/usu2509\/2024\/12\/WhatsApp-Image-2024-12-13-at-11.28.54-6-768x1024.jpeg 768w, https:\/\/agora.xtec.cat\/escolajeronidemoragas\/wp-content\/uploads\/usu2509\/2024\/12\/WhatsApp-Image-2024-12-13-at-11.28.54-6-225x300.jpeg 225w, https:\/\/agora.xtec.cat\/escolajeronidemoragas\/wp-content\/uploads\/usu2509\/2024\/12\/WhatsApp-Image-2024-12-13-at-11.28.54-6-1152x1536.jpeg 1152w, https:\/\/agora.xtec.cat\/escolajeronidemoragas\/wp-content\/uploads\/usu2509\/2024\/12\/WhatsApp-Image-2024-12-13-at-11.28.54-6.jpeg 1500w\" sizes=\"auto, (max-width: 768px) 100vw, 768px\" \/><\/a>\n\t\t\t<\/dt><\/dl><dl class='gallery-item'>\n\t\t\t<dt class='gallery-icon portrait'>\n\t\t\t\t<a href='https:\/\/agora.xtec.cat\/escolajeronidemoragas\/general\/mercat-solidari-per-la-marato\/attachment\/whatsapp-image-2024-12-13-at-11-28-54-7\/'><img loading=\"lazy\" decoding=\"async\" width=\"768\" height=\"1024\" src=\"https:\/\/agora.xtec.cat\/escolajeronidemoragas\/wp-content\/uploads\/usu2509\/2024\/12\/WhatsApp-Image-2024-12-13-at-11.28.54-7-768x1024.jpeg\" class=\"attachment-large size-large\" alt=\"\" srcset=\"https:\/\/agora.xtec.cat\/escolajeronidemoragas\/wp-content\/uploads\/usu2509\/2024\/12\/WhatsApp-Image-2024-12-13-at-11.28.54-7-768x1024.jpeg 768w, https:\/\/agora.xtec.cat\/escolajeronidemoragas\/wp-content\/uploads\/usu2509\/2024\/12\/WhatsApp-Image-2024-12-13-at-11.28.54-7-225x300.jpeg 225w, https:\/\/agora.xtec.cat\/escolajeronidemoragas\/wp-content\/uploads\/usu2509\/2024\/12\/WhatsApp-Image-2024-12-13-at-11.28.54-7-1152x1536.jpeg 1152w, https:\/\/agora.xtec.cat\/escolajeronidemoragas\/wp-content\/uploads\/usu2509\/2024\/12\/WhatsApp-Image-2024-12-13-at-11.28.54-7.jpeg 1500w\" sizes=\"auto, (max-width: 768px) 100vw, 768px\" \/><\/a>\n\t\t\t<\/dt><\/dl><br style=\"clear: both\" \/><dl class='gallery-item'>\n\t\t\t<dt class='gallery-icon portrait'>\n\t\t\t\t<a href='https:\/\/agora.xtec.cat\/escolajeronidemoragas\/general\/mercat-solidari-per-la-marato\/attachment\/whatsapp-image-2024-12-13-at-11-28-54\/'><img loading=\"lazy\" decoding=\"async\" width=\"768\" height=\"1024\" src=\"https:\/\/agora.xtec.cat\/escolajeronidemoragas\/wp-content\/uploads\/usu2509\/2024\/12\/WhatsApp-Image-2024-12-13-at-11.28.54-768x1024.jpeg\" class=\"attachment-large size-large\" alt=\"\" srcset=\"https:\/\/agora.xtec.cat\/escolajeronidemoragas\/wp-content\/uploads\/usu2509\/2024\/12\/WhatsApp-Image-2024-12-13-at-11.28.54-768x1024.jpeg 768w, https:\/\/agora.xtec.cat\/escolajeronidemoragas\/wp-content\/uploads\/usu2509\/2024\/12\/WhatsApp-Image-2024-12-13-at-11.28.54-225x300.jpeg 225w, https:\/\/agora.xtec.cat\/escolajeronidemoragas\/wp-content\/uploads\/usu2509\/2024\/12\/WhatsApp-Image-2024-12-13-at-11.28.54-1152x1536.jpeg 1152w, https:\/\/agora.xtec.cat\/escolajeronidemoragas\/wp-content\/uploads\/usu2509\/2024\/12\/WhatsApp-Image-2024-12-13-at-11.28.54.jpeg 1500w\" sizes=\"auto, (max-width: 768px) 100vw, 768px\" \/><\/a>\n\t\t\t<\/dt><\/dl><dl class='gallery-item'>\n\t\t\t<dt class='gallery-icon portrait'>\n\t\t\t\t<a href='https:\/\/agora.xtec.cat\/escolajeronidemoragas\/general\/mercat-solidari-per-la-marato\/attachment\/whatsapp-image-2024-12-13-at-11-28-55\/'><img loading=\"lazy\" decoding=\"async\" width=\"768\" height=\"1024\" src=\"https:\/\/agora.xtec.cat\/escolajeronidemoragas\/wp-content\/uploads\/usu2509\/2024\/12\/WhatsApp-Image-2024-12-13-at-11.28.55-768x1024.jpeg\" class=\"attachment-large size-large\" alt=\"\" srcset=\"https:\/\/agora.xtec.cat\/escolajeronidemoragas\/wp-content\/uploads\/usu2509\/2024\/12\/WhatsApp-Image-2024-12-13-at-11.28.55-768x1024.jpeg 768w, https:\/\/agora.xtec.cat\/escolajeronidemoragas\/wp-content\/uploads\/usu2509\/2024\/12\/WhatsApp-Image-2024-12-13-at-11.28.55-225x300.jpeg 225w, https:\/\/agora.xtec.cat\/escolajeronidemoragas\/wp-content\/uploads\/usu2509\/2024\/12\/WhatsApp-Image-2024-12-13-at-11.28.55-1152x1536.jpeg 1152w, https:\/\/agora.xtec.cat\/escolajeronidemoragas\/wp-content\/uploads\/usu2509\/2024\/12\/WhatsApp-Image-2024-12-13-at-11.28.55.jpeg 1500w\" sizes=\"auto, (max-width: 768px) 100vw, 768px\" \/><\/a>\n\t\t\t<\/dt><\/dl>\n\t\t\t<br style='clear: both' \/>\n\t\t<\/div>\n\n","protected":false},"excerpt":{"rendered":"<p>Avui, divendres 13 de desembre, torna el Mercat Solidari per a la Marat\u00f3, una iniciativa que aquest any es destina a la investigaci\u00f3 de les malalties respirat\u00f2ries, una causa de gran import\u00e0ncia per a moltes persones. La Marat\u00f3 \u00e9s una cita solid\u00e0ria anual que t\u00e9&hellip;  <a href=\"https:\/\/agora.xtec.cat\/escolajeronidemoragas\/general\/mercat-solidari-per-la-marato\/\" title=\"Read MERCAT SOLIDARI PER LA MARAT\u00d3\">Llegeix m\u00e9s\u00bb<\/a><\/p>\n","protected":false},"author":1,"featured_media":3498,"comment_status":"open","ping_status":"closed","sticky":false,"template":"","format":"standard","meta":{"_bbp_topic_count":0,"_bbp_reply_count":0,"_bbp_total_topic_count":0,"_bbp_total_reply_count":0,"_bbp_voice_count":0,"_bbp_anonymous_reply_count":0,"_bbp_topic_count_hidden":0,"_bbp_reply_count_hidden":0,"_bbp_forum_subforum_count":0,"footnotes":""},"categories":[10,11,12,13,14,15,7,86,82,83,1,2,4,85,84],"tags":[],"class_list":["post-3490","post","type-post","status-publish","format-standard","has-post-thumbnail","hentry","category-1r","category-2n","category-3r","category-4t","category-5e","category-6e","category-ampa","category-curs-2024-25","category-desembre","category-eso","category-general","category-infantil-i-primaria","category-portada","category-sensorial","category-tva"],"post_mailing_queue_ids":[],"_links":{"self":[{"href":"https:\/\/agora.xtec.cat\/escolajeronidemoragas\/wp-json\/wp\/v2\/posts\/3490","targetHints":{"allow":["GET"]}}],"collection":[{"href":"https:\/\/agora.xtec.cat\/escolajeronidemoragas\/wp-json\/wp\/v2\/posts"}],"about":[{"href":"https:\/\/agora.xtec.cat\/escolajeronidemoragas\/wp-json\/wp\/v2\/types\/post"}],"author":[{"embeddable":true,"href":"https:\/\/agora.xtec.cat\/escolajeronidemoragas\/wp-json\/wp\/v2\/users\/1"}],"replies":[{"embeddable":true,"href":"https:\/\/agora.xtec.cat\/escolajeronidemoragas\/wp-json\/wp\/v2\/comments?post=3490"}],"version-history":[{"count":1,"href":"https:\/\/agora.xtec.cat\/escolajeronidemoragas\/wp-json\/wp\/v2\/posts\/3490\/revisions"}],"predecessor-version":[{"id":3503,"href":"https:\/\/agora.xtec.cat\/escolajeronidemoragas\/wp-json\/wp\/v2\/posts\/3490\/revisions\/3503"}],"wp:featuredmedia":[{"embeddable":true,"href":"https:\/\/agora.xtec.cat\/escolajeronidemoragas\/wp-json\/wp\/v2\/media\/3498"}],"wp:attachment":[{"href":"https:\/\/agora.xtec.cat\/escolajeronidemoragas\/wp-json\/wp\/v2\/media?parent=3490"}],"wp:term":[{"taxonomy":"category","embeddable":true,"href":"https:\/\/agora.xtec.cat\/escolajeronidemoragas\/wp-json\/wp\/v2\/categories?post=3490"},{"taxonomy":"post_tag","embeddable":true,"href":"https:\/\/agora.xtec.cat\/escolajeronidemoragas\/wp-json\/wp\/v2\/tags?post=3490"}],"curies":[{"name":"wp","href":"https:\/\/api.w.org\/{rel}","templated":true}]}}