{"id":3482,"date":"2024-12-04T19:08:01","date_gmt":"2024-12-04T18:08:01","guid":{"rendered":"https:\/\/agora.xtec.cat\/escolajeronidemoragas\/?p=3482"},"modified":"2024-12-04T19:10:03","modified_gmt":"2024-12-04T18:10:03","slug":"celebrem-la-diversitat","status":"publish","type":"post","link":"https:\/\/agora.xtec.cat\/escolajeronidemoragas\/general\/celebrem-la-diversitat\/","title":{"rendered":"CELEBREM LA DIVERSITAT"},"content":{"rendered":"<p>El passat 3 de desembre, la nostra escola va commemorar el <strong>Dia Internacional de les Persones amb Discapacitat<\/strong> amb una jornada molt especial. Els alumnes d&#8217;IFE i PQP van participar en la lectura d&#8217;un <strong>Manifest<\/strong> que destacava la import\u00e0ncia de la inclusi\u00f3 i el respecte cap a totes les persones, independentment de les seves capacitats (<a href=\"https:\/\/agora.xtec.cat\/escolajeronidemoragas\/wp-content\/uploads\/usu2509\/2024\/12\/Manifest-dia-mundial-de-la-discapacitat.pdf\">Manifest dia mundial de la discapacitat<\/a>)<\/p>\n<p>A m\u00e9s, vam gaudir d&#8217;una emotiva <strong>actuaci\u00f3 de la coral<\/strong>, formada tant per mestres com per alumnes, que va omplir l&#8217;ambient d&#8217;alegria i solidaritat. La m\u00fasica va ser un element clau per unir-nos en aquesta celebraci\u00f3, recordant-nos que la diversitat ens enriqueix com a comunitat.<\/p>\n<p>Va ser un dia ple d&#8217;emocions i reflexions, on tots vam aprendre la import\u00e0ncia de construir un m\u00f3n m\u00e9s inclusiu. Agra\u00efm a tots els que van participar i van fer possible aquesta commemoraci\u00f3.<\/p>\n\n\t\t<style type=\"text\/css\">\n\t\t\t#gallery-1 {\n\t\t\t\tmargin: auto;\n\t\t\t}\n\t\t\t#gallery-1 .gallery-item {\n\t\t\t\tfloat: left;\n\t\t\t\tmargin-top: 10px;\n\t\t\t\ttext-align: center;\n\t\t\t\twidth: 33%;\n\t\t\t}\n\t\t\t#gallery-1 img {\n\t\t\t\tborder: 2px solid #cfcfcf;\n\t\t\t}\n\t\t\t#gallery-1 .gallery-caption {\n\t\t\t\tmargin-left: 0;\n\t\t\t}\n\t\t\t\/* see gallery_shortcode() in wp-includes\/media.php *\/\n\t\t<\/style>\n\t\t<div id='gallery-1' class='gallery galleryid-3482 gallery-columns-3 gallery-size-large'><dl class='gallery-item'>\n\t\t\t<dt class='gallery-icon landscape'>\n\t\t\t\t<a href='https:\/\/agora.xtec.cat\/escolajeronidemoragas\/general\/celebrem-la-diversitat\/attachment\/whatsapp-image-2024-12-04-at-14-45-07\/'><img loading=\"lazy\" decoding=\"async\" width=\"1024\" height=\"1024\" src=\"https:\/\/agora.xtec.cat\/escolajeronidemoragas\/wp-content\/uploads\/usu2509\/2024\/12\/WhatsApp-Image-2024-12-04-at-14.45.07-1024x1024.jpeg\" class=\"attachment-large size-large\" alt=\"\" srcset=\"https:\/\/agora.xtec.cat\/escolajeronidemoragas\/wp-content\/uploads\/usu2509\/2024\/12\/WhatsApp-Image-2024-12-04-at-14.45.07-1024x1024.jpeg 1024w, https:\/\/agora.xtec.cat\/escolajeronidemoragas\/wp-content\/uploads\/usu2509\/2024\/12\/WhatsApp-Image-2024-12-04-at-14.45.07-300x300.jpeg 300w, https:\/\/agora.xtec.cat\/escolajeronidemoragas\/wp-content\/uploads\/usu2509\/2024\/12\/WhatsApp-Image-2024-12-04-at-14.45.07-150x150.jpeg 150w, https:\/\/agora.xtec.cat\/escolajeronidemoragas\/wp-content\/uploads\/usu2509\/2024\/12\/WhatsApp-Image-2024-12-04-at-14.45.07-768x768.jpeg 768w, https:\/\/agora.xtec.cat\/escolajeronidemoragas\/wp-content\/uploads\/usu2509\/2024\/12\/WhatsApp-Image-2024-12-04-at-14.45.07-1536x1536.jpeg 1536w, https:\/\/agora.xtec.cat\/escolajeronidemoragas\/wp-content\/uploads\/usu2509\/2024\/12\/WhatsApp-Image-2024-12-04-at-14.45.07.jpeg 2048w\" sizes=\"auto, (max-width: 1024px) 100vw, 1024px\" \/><\/a>\n\t\t\t<\/dt><\/dl><dl class='gallery-item'>\n\t\t\t<dt class='gallery-icon landscape'>\n\t\t\t\t<a href='https:\/\/agora.xtec.cat\/escolajeronidemoragas\/general\/celebrem-la-diversitat\/attachment\/whatsapp-image-2024-12-04-at-14-45-54\/'><img loading=\"lazy\" decoding=\"async\" width=\"1024\" height=\"1024\" src=\"https:\/\/agora.xtec.cat\/escolajeronidemoragas\/wp-content\/uploads\/usu2509\/2024\/12\/WhatsApp-Image-2024-12-04-at-14.45.54-1024x1024.jpeg\" class=\"attachment-large size-large\" alt=\"\" srcset=\"https:\/\/agora.xtec.cat\/escolajeronidemoragas\/wp-content\/uploads\/usu2509\/2024\/12\/WhatsApp-Image-2024-12-04-at-14.45.54-1024x1024.jpeg 1024w, https:\/\/agora.xtec.cat\/escolajeronidemoragas\/wp-content\/uploads\/usu2509\/2024\/12\/WhatsApp-Image-2024-12-04-at-14.45.54-300x300.jpeg 300w, https:\/\/agora.xtec.cat\/escolajeronidemoragas\/wp-content\/uploads\/usu2509\/2024\/12\/WhatsApp-Image-2024-12-04-at-14.45.54-150x150.jpeg 150w, https:\/\/agora.xtec.cat\/escolajeronidemoragas\/wp-content\/uploads\/usu2509\/2024\/12\/WhatsApp-Image-2024-12-04-at-14.45.54-768x768.jpeg 768w, https:\/\/agora.xtec.cat\/escolajeronidemoragas\/wp-content\/uploads\/usu2509\/2024\/12\/WhatsApp-Image-2024-12-04-at-14.45.54-1536x1536.jpeg 1536w, https:\/\/agora.xtec.cat\/escolajeronidemoragas\/wp-content\/uploads\/usu2509\/2024\/12\/WhatsApp-Image-2024-12-04-at-14.45.54.jpeg 2048w\" sizes=\"auto, (max-width: 1024px) 100vw, 1024px\" \/><\/a>\n\t\t\t<\/dt><\/dl><dl class='gallery-item'>\n\t\t\t<dt class='gallery-icon landscape'>\n\t\t\t\t<a href='https:\/\/agora.xtec.cat\/escolajeronidemoragas\/general\/celebrem-la-diversitat\/attachment\/whatsapp-image-2024-12-04-at-15-51-29\/'><img loading=\"lazy\" decoding=\"async\" width=\"1024\" height=\"683\" src=\"https:\/\/agora.xtec.cat\/escolajeronidemoragas\/wp-content\/uploads\/usu2509\/2024\/12\/WhatsApp-Image-2024-12-04-at-15.51.29-1024x683.jpeg\" class=\"attachment-large size-large\" alt=\"\" srcset=\"https:\/\/agora.xtec.cat\/escolajeronidemoragas\/wp-content\/uploads\/usu2509\/2024\/12\/WhatsApp-Image-2024-12-04-at-15.51.29-1024x683.jpeg 1024w, https:\/\/agora.xtec.cat\/escolajeronidemoragas\/wp-content\/uploads\/usu2509\/2024\/12\/WhatsApp-Image-2024-12-04-at-15.51.29-300x200.jpeg 300w, https:\/\/agora.xtec.cat\/escolajeronidemoragas\/wp-content\/uploads\/usu2509\/2024\/12\/WhatsApp-Image-2024-12-04-at-15.51.29-768x512.jpeg 768w, https:\/\/agora.xtec.cat\/escolajeronidemoragas\/wp-content\/uploads\/usu2509\/2024\/12\/WhatsApp-Image-2024-12-04-at-15.51.29-1536x1025.jpeg 1536w, https:\/\/agora.xtec.cat\/escolajeronidemoragas\/wp-content\/uploads\/usu2509\/2024\/12\/WhatsApp-Image-2024-12-04-at-15.51.29.jpeg 2048w\" sizes=\"auto, (max-width: 1024px) 100vw, 1024px\" \/><\/a>\n\t\t\t<\/dt><\/dl><br style=\"clear: both\" \/>\n\t\t<\/div>\n\n<p>&nbsp;<\/p>\n","protected":false},"excerpt":{"rendered":"<p>El passat 3 de desembre, la nostra escola va commemorar el Dia Internacional de les Persones amb Discapacitat amb una jornada molt especial. Els alumnes d&#8217;IFE i PQP van participar en la lectura d&#8217;un Manifest que destacava la import\u00e0ncia de la inclusi\u00f3 i el respecte&hellip;  <a href=\"https:\/\/agora.xtec.cat\/escolajeronidemoragas\/general\/celebrem-la-diversitat\/\" title=\"Read CELEBREM LA DIVERSITAT\">Llegeix m\u00e9s\u00bb<\/a><\/p>\n","protected":false},"author":1,"featured_media":3486,"comment_status":"open","ping_status":"closed","sticky":false,"template":"","format":"standard","meta":{"_bbp_topic_count":0,"_bbp_reply_count":0,"_bbp_total_topic_count":0,"_bbp_total_reply_count":0,"_bbp_voice_count":0,"_bbp_anonymous_reply_count":0,"_bbp_topic_count_hidden":0,"_bbp_reply_count_hidden":0,"_bbp_forum_subforum_count":0,"footnotes":""},"categories":[10,11,12,13,14,15,7,86,82,83,1,2,4,85,84],"tags":[],"class_list":["post-3482","post","type-post","status-publish","format-standard","has-post-thumbnail","hentry","category-1r","category-2n","category-3r","category-4t","category-5e","category-6e","category-ampa","category-curs-2024-25","category-desembre","category-eso","category-general","category-infantil-i-primaria","category-portada","category-sensorial","category-tva"],"post_mailing_queue_ids":[],"_links":{"self":[{"href":"https:\/\/agora.xtec.cat\/escolajeronidemoragas\/wp-json\/wp\/v2\/posts\/3482","targetHints":{"allow":["GET"]}}],"collection":[{"href":"https:\/\/agora.xtec.cat\/escolajeronidemoragas\/wp-json\/wp\/v2\/posts"}],"about":[{"href":"https:\/\/agora.xtec.cat\/escolajeronidemoragas\/wp-json\/wp\/v2\/types\/post"}],"author":[{"embeddable":true,"href":"https:\/\/agora.xtec.cat\/escolajeronidemoragas\/wp-json\/wp\/v2\/users\/1"}],"replies":[{"embeddable":true,"href":"https:\/\/agora.xtec.cat\/escolajeronidemoragas\/wp-json\/wp\/v2\/comments?post=3482"}],"version-history":[{"count":3,"href":"https:\/\/agora.xtec.cat\/escolajeronidemoragas\/wp-json\/wp\/v2\/posts\/3482\/revisions"}],"predecessor-version":[{"id":3489,"href":"https:\/\/agora.xtec.cat\/escolajeronidemoragas\/wp-json\/wp\/v2\/posts\/3482\/revisions\/3489"}],"wp:featuredmedia":[{"embeddable":true,"href":"https:\/\/agora.xtec.cat\/escolajeronidemoragas\/wp-json\/wp\/v2\/media\/3486"}],"wp:attachment":[{"href":"https:\/\/agora.xtec.cat\/escolajeronidemoragas\/wp-json\/wp\/v2\/media?parent=3482"}],"wp:term":[{"taxonomy":"category","embeddable":true,"href":"https:\/\/agora.xtec.cat\/escolajeronidemoragas\/wp-json\/wp\/v2\/categories?post=3482"},{"taxonomy":"post_tag","embeddable":true,"href":"https:\/\/agora.xtec.cat\/escolajeronidemoragas\/wp-json\/wp\/v2\/tags?post=3482"}],"curies":[{"name":"wp","href":"https:\/\/api.w.org\/{rel}","templated":true}]}}