{"id":3366,"date":"2024-11-25T20:28:50","date_gmt":"2024-11-25T19:28:50","guid":{"rendered":"https:\/\/agora.xtec.cat\/escolajeronidemoragas\/?p=3366"},"modified":"2024-11-26T17:47:24","modified_gmt":"2024-11-26T16:47:24","slug":"immersio-magica-al-balloon-museum","status":"publish","type":"post","link":"https:\/\/agora.xtec.cat\/escolajeronidemoragas\/general\/immersio-magica-al-balloon-museum\/","title":{"rendered":"IMMERSI\u00d3 M\u00c0GICA AL BALLOON MUSEUM"},"content":{"rendered":"<p>Aquest dimarts, els alumnes de les aules<strong>\u00a0A2 i A4<\/strong> han viscut un dia molt especial al <strong>Balloon Museum<\/strong> de Barcelona,\u00a0un espai molt l\u00fadic, i alhora, un espai on han pogut explorar a trav\u00e9s dels sentits.<\/p>\n<p>El museu, ple d\u2019instal\u00b7lacions gegants fetes de globus i estructures inflables, ha captivat tots els assistents. Els alumnes han pogut interactuar amb les obres: saltar, tocar i fins i tot caminar per dins d\u2019algunes d\u2019elles, fent que l\u2019art es convert\u00eds en una viv\u00e8ncia directa i immersiva.<\/p>\n<p>Una de les atraccions que m\u00e9s els ha agradat ha estat les sales plenes de llums i colors que canviaven quan es movien. Tamb\u00e9 hi havia espais id\u00edl\u00b7lics per fer fotos molt originals. \u00c9s un espai molt l\u00fadic, per\u00f2 tamb\u00e9 un espai on han pogut explorar a trav\u00e9s dels sentits.<br \/>\nHan tornat a l\u2019escola plens d\u2019energia i d\u2019hist\u00f2ries per compartir amb les fam\u00edlies.<\/p>\n<p>Sens dubte, ha estat una excursi\u00f3 diferent i emocionant, perfecta per explorar l\u2019art d\u2019una manera l\u00fadica i creativa.<\/p>\n\n\t\t<style type=\"text\/css\">\n\t\t\t#gallery-1 {\n\t\t\t\tmargin: auto;\n\t\t\t}\n\t\t\t#gallery-1 .gallery-item {\n\t\t\t\tfloat: left;\n\t\t\t\tmargin-top: 10px;\n\t\t\t\ttext-align: center;\n\t\t\t\twidth: 33%;\n\t\t\t}\n\t\t\t#gallery-1 img {\n\t\t\t\tborder: 2px solid #cfcfcf;\n\t\t\t}\n\t\t\t#gallery-1 .gallery-caption {\n\t\t\t\tmargin-left: 0;\n\t\t\t}\n\t\t\t\/* see gallery_shortcode() in wp-includes\/media.php *\/\n\t\t<\/style>\n\t\t<div id='gallery-1' class='gallery galleryid-3366 gallery-columns-3 gallery-size-large'><dl class='gallery-item'>\n\t\t\t<dt class='gallery-icon portrait'>\n\t\t\t\t<a href='https:\/\/agora.xtec.cat\/escolajeronidemoragas\/general\/immersio-magica-al-balloon-museum\/attachment\/whatsapp-image-2024-11-25-at-08-22-52-1\/'><img loading=\"lazy\" decoding=\"async\" width=\"768\" height=\"1024\" src=\"https:\/\/agora.xtec.cat\/escolajeronidemoragas\/wp-content\/uploads\/usu2509\/2024\/11\/WhatsApp-Image-2024-11-25-at-08.22.52-1-768x1024.jpeg\" class=\"attachment-large size-large\" alt=\"\" srcset=\"https:\/\/agora.xtec.cat\/escolajeronidemoragas\/wp-content\/uploads\/usu2509\/2024\/11\/WhatsApp-Image-2024-11-25-at-08.22.52-1-768x1024.jpeg 768w, https:\/\/agora.xtec.cat\/escolajeronidemoragas\/wp-content\/uploads\/usu2509\/2024\/11\/WhatsApp-Image-2024-11-25-at-08.22.52-1-225x300.jpeg 225w, https:\/\/agora.xtec.cat\/escolajeronidemoragas\/wp-content\/uploads\/usu2509\/2024\/11\/WhatsApp-Image-2024-11-25-at-08.22.52-1-1152x1536.jpeg 1152w, https:\/\/agora.xtec.cat\/escolajeronidemoragas\/wp-content\/uploads\/usu2509\/2024\/11\/WhatsApp-Image-2024-11-25-at-08.22.52-1.jpeg 1200w\" sizes=\"auto, (max-width: 768px) 100vw, 768px\" \/><\/a>\n\t\t\t<\/dt><\/dl><dl class='gallery-item'>\n\t\t\t<dt class='gallery-icon portrait'>\n\t\t\t\t<a href='https:\/\/agora.xtec.cat\/escolajeronidemoragas\/general\/immersio-magica-al-balloon-museum\/attachment\/whatsapp-image-2024-11-25-at-08-22-52-2\/'><img loading=\"lazy\" decoding=\"async\" width=\"768\" height=\"1024\" src=\"https:\/\/agora.xtec.cat\/escolajeronidemoragas\/wp-content\/uploads\/usu2509\/2024\/11\/WhatsApp-Image-2024-11-25-at-08.22.52-2-768x1024.jpeg\" class=\"attachment-large size-large\" alt=\"\" srcset=\"https:\/\/agora.xtec.cat\/escolajeronidemoragas\/wp-content\/uploads\/usu2509\/2024\/11\/WhatsApp-Image-2024-11-25-at-08.22.52-2-768x1024.jpeg 768w, https:\/\/agora.xtec.cat\/escolajeronidemoragas\/wp-content\/uploads\/usu2509\/2024\/11\/WhatsApp-Image-2024-11-25-at-08.22.52-2-225x300.jpeg 225w, https:\/\/agora.xtec.cat\/escolajeronidemoragas\/wp-content\/uploads\/usu2509\/2024\/11\/WhatsApp-Image-2024-11-25-at-08.22.52-2-1152x1536.jpeg 1152w, https:\/\/agora.xtec.cat\/escolajeronidemoragas\/wp-content\/uploads\/usu2509\/2024\/11\/WhatsApp-Image-2024-11-25-at-08.22.52-2.jpeg 1200w\" sizes=\"auto, (max-width: 768px) 100vw, 768px\" \/><\/a>\n\t\t\t<\/dt><\/dl><dl class='gallery-item'>\n\t\t\t<dt class='gallery-icon portrait'>\n\t\t\t\t<a href='https:\/\/agora.xtec.cat\/escolajeronidemoragas\/general\/immersio-magica-al-balloon-museum\/attachment\/whatsapp-image-2024-11-25-at-08-22-52-3\/'><img loading=\"lazy\" decoding=\"async\" width=\"768\" height=\"1024\" src=\"https:\/\/agora.xtec.cat\/escolajeronidemoragas\/wp-content\/uploads\/usu2509\/2024\/11\/WhatsApp-Image-2024-11-25-at-08.22.52-3-768x1024.jpeg\" class=\"attachment-large size-large\" alt=\"\" srcset=\"https:\/\/agora.xtec.cat\/escolajeronidemoragas\/wp-content\/uploads\/usu2509\/2024\/11\/WhatsApp-Image-2024-11-25-at-08.22.52-3-768x1024.jpeg 768w, https:\/\/agora.xtec.cat\/escolajeronidemoragas\/wp-content\/uploads\/usu2509\/2024\/11\/WhatsApp-Image-2024-11-25-at-08.22.52-3-225x300.jpeg 225w, https:\/\/agora.xtec.cat\/escolajeronidemoragas\/wp-content\/uploads\/usu2509\/2024\/11\/WhatsApp-Image-2024-11-25-at-08.22.52-3-1152x1536.jpeg 1152w, https:\/\/agora.xtec.cat\/escolajeronidemoragas\/wp-content\/uploads\/usu2509\/2024\/11\/WhatsApp-Image-2024-11-25-at-08.22.52-3.jpeg 1200w\" sizes=\"auto, (max-width: 768px) 100vw, 768px\" \/><\/a>\n\t\t\t<\/dt><\/dl><br style=\"clear: both\" \/><dl class='gallery-item'>\n\t\t\t<dt class='gallery-icon portrait'>\n\t\t\t\t<a href='https:\/\/agora.xtec.cat\/escolajeronidemoragas\/general\/immersio-magica-al-balloon-museum\/attachment\/whatsapp-image-2024-11-25-at-08-22-52-4\/'><img loading=\"lazy\" decoding=\"async\" width=\"768\" height=\"1024\" src=\"https:\/\/agora.xtec.cat\/escolajeronidemoragas\/wp-content\/uploads\/usu2509\/2024\/11\/WhatsApp-Image-2024-11-25-at-08.22.52-4-768x1024.jpeg\" class=\"attachment-large size-large\" alt=\"\" srcset=\"https:\/\/agora.xtec.cat\/escolajeronidemoragas\/wp-content\/uploads\/usu2509\/2024\/11\/WhatsApp-Image-2024-11-25-at-08.22.52-4-768x1024.jpeg 768w, https:\/\/agora.xtec.cat\/escolajeronidemoragas\/wp-content\/uploads\/usu2509\/2024\/11\/WhatsApp-Image-2024-11-25-at-08.22.52-4-225x300.jpeg 225w, https:\/\/agora.xtec.cat\/escolajeronidemoragas\/wp-content\/uploads\/usu2509\/2024\/11\/WhatsApp-Image-2024-11-25-at-08.22.52-4-1152x1536.jpeg 1152w, https:\/\/agora.xtec.cat\/escolajeronidemoragas\/wp-content\/uploads\/usu2509\/2024\/11\/WhatsApp-Image-2024-11-25-at-08.22.52-4.jpeg 1200w\" sizes=\"auto, (max-width: 768px) 100vw, 768px\" \/><\/a>\n\t\t\t<\/dt><\/dl><dl class='gallery-item'>\n\t\t\t<dt class='gallery-icon portrait'>\n\t\t\t\t<a href='https:\/\/agora.xtec.cat\/escolajeronidemoragas\/general\/immersio-magica-al-balloon-museum\/attachment\/whatsapp-image-2024-11-25-at-08-22-52-5\/'><img loading=\"lazy\" decoding=\"async\" width=\"768\" height=\"1024\" src=\"https:\/\/agora.xtec.cat\/escolajeronidemoragas\/wp-content\/uploads\/usu2509\/2024\/11\/WhatsApp-Image-2024-11-25-at-08.22.52-5-768x1024.jpeg\" class=\"attachment-large size-large\" alt=\"\" srcset=\"https:\/\/agora.xtec.cat\/escolajeronidemoragas\/wp-content\/uploads\/usu2509\/2024\/11\/WhatsApp-Image-2024-11-25-at-08.22.52-5-768x1024.jpeg 768w, https:\/\/agora.xtec.cat\/escolajeronidemoragas\/wp-content\/uploads\/usu2509\/2024\/11\/WhatsApp-Image-2024-11-25-at-08.22.52-5-225x300.jpeg 225w, https:\/\/agora.xtec.cat\/escolajeronidemoragas\/wp-content\/uploads\/usu2509\/2024\/11\/WhatsApp-Image-2024-11-25-at-08.22.52-5-1152x1536.jpeg 1152w, https:\/\/agora.xtec.cat\/escolajeronidemoragas\/wp-content\/uploads\/usu2509\/2024\/11\/WhatsApp-Image-2024-11-25-at-08.22.52-5.jpeg 1200w\" sizes=\"auto, (max-width: 768px) 100vw, 768px\" \/><\/a>\n\t\t\t<\/dt><\/dl><dl class='gallery-item'>\n\t\t\t<dt class='gallery-icon portrait'>\n\t\t\t\t<a href='https:\/\/agora.xtec.cat\/escolajeronidemoragas\/general\/immersio-magica-al-balloon-museum\/attachment\/whatsapp-image-2024-11-25-at-08-22-52-6\/'><img loading=\"lazy\" decoding=\"async\" width=\"680\" height=\"1024\" src=\"https:\/\/agora.xtec.cat\/escolajeronidemoragas\/wp-content\/uploads\/usu2509\/2024\/11\/WhatsApp-Image-2024-11-25-at-08.22.52-6-680x1024.jpeg\" class=\"attachment-large size-large\" alt=\"\" srcset=\"https:\/\/agora.xtec.cat\/escolajeronidemoragas\/wp-content\/uploads\/usu2509\/2024\/11\/WhatsApp-Image-2024-11-25-at-08.22.52-6-680x1024.jpeg 680w, https:\/\/agora.xtec.cat\/escolajeronidemoragas\/wp-content\/uploads\/usu2509\/2024\/11\/WhatsApp-Image-2024-11-25-at-08.22.52-6-199x300.jpeg 199w, https:\/\/agora.xtec.cat\/escolajeronidemoragas\/wp-content\/uploads\/usu2509\/2024\/11\/WhatsApp-Image-2024-11-25-at-08.22.52-6-768x1157.jpeg 768w, https:\/\/agora.xtec.cat\/escolajeronidemoragas\/wp-content\/uploads\/usu2509\/2024\/11\/WhatsApp-Image-2024-11-25-at-08.22.52-6-1020x1536.jpeg 1020w, https:\/\/agora.xtec.cat\/escolajeronidemoragas\/wp-content\/uploads\/usu2509\/2024\/11\/WhatsApp-Image-2024-11-25-at-08.22.52-6.jpeg 1062w\" sizes=\"auto, (max-width: 680px) 100vw, 680px\" \/><\/a>\n\t\t\t<\/dt><\/dl><br style=\"clear: both\" \/><dl class='gallery-item'>\n\t\t\t<dt class='gallery-icon portrait'>\n\t\t\t\t<a href='https:\/\/agora.xtec.cat\/escolajeronidemoragas\/general\/immersio-magica-al-balloon-museum\/attachment\/whatsapp-image-2024-11-25-at-08-22-52\/'><img loading=\"lazy\" decoding=\"async\" width=\"768\" height=\"1024\" src=\"https:\/\/agora.xtec.cat\/escolajeronidemoragas\/wp-content\/uploads\/usu2509\/2024\/11\/WhatsApp-Image-2024-11-25-at-08.22.52-768x1024.jpeg\" class=\"attachment-large size-large\" alt=\"\" srcset=\"https:\/\/agora.xtec.cat\/escolajeronidemoragas\/wp-content\/uploads\/usu2509\/2024\/11\/WhatsApp-Image-2024-11-25-at-08.22.52-768x1024.jpeg 768w, https:\/\/agora.xtec.cat\/escolajeronidemoragas\/wp-content\/uploads\/usu2509\/2024\/11\/WhatsApp-Image-2024-11-25-at-08.22.52-225x300.jpeg 225w, https:\/\/agora.xtec.cat\/escolajeronidemoragas\/wp-content\/uploads\/usu2509\/2024\/11\/WhatsApp-Image-2024-11-25-at-08.22.52-1152x1536.jpeg 1152w, https:\/\/agora.xtec.cat\/escolajeronidemoragas\/wp-content\/uploads\/usu2509\/2024\/11\/WhatsApp-Image-2024-11-25-at-08.22.52.jpeg 1200w\" sizes=\"auto, (max-width: 768px) 100vw, 768px\" \/><\/a>\n\t\t\t<\/dt><\/dl>\n\t\t\t<br style='clear: both' \/>\n\t\t<\/div>\n\n","protected":false},"excerpt":{"rendered":"<p>Aquest dimarts, els alumnes de les aules\u00a0A2 i A4 han viscut un dia molt especial al Balloon Museum de Barcelona,\u00a0un espai molt l\u00fadic, i alhora, un espai on han pogut explorar a trav\u00e9s dels sentits.<br \/>\nEl museu, ple d\u2019instal\u00b7lacions gegants fetes de globus i estructures inflables,&hellip;  <a href=\"https:\/\/agora.xtec.cat\/escolajeronidemoragas\/general\/immersio-magica-al-balloon-museum\/\" title=\"Read IMMERSI\u00d3 M\u00c0GICA AL BALLOON MUSEUM\">Llegeix m\u00e9s\u00bb<\/a><\/p>\n","protected":false},"author":1,"featured_media":3446,"comment_status":"open","ping_status":"closed","sticky":false,"template":"","format":"standard","meta":{"_bbp_topic_count":0,"_bbp_reply_count":0,"_bbp_total_topic_count":0,"_bbp_total_reply_count":0,"_bbp_voice_count":0,"_bbp_anonymous_reply_count":0,"_bbp_topic_count_hidden":0,"_bbp_reply_count_hidden":0,"_bbp_forum_subforum_count":0,"footnotes":""},"categories":[10,11,12,13,14,15,86,83,1,2,81,4,85,84],"tags":[],"class_list":["post-3366","post","type-post","status-publish","format-standard","has-post-thumbnail","hentry","category-1r","category-2n","category-3r","category-4t","category-5e","category-6e","category-curs-2024-25","category-eso","category-general","category-infantil-i-primaria","category-novembre","category-portada","category-sensorial","category-tva"],"post_mailing_queue_ids":[],"_links":{"self":[{"href":"https:\/\/agora.xtec.cat\/escolajeronidemoragas\/wp-json\/wp\/v2\/posts\/3366","targetHints":{"allow":["GET"]}}],"collection":[{"href":"https:\/\/agora.xtec.cat\/escolajeronidemoragas\/wp-json\/wp\/v2\/posts"}],"about":[{"href":"https:\/\/agora.xtec.cat\/escolajeronidemoragas\/wp-json\/wp\/v2\/types\/post"}],"author":[{"embeddable":true,"href":"https:\/\/agora.xtec.cat\/escolajeronidemoragas\/wp-json\/wp\/v2\/users\/1"}],"replies":[{"embeddable":true,"href":"https:\/\/agora.xtec.cat\/escolajeronidemoragas\/wp-json\/wp\/v2\/comments?post=3366"}],"version-history":[{"count":6,"href":"https:\/\/agora.xtec.cat\/escolajeronidemoragas\/wp-json\/wp\/v2\/posts\/3366\/revisions"}],"predecessor-version":[{"id":3458,"href":"https:\/\/agora.xtec.cat\/escolajeronidemoragas\/wp-json\/wp\/v2\/posts\/3366\/revisions\/3458"}],"wp:featuredmedia":[{"embeddable":true,"href":"https:\/\/agora.xtec.cat\/escolajeronidemoragas\/wp-json\/wp\/v2\/media\/3446"}],"wp:attachment":[{"href":"https:\/\/agora.xtec.cat\/escolajeronidemoragas\/wp-json\/wp\/v2\/media?parent=3366"}],"wp:term":[{"taxonomy":"category","embeddable":true,"href":"https:\/\/agora.xtec.cat\/escolajeronidemoragas\/wp-json\/wp\/v2\/categories?post=3366"},{"taxonomy":"post_tag","embeddable":true,"href":"https:\/\/agora.xtec.cat\/escolajeronidemoragas\/wp-json\/wp\/v2\/tags?post=3366"}],"curies":[{"name":"wp","href":"https:\/\/api.w.org\/{rel}","templated":true}]}}