{"id":3301,"date":"2024-11-21T20:57:01","date_gmt":"2024-11-21T19:57:01","guid":{"rendered":"https:\/\/agora.xtec.cat\/escolajeronidemoragas\/?p=3301"},"modified":"2024-11-21T21:36:11","modified_gmt":"2024-11-21T20:36:11","slug":"drets-dels-infants","status":"publish","type":"post","link":"https:\/\/agora.xtec.cat\/escolajeronidemoragas\/general\/drets-dels-infants\/","title":{"rendered":"DRETS DELS INFANTS"},"content":{"rendered":"<p>Cada <strong>20 de Novembre <\/strong>se celebra arreu del m\u00f3n el <strong>Dia Universal de l\u2019infant<\/strong>, un dia per sensibilitzar, donar a con\u00e8ixer aquests drets i lluitar pel seu compliment. \u00c9s essencial assegurar que tots els infants de tot el m\u00f3n se\u2019ls <strong>garanteixi i respecti els seus drets<\/strong> per poder tenir un futur ple d&#8217;oportunitats i benestar. S\u00f3n drets inalienables, irrenunciables, innats i imprescindibles perqu\u00e8 els nens i nenes gaudeixin d\u2019una\u00a0bona inf\u00e0ncia. Aquests drets es troben recollits a la<b> Convenci\u00f3 sobre els drets de l\u2019Infant: <a href=\"https:\/\/agora.xtec.cat\/escolajeronidemoragas\/wp-content\/uploads\/usu2509\/2024\/11\/AF_DRETS-INFANTS_POSTER_-UNICEF.pdf\">AF_DRETS-INFANTS_POSTER_ UNICEF<\/a><\/b><\/p>\n<p>Us proposem visualitzar l&#8217;<a href=\"https:\/\/www.3cat.cat\/tv3\/sx3\/especial-drets-dels-nens\/video\/6070137\/\"><strong> &#8220;InfoK&#8221; especial dedicat al Dia dels Drets dels Nens i les Nenes<\/strong>,<\/a> un programa amb <strong>l&#8217;Unicef<\/strong>, una organitzaci\u00f3 que es dedica a ajudar els nens d&#8217;arreu del m\u00f3n.<\/p>\n<p>Us adjuntem tamb\u00e9 un recull de <strong>v\u00eddeos<\/strong> que expliquen els drets dels infants, aix\u00ed com algunes propostes per tractar aquest tema amb els vostres fills i filles.<\/p>\n<ul>\n<li><a href=\"https:\/\/www.3cat.cat\/tv3\/sx3\/els-vostres-drets\/video\/6130383\/\">Els vostres drets<\/a>: L\u2019Unicef recorda que encara hi ha milions de nens i nenes arreu del m\u00f3n que no reben l\u2019atenci\u00f3 i les cures que necessiten.<\/li>\n<li><a href=\"https:\/\/www.ccma.cat\/tv3\/sx3\/dret-a-un-nom\/video\/5800208\/\">Dret a un nom<\/a>: El dret a tenir nom vol dir que tots els nens han de ser registrats legalment des del moment del seu naixement i han de tenir un document d&#8217;identitat per tal que l&#8217;Estat vetlli tots els seus drets.<\/li>\n<li><a href=\"https:\/\/www.3cat.cat\/tv3\/sx3\/dret-a-anar-a-lescola\/video\/5800212\/\">Dret a l&#8217;escola<\/a>: Els infants tenen dret a anar a l\u2019escola.<\/li>\n<li><a href=\"https:\/\/www.3cat.cat\/tv3\/sx3\/dret-a-la-salut\/video\/5800214\/\">Dret a la salut<\/a>: El dret a la salut garanteix que tots els infants tinguin acc\u00e9s a serveis m\u00e8dics, alimentaci\u00f3 adequada, aigua potable i un entorn segur per cr\u00e9ixer sans.<\/li>\n<li><a href=\"https:\/\/www.ccma.cat\/tv3\/sx3\/dret-a-jugar\/video\/5800213\/\">Dret a jugar:<\/a> Assegura que tots els infants tinguin temps i espais per divertir-se, aprendre i desenvolupar-se plenament a trav\u00e9s del joc per entendre com funciona el m\u00f3n.<\/li>\n<li><a href=\"https:\/\/www.ccma.cat\/tv3\/sx3\/el-dreta-a-la-familia\/video\/5800210\/\">Dret a la fam\u00edlia<\/a>: Garanteix que tots els infants puguin cr\u00e9ixer en un entorn familiar que els proporcioni amor, cura i seguretat.<\/li>\n<li><a href=\"https:\/\/www.3cat.cat\/tv3\/sx3\/dret-a-la-informacio-i-a-lopinio\/video\/5800195\/\">Dret a la informaci\u00f3 i a l&#8217;opini\u00f3<\/a>: Assegura que els infants puguin accedir a informaci\u00f3 adequada i expressar lliurement les seves idees, sent escoltats i respectats.<\/li>\n<li><a href=\"https:\/\/www.ccma.cat\/tv3\/sx3\/dret-a-la-intimitat\/video\/5800215\/\">Dret a la intimitat<\/a>: Protegeix els infants de qualsevol intrusi\u00f3 injustificada en la seva vida privada, el seu m\u00f3n i secrets.<\/li>\n<\/ul>\n<p>Recomenacions de <strong>llibres<\/strong> per aprendre i coneixer els drets dels nens i nenes de tot el m\u00f3n:<\/p>\n<ul>\n<li><em>Tinc dret a ser nen<\/em> (Alain Serres, Aur\u00e9lia Fronty. Ed. Blume)<a style=\"color: #2795b6;\" href=\"https:\/\/agora.xtec.cat\/escolajeronidemoragas\/wp-content\/uploads\/usu2509\/2024\/11\/TINC-DRET-A-SER-NEN.jpg\"><img loading=\"lazy\" decoding=\"async\" class=\"wp-image-3310 alignright\" src=\"https:\/\/agora.xtec.cat\/escolajeronidemoragas\/wp-content\/uploads\/usu2509\/2024\/11\/TINC-DRET-A-SER-NEN.jpg\" alt=\"\" width=\"261\" height=\"276\" srcset=\"https:\/\/agora.xtec.cat\/escolajeronidemoragas\/wp-content\/uploads\/usu2509\/2024\/11\/TINC-DRET-A-SER-NEN.jpg 945w, https:\/\/agora.xtec.cat\/escolajeronidemoragas\/wp-content\/uploads\/usu2509\/2024\/11\/TINC-DRET-A-SER-NEN-284x300.jpg 284w, https:\/\/agora.xtec.cat\/escolajeronidemoragas\/wp-content\/uploads\/usu2509\/2024\/11\/TINC-DRET-A-SER-NEN-768x813.jpg 768w\" sizes=\"auto, (max-width: 261px) 100vw, 261px\" \/><\/a><\/li>\n<li><em>Tots naixem lliures<\/em> (Amnistia internacional. Ed. Molino)<\/li>\n<li><em>Un m\u00f3n millor: Drets de l&#8217;infant<\/em> (VV.AA, Gabriel Pacheco i Adolfo Serra. Ed Jaguar)<\/li>\n<li><em>Drets i deures del nens<\/em> (C\u00e9sar Bona, Joan Turu. Ed. Beascoa)<\/li>\n<li><em>Imagine<\/em> (John Lennon, Jean Jullien. Ed Flamboyant)<\/li>\n<li><em>Les tres bessones i els drets a la inf\u00e0ncia<\/em> (Ajuntament de BCN)<\/li>\n<li><em>Malala: Pel dret de les nenes a l&#8217;educaci\u00f3<\/em> (Rapha\u00eblle Frier, Aur\u00e9lia Fronty. Ed. Art Blume)<\/li>\n<li><em>El llapis de la Malala<\/em> (Malala Yousafzai, Kerasco\u00ebt. Ed. Alianza)<\/li>\n<li><em>Contes dels drets dels infants<\/em> (Premi Pilar\u00edn Bay\u00e9s)<\/li>\n<li><em>Els nens no volen la guerra<\/em> (Eric Battut. Ed. Juventud)<\/li>\n<li><em>Home de color<\/em> (Jerome Ruillier. Ed. Juventud)<\/li>\n<li><em>Nens del m\u00f3n en perill<\/em> (Donald Grant. Ed. Juventud)<\/li>\n<li><em>Refugiada: L&#8217;odissea d&#8217;una fam\u00edlia<\/em> (Tessa Juli\u00e0, Anna Gordillo. Ed. La Galera)<\/li>\n<li><em>El color de la meva pell<\/em> (Thomas-Harker. Ed. Juventud)<\/li>\n<li><em>Qu\u00e8 mengem?<\/em> (Luc\u00eda Serrano. Ed. Barcanova)<\/li>\n<li><em>Emigrantes<\/em> (Shaun Tan. Ed. Barbara Fiore)<\/li>\n<\/ul>\n<p><a href=\"https:\/\/agora.xtec.cat\/escolajeronidemoragas\/wp-content\/uploads\/usu2509\/2024\/11\/91UkV-dBp0L.jpg\"><img loading=\"lazy\" decoding=\"async\" class=\" wp-image-3306\" src=\"https:\/\/agora.xtec.cat\/escolajeronidemoragas\/wp-content\/uploads\/usu2509\/2024\/11\/91UkV-dBp0L-1024x1024.jpg\" alt=\"\" width=\"268\" height=\"268\" srcset=\"https:\/\/agora.xtec.cat\/escolajeronidemoragas\/wp-content\/uploads\/usu2509\/2024\/11\/91UkV-dBp0L-1024x1024.jpg 1024w, https:\/\/agora.xtec.cat\/escolajeronidemoragas\/wp-content\/uploads\/usu2509\/2024\/11\/91UkV-dBp0L-300x300.jpg 300w, https:\/\/agora.xtec.cat\/escolajeronidemoragas\/wp-content\/uploads\/usu2509\/2024\/11\/91UkV-dBp0L-150x150.jpg 150w, https:\/\/agora.xtec.cat\/escolajeronidemoragas\/wp-content\/uploads\/usu2509\/2024\/11\/91UkV-dBp0L-768x768.jpg 768w, https:\/\/agora.xtec.cat\/escolajeronidemoragas\/wp-content\/uploads\/usu2509\/2024\/11\/91UkV-dBp0L-1536x1536.jpg 1536w, https:\/\/agora.xtec.cat\/escolajeronidemoragas\/wp-content\/uploads\/usu2509\/2024\/11\/91UkV-dBp0L-2048x2048.jpg 2048w\" sizes=\"auto, (max-width: 268px) 100vw, 268px\" \/><\/a><a href=\"https:\/\/agora.xtec.cat\/escolajeronidemoragas\/wp-content\/uploads\/usu2509\/2024\/11\/EMIGRANTES.jpg\"><img loading=\"lazy\" decoding=\"async\" class=\"alignright wp-image-3307\" src=\"https:\/\/agora.xtec.cat\/escolajeronidemoragas\/wp-content\/uploads\/usu2509\/2024\/11\/EMIGRANTES.jpg\" alt=\"\" width=\"203\" height=\"278\" srcset=\"https:\/\/agora.xtec.cat\/escolajeronidemoragas\/wp-content\/uploads\/usu2509\/2024\/11\/EMIGRANTES.jpg 229w, https:\/\/agora.xtec.cat\/escolajeronidemoragas\/wp-content\/uploads\/usu2509\/2024\/11\/EMIGRANTES-219x300.jpg 219w\" sizes=\"auto, (max-width: 203px) 100vw, 203px\" \/><\/a> <a href=\"https:\/\/agora.xtec.cat\/escolajeronidemoragas\/wp-content\/uploads\/usu2509\/2024\/11\/MALALA.jpg\"><img loading=\"lazy\" decoding=\"async\" class=\"alignright wp-image-3308\" src=\"https:\/\/agora.xtec.cat\/escolajeronidemoragas\/wp-content\/uploads\/usu2509\/2024\/11\/MALALA.jpg\" alt=\"\" width=\"276\" height=\"275\" srcset=\"https:\/\/agora.xtec.cat\/escolajeronidemoragas\/wp-content\/uploads\/usu2509\/2024\/11\/MALALA.jpg 894w, https:\/\/agora.xtec.cat\/escolajeronidemoragas\/wp-content\/uploads\/usu2509\/2024\/11\/MALALA-300x300.jpg 300w, https:\/\/agora.xtec.cat\/escolajeronidemoragas\/wp-content\/uploads\/usu2509\/2024\/11\/MALALA-150x150.jpg 150w, https:\/\/agora.xtec.cat\/escolajeronidemoragas\/wp-content\/uploads\/usu2509\/2024\/11\/MALALA-768x767.jpg 768w\" sizes=\"auto, (max-width: 276px) 100vw, 276px\" \/><\/a> <a href=\"https:\/\/agora.xtec.cat\/escolajeronidemoragas\/wp-content\/uploads\/usu2509\/2024\/11\/REFUGIADA.jpg\"><img loading=\"lazy\" decoding=\"async\" class=\"alignright wp-image-3309\" src=\"https:\/\/agora.xtec.cat\/escolajeronidemoragas\/wp-content\/uploads\/usu2509\/2024\/11\/REFUGIADA.jpg\" alt=\"\" width=\"195\" height=\"275\" \/><\/a><\/p>\n<p>Tamb\u00e9 us oferim un recull de <a href=\"https:\/\/www.3cat.cat\/3cat\/coleccio\/23030\/\"><strong>pel\u00b7l\u00edcules<\/strong> <\/a>que tracten el tema del drets dels infants que ofereix TV3.<\/p>\n<p>Per acabar, us deixem amb\u00a0<strong>can\u00e7ons<\/strong> on queden reflectits tots els drets dels infants:<\/p>\n<p><iframe loading=\"lazy\" title=\"PA\u00cdS DE XAUXA. ELS DRETS DELS INFANTS. TINA I LOLA\" width=\"500\" height=\"281\" src=\"https:\/\/www.youtube.com\/embed\/U9H2EgY-pHQ?feature=oembed\" frameborder=\"0\" allow=\"accelerometer; autoplay; clipboard-write; encrypted-media; gyroscope; picture-in-picture; web-share\" referrerpolicy=\"strict-origin-when-cross-origin\" allowfullscreen><\/iframe><\/p>\n<p><iframe loading=\"lazy\" title=\"Xiula - Els Drets dels Infants\" width=\"500\" height=\"281\" src=\"https:\/\/www.youtube.com\/embed\/1kU31Qljkgs?feature=oembed\" frameborder=\"0\" allow=\"accelerometer; autoplay; clipboard-write; encrypted-media; gyroscope; picture-in-picture; web-share\" referrerpolicy=\"strict-origin-when-cross-origin\" allowfullscreen><\/iframe><\/p>\n<p><iframe loading=\"lazy\" title=\"El Gripau Blau - ELS DRETS DELS INFANTS\" width=\"500\" height=\"281\" src=\"https:\/\/www.youtube.com\/embed\/V41L_o26hwY?feature=oembed\" frameborder=\"0\" allow=\"accelerometer; autoplay; clipboard-write; encrypted-media; gyroscope; picture-in-picture; web-share\" referrerpolicy=\"strict-origin-when-cross-origin\" allowfullscreen><\/iframe><\/p>\n","protected":false},"excerpt":{"rendered":"<p>Cada 20 de Novembre se celebra arreu del m\u00f3n el Dia Universal de l\u2019infant, un dia per sensibilitzar, donar a con\u00e8ixer aquests drets i lluitar pel seu compliment. \u00c9s essencial assegurar que tots els infants de tot el m\u00f3n se\u2019ls garanteixi i respecti els seus&hellip;  <a href=\"https:\/\/agora.xtec.cat\/escolajeronidemoragas\/general\/drets-dels-infants\/\" title=\"Read DRETS DELS INFANTS\">Llegeix m\u00e9s\u00bb<\/a><\/p>\n","protected":false},"author":1,"featured_media":3306,"comment_status":"open","ping_status":"closed","sticky":false,"template":"","format":"standard","meta":{"_bbp_topic_count":0,"_bbp_reply_count":0,"_bbp_total_topic_count":0,"_bbp_total_reply_count":0,"_bbp_voice_count":0,"_bbp_anonymous_reply_count":0,"_bbp_topic_count_hidden":0,"_bbp_reply_count_hidden":0,"_bbp_forum_subforum_count":0,"footnotes":""},"categories":[10,11,12,13,14,15,74,78,7,70,86,82,83,72,71,1,2,77,76,75,73,81,80,4,85,79,84],"tags":[],"class_list":["post-3301","post","type-post","status-publish","format-standard","has-post-thumbnail","hentry","category-1r","category-2n","category-3r","category-4t","category-5e","category-6e","category-abril","category-agost","category-ampa","category-curs-2023-24","category-curs-2024-25","category-desembre","category-eso","category-febrer","category-gener","category-general","category-infantil-i-primaria","category-juliol","category-juny","category-maig","category-marc","category-novembre","category-octubre","category-portada","category-sensorial","category-setembre","category-tva"],"post_mailing_queue_ids":[],"_links":{"self":[{"href":"https:\/\/agora.xtec.cat\/escolajeronidemoragas\/wp-json\/wp\/v2\/posts\/3301","targetHints":{"allow":["GET"]}}],"collection":[{"href":"https:\/\/agora.xtec.cat\/escolajeronidemoragas\/wp-json\/wp\/v2\/posts"}],"about":[{"href":"https:\/\/agora.xtec.cat\/escolajeronidemoragas\/wp-json\/wp\/v2\/types\/post"}],"author":[{"embeddable":true,"href":"https:\/\/agora.xtec.cat\/escolajeronidemoragas\/wp-json\/wp\/v2\/users\/1"}],"replies":[{"embeddable":true,"href":"https:\/\/agora.xtec.cat\/escolajeronidemoragas\/wp-json\/wp\/v2\/comments?post=3301"}],"version-history":[{"count":5,"href":"https:\/\/agora.xtec.cat\/escolajeronidemoragas\/wp-json\/wp\/v2\/posts\/3301\/revisions"}],"predecessor-version":[{"id":3316,"href":"https:\/\/agora.xtec.cat\/escolajeronidemoragas\/wp-json\/wp\/v2\/posts\/3301\/revisions\/3316"}],"wp:featuredmedia":[{"embeddable":true,"href":"https:\/\/agora.xtec.cat\/escolajeronidemoragas\/wp-json\/wp\/v2\/media\/3306"}],"wp:attachment":[{"href":"https:\/\/agora.xtec.cat\/escolajeronidemoragas\/wp-json\/wp\/v2\/media?parent=3301"}],"wp:term":[{"taxonomy":"category","embeddable":true,"href":"https:\/\/agora.xtec.cat\/escolajeronidemoragas\/wp-json\/wp\/v2\/categories?post=3301"},{"taxonomy":"post_tag","embeddable":true,"href":"https:\/\/agora.xtec.cat\/escolajeronidemoragas\/wp-json\/wp\/v2\/tags?post=3301"}],"curies":[{"name":"wp","href":"https:\/\/api.w.org\/{rel}","templated":true}]}}