{"id":3295,"date":"2024-11-14T21:48:11","date_gmt":"2024-11-14T20:48:11","guid":{"rendered":"https:\/\/agora.xtec.cat\/escolajeronidemoragas\/?p=3295"},"modified":"2024-11-14T21:48:59","modified_gmt":"2024-11-14T20:48:59","slug":"19e-cros-escolar-inclusiu","status":"publish","type":"post","link":"https:\/\/agora.xtec.cat\/escolajeronidemoragas\/general\/19e-cros-escolar-inclusiu\/","title":{"rendered":"19\u00e8 CROS ESCOLAR INCLUSIU"},"content":{"rendered":"<p><span lang=\"ca\" data-olk-copy-source=\"MessageBody\">Hola a tothom, <\/span><\/p>\n<p><span lang=\"ca\" data-olk-copy-source=\"MessageBody\">us informem que el <\/span><span lang=\"ca\">pr\u00f2xim <strong>diumenge 24 de novembre<\/strong> se celebrar\u00e0 el <\/span><b><span lang=\"ca\">19\u00e8 Cros Escolar Inclusiu Manresa, Ciutat Europea de l&#8217;Esport, a l\u2019Estadi d\u2019Atletisme del Congost,<\/span><\/b><span lang=\"ca\"> puntuable per la Fase Comarcal dels JEEC.\u00a0<\/span>S\u2019esperen participants de tota la comarca.<\/p>\n<p>Les <strong>inscripcions<\/strong> pels infants i adolescents escolaritzats a Manresa \u00e9s <strong>gratu\u00efta<\/strong>. Pel que fa als alumnes del nostre centre, us hem fet arribar un Dinantia demanant si participareu al Cros. En cas afirmatiu, des del centre ens encarreguem de fer les inscripcions corresponents. <span style=\"font-family: inherit; font-size: 1em;\">La <strong>data m\u00e0xima per apuntar-se \u00e9s el dimarts 19 de novembre<\/strong>. Recordem que les proves tindran sortides compensades per a infants i joves amb diversitat funcional.<\/span><\/p>\n<p><span lang=\"ca\">En el cas que alg\u00fa es vulgui inscriure de forma individual, pot omplir el formulari del seg\u00fcent enlla\u00e7: <\/span><span lang=\"ca\"><a title=\"Direcci\u00f3n URL original: https:\/\/urldefense.proofpoint.com\/v2\/url?u=https-3A__docs.google.com_forms_d_e_1FAIpQLSfj-2DfXzhW2-5FlV2zPPUuun81LBtXPwrO-5Fljv36n-2DDDPycqleOQ_viewform&amp;d=DwMFaQ&amp;c=euGZstcaTDllvimEN8b7jXrwqOf-v5A_CdpgnVfiiMM&amp;r=H0rKZ0VCTdInPFxoMSkr-PzByD77egaqO-xhH2huw80&amp;m=AUIHZwmbZDhcsCp9XS4g_0dKzwR5gi8bnNA_Ni9_hxZf-4z9lf9B_N1v23CkPNcu&amp;s=xbIeNxBd6S2tWSkLIN9BSTVcwLA4ACSpZvxt3mHVZqg&amp;e=. Haga clic o pulse si conf\u00eda en este v\u00ednculo.\" href=\"https:\/\/eur05.safelinks.protection.outlook.com\/?url=https%3A%2F%2Furldefense.proofpoint.com%2Fv2%2Furl%3Fu%3Dhttps-3A__docs.google.com_forms_d_e_1FAIpQLSfj-2DfXzhW2-5FlV2zPPUuun81LBtXPwrO-5Fljv36n-2DDDPycqleOQ_viewform%26d%3DDwMFaQ%26c%3DeuGZstcaTDllvimEN8b7jXrwqOf-v5A_CdpgnVfiiMM%26r%3DH0rKZ0VCTdInPFxoMSkr-PzByD77egaqO-xhH2huw80%26m%3DAUIHZwmbZDhcsCp9XS4g_0dKzwR5gi8bnNA_Ni9_hxZf-4z9lf9B_N1v23CkPNcu%26s%3DxbIeNxBd6S2tWSkLIN9BSTVcwLA4ACSpZvxt3mHVZqg%26e%3D&amp;data=05%7C02%7Cbhortal%40ampans.cat%7C1ec6bc89a23d4469972108dcfdb8d5bd%7Ce48a1a6a523c4f4d88948cf2b91585f8%7C0%7C0%7C638664217514341300%7CUnknown%7CTWFpbGZsb3d8eyJWIjoiMC4wLjAwMDAiLCJQIjoiV2luMzIiLCJBTiI6Ik1haWwiLCJXVCI6Mn0%3D%7C0%7C%7C%7C&amp;sdata=UKDyW59rALLz0j47nv7y43SRwJ73BB5moCYLGWZdo0k%3D&amp;reserved=0\" target=\"_blank\" rel=\"noopener noreferrer\" data-auth=\"Verified\" data-linkindex=\"2\">www.manresa.cat\/inscripcionscrosescolar<\/a><\/span><\/p>\n<p>Us animem a participar, un any m\u00e9s, al Cros escolar, un dia ple d\u2019esport, diversi\u00f3 i complicitat amb alumnes i fam\u00edlies! Una oportunitat \u00fanica per gaudir plegats de l\u2019esport, fer nous amics i viure l&#8217;esperit d&#8217;equip. No hi falteu!!!<\/p>\n<p><a href=\"https:\/\/agora.xtec.cat\/escolajeronidemoragas\/wp-content\/uploads\/usu2509\/2024\/11\/Cros-Escolar-Inclusiu-2024-scaled.jpg\"><img loading=\"lazy\" decoding=\"async\" class=\"size-large wp-image-3297 aligncenter\" src=\"https:\/\/agora.xtec.cat\/escolajeronidemoragas\/wp-content\/uploads\/usu2509\/2024\/11\/Cros-Escolar-Inclusiu-2024-724x1024.jpg\" alt=\"\" width=\"724\" height=\"1024\" srcset=\"https:\/\/agora.xtec.cat\/escolajeronidemoragas\/wp-content\/uploads\/usu2509\/2024\/11\/Cros-Escolar-Inclusiu-2024-724x1024.jpg 724w, https:\/\/agora.xtec.cat\/escolajeronidemoragas\/wp-content\/uploads\/usu2509\/2024\/11\/Cros-Escolar-Inclusiu-2024-212x300.jpg 212w, https:\/\/agora.xtec.cat\/escolajeronidemoragas\/wp-content\/uploads\/usu2509\/2024\/11\/Cros-Escolar-Inclusiu-2024-768x1086.jpg 768w, https:\/\/agora.xtec.cat\/escolajeronidemoragas\/wp-content\/uploads\/usu2509\/2024\/11\/Cros-Escolar-Inclusiu-2024-1086x1536.jpg 1086w, https:\/\/agora.xtec.cat\/escolajeronidemoragas\/wp-content\/uploads\/usu2509\/2024\/11\/Cros-Escolar-Inclusiu-2024-1448x2048.jpg 1448w, https:\/\/agora.xtec.cat\/escolajeronidemoragas\/wp-content\/uploads\/usu2509\/2024\/11\/Cros-Escolar-Inclusiu-2024-scaled.jpg 1810w\" sizes=\"auto, (max-width: 724px) 100vw, 724px\" \/><\/a><\/p>\n<p>&nbsp;<\/p>\n","protected":false},"excerpt":{"rendered":"<p>Hola a tothom,<br \/>\nus informem que el pr\u00f2xim diumenge 24 de novembre se celebrar\u00e0 el 19\u00e8 Cros Escolar Inclusiu Manresa, Ciutat Europea de l&#8217;Esport, a l\u2019Estadi d\u2019Atletisme del Congost, puntuable per la Fase Comarcal dels JEEC.\u00a0S\u2019esperen participants de tota la comarca.<br \/>\nLes inscripcions pels infants i&hellip;  <a href=\"https:\/\/agora.xtec.cat\/escolajeronidemoragas\/general\/19e-cros-escolar-inclusiu\/\" title=\"Read 19\u00e8 CROS ESCOLAR INCLUSIU\">Llegeix m\u00e9s\u00bb<\/a><\/p>\n","protected":false},"author":1,"featured_media":3297,"comment_status":"open","ping_status":"closed","sticky":false,"template":"","format":"standard","meta":{"_bbp_topic_count":0,"_bbp_reply_count":0,"_bbp_total_topic_count":0,"_bbp_total_reply_count":0,"_bbp_voice_count":0,"_bbp_anonymous_reply_count":0,"_bbp_topic_count_hidden":0,"_bbp_reply_count_hidden":0,"_bbp_forum_subforum_count":0,"footnotes":""},"categories":[10,11,12,13,14,15,86,83,1,2,81,4,85,84],"tags":[],"class_list":["post-3295","post","type-post","status-publish","format-standard","has-post-thumbnail","hentry","category-1r","category-2n","category-3r","category-4t","category-5e","category-6e","category-curs-2024-25","category-eso","category-general","category-infantil-i-primaria","category-novembre","category-portada","category-sensorial","category-tva"],"post_mailing_queue_ids":[],"_links":{"self":[{"href":"https:\/\/agora.xtec.cat\/escolajeronidemoragas\/wp-json\/wp\/v2\/posts\/3295","targetHints":{"allow":["GET"]}}],"collection":[{"href":"https:\/\/agora.xtec.cat\/escolajeronidemoragas\/wp-json\/wp\/v2\/posts"}],"about":[{"href":"https:\/\/agora.xtec.cat\/escolajeronidemoragas\/wp-json\/wp\/v2\/types\/post"}],"author":[{"embeddable":true,"href":"https:\/\/agora.xtec.cat\/escolajeronidemoragas\/wp-json\/wp\/v2\/users\/1"}],"replies":[{"embeddable":true,"href":"https:\/\/agora.xtec.cat\/escolajeronidemoragas\/wp-json\/wp\/v2\/comments?post=3295"}],"version-history":[{"count":2,"href":"https:\/\/agora.xtec.cat\/escolajeronidemoragas\/wp-json\/wp\/v2\/posts\/3295\/revisions"}],"predecessor-version":[{"id":3299,"href":"https:\/\/agora.xtec.cat\/escolajeronidemoragas\/wp-json\/wp\/v2\/posts\/3295\/revisions\/3299"}],"wp:featuredmedia":[{"embeddable":true,"href":"https:\/\/agora.xtec.cat\/escolajeronidemoragas\/wp-json\/wp\/v2\/media\/3297"}],"wp:attachment":[{"href":"https:\/\/agora.xtec.cat\/escolajeronidemoragas\/wp-json\/wp\/v2\/media?parent=3295"}],"wp:term":[{"taxonomy":"category","embeddable":true,"href":"https:\/\/agora.xtec.cat\/escolajeronidemoragas\/wp-json\/wp\/v2\/categories?post=3295"},{"taxonomy":"post_tag","embeddable":true,"href":"https:\/\/agora.xtec.cat\/escolajeronidemoragas\/wp-json\/wp\/v2\/tags?post=3295"}],"curies":[{"name":"wp","href":"https:\/\/api.w.org\/{rel}","templated":true}]}}