{"id":3214,"date":"2024-11-04T21:08:39","date_gmt":"2024-11-04T20:08:39","guid":{"rendered":"https:\/\/agora.xtec.cat\/escolajeronidemoragas\/?p=3214"},"modified":"2024-11-06T20:20:38","modified_gmt":"2024-11-06T19:20:38","slug":"la-fageda-den-jorda","status":"publish","type":"post","link":"https:\/\/agora.xtec.cat\/escolajeronidemoragas\/infantil-i-primaria\/la-fageda-den-jorda\/","title":{"rendered":"LA FAGEDA D&#8217;EN JORD\u00c0"},"content":{"rendered":"<p>El passat divendres 25, els alumnes de prim\u00e0ria van viure una sortida especial a la Fageda d\u2019en Jord\u00e0, on la tardor es mostrava en tota la seva esplendor. Envoltat de colors i de l\u2019aroma caracter\u00edstica de les fulles humides i la terra fresca, el grup va aprofitar per explorar el <strong><em>land art<\/em> <\/strong>creant obres amb elements naturals del bosc.<\/p>\n<p>La visita va ser encara m\u00e9s especial gr\u00e0cies als carruatges de cavalls, que els van passejar pel mig de la fageda, fent del trajecte una aut\u00e8ntica aventura. Els alumnes es van endinsar en el bosc i van gaudir d&#8217;una jornada de creativitat, diversi\u00f3 i aprenentatge en plena natura. Van tornar amb la motxilla plena de records d\u2019una tardor que es podia veure, tocar i, sobretot, sentir.<\/p>\n<p><a href=\"https:\/\/agora.xtec.cat\/escolajeronidemoragas\/wp-content\/uploads\/usu2509\/2024\/11\/cdv_photo_1729863930.jpg\"><img loading=\"lazy\" decoding=\"async\" class=\"aligncenter wp-image-3215 size-full\" src=\"https:\/\/agora.xtec.cat\/escolajeronidemoragas\/wp-content\/uploads\/usu2509\/2024\/11\/cdv_photo_1729863930.jpg\" alt=\"\" width=\"800\" height=\"1066\" srcset=\"https:\/\/agora.xtec.cat\/escolajeronidemoragas\/wp-content\/uploads\/usu2509\/2024\/11\/cdv_photo_1729863930.jpg 800w, https:\/\/agora.xtec.cat\/escolajeronidemoragas\/wp-content\/uploads\/usu2509\/2024\/11\/cdv_photo_1729863930-225x300.jpg 225w, https:\/\/agora.xtec.cat\/escolajeronidemoragas\/wp-content\/uploads\/usu2509\/2024\/11\/cdv_photo_1729863930-768x1023.jpg 768w\" sizes=\"auto, (max-width: 800px) 100vw, 800px\" \/><\/a> <a href=\"https:\/\/agora.xtec.cat\/escolajeronidemoragas\/wp-content\/uploads\/usu2509\/2024\/11\/cdv_photo_1729863948.jpg\"><img loading=\"lazy\" decoding=\"async\" class=\"alignright size-large wp-image-3216\" src=\"https:\/\/agora.xtec.cat\/escolajeronidemoragas\/wp-content\/uploads\/usu2509\/2024\/11\/cdv_photo_1729863948-768x1024.jpg\" alt=\"\" width=\"768\" height=\"1024\" srcset=\"https:\/\/agora.xtec.cat\/escolajeronidemoragas\/wp-content\/uploads\/usu2509\/2024\/11\/cdv_photo_1729863948-768x1023.jpg 768w, https:\/\/agora.xtec.cat\/escolajeronidemoragas\/wp-content\/uploads\/usu2509\/2024\/11\/cdv_photo_1729863948-225x300.jpg 225w, https:\/\/agora.xtec.cat\/escolajeronidemoragas\/wp-content\/uploads\/usu2509\/2024\/11\/cdv_photo_1729863948.jpg 800w\" sizes=\"auto, (max-width: 768px) 100vw, 768px\" \/><\/a> <a href=\"https:\/\/agora.xtec.cat\/escolajeronidemoragas\/wp-content\/uploads\/usu2509\/2024\/11\/cdv_photo_1729863971.jpg\"><img loading=\"lazy\" decoding=\"async\" class=\"alignright size-large wp-image-3217\" src=\"https:\/\/agora.xtec.cat\/escolajeronidemoragas\/wp-content\/uploads\/usu2509\/2024\/11\/cdv_photo_1729863971-768x1024.jpg\" alt=\"\" width=\"768\" height=\"1024\" srcset=\"https:\/\/agora.xtec.cat\/escolajeronidemoragas\/wp-content\/uploads\/usu2509\/2024\/11\/cdv_photo_1729863971-768x1023.jpg 768w, https:\/\/agora.xtec.cat\/escolajeronidemoragas\/wp-content\/uploads\/usu2509\/2024\/11\/cdv_photo_1729863971-225x300.jpg 225w, https:\/\/agora.xtec.cat\/escolajeronidemoragas\/wp-content\/uploads\/usu2509\/2024\/11\/cdv_photo_1729863971.jpg 800w\" sizes=\"auto, (max-width: 768px) 100vw, 768px\" \/><\/a> <a href=\"https:\/\/agora.xtec.cat\/escolajeronidemoragas\/wp-content\/uploads\/usu2509\/2024\/11\/cdv_photo_1729863993.jpg\"><img loading=\"lazy\" decoding=\"async\" class=\"alignright size-large wp-image-3218\" src=\"https:\/\/agora.xtec.cat\/escolajeronidemoragas\/wp-content\/uploads\/usu2509\/2024\/11\/cdv_photo_1729863993-768x1024.jpg\" alt=\"\" width=\"768\" height=\"1024\" srcset=\"https:\/\/agora.xtec.cat\/escolajeronidemoragas\/wp-content\/uploads\/usu2509\/2024\/11\/cdv_photo_1729863993-768x1023.jpg 768w, https:\/\/agora.xtec.cat\/escolajeronidemoragas\/wp-content\/uploads\/usu2509\/2024\/11\/cdv_photo_1729863993-225x300.jpg 225w, https:\/\/agora.xtec.cat\/escolajeronidemoragas\/wp-content\/uploads\/usu2509\/2024\/11\/cdv_photo_1729863993.jpg 800w\" sizes=\"auto, (max-width: 768px) 100vw, 768px\" \/><\/a> <a href=\"https:\/\/agora.xtec.cat\/escolajeronidemoragas\/wp-content\/uploads\/usu2509\/2024\/11\/IMG_20241025_123134.jpg\"><img loading=\"lazy\" decoding=\"async\" class=\"alignright size-large wp-image-3219\" src=\"https:\/\/agora.xtec.cat\/escolajeronidemoragas\/wp-content\/uploads\/usu2509\/2024\/11\/IMG_20241025_123134-768x1024.jpg\" alt=\"\" width=\"768\" height=\"1024\" srcset=\"https:\/\/agora.xtec.cat\/escolajeronidemoragas\/wp-content\/uploads\/usu2509\/2024\/11\/IMG_20241025_123134-768x1024.jpg 768w, https:\/\/agora.xtec.cat\/escolajeronidemoragas\/wp-content\/uploads\/usu2509\/2024\/11\/IMG_20241025_123134-225x300.jpg 225w, https:\/\/agora.xtec.cat\/escolajeronidemoragas\/wp-content\/uploads\/usu2509\/2024\/11\/IMG_20241025_123134-1152x1536.jpg 1152w, https:\/\/agora.xtec.cat\/escolajeronidemoragas\/wp-content\/uploads\/usu2509\/2024\/11\/IMG_20241025_123134.jpg 1530w\" sizes=\"auto, (max-width: 768px) 100vw, 768px\" \/><\/a> <a href=\"https:\/\/agora.xtec.cat\/escolajeronidemoragas\/wp-content\/uploads\/usu2509\/2024\/11\/IMG_20241025_123325.jpg\"><img loading=\"lazy\" decoding=\"async\" class=\"alignright size-large wp-image-3220\" src=\"https:\/\/agora.xtec.cat\/escolajeronidemoragas\/wp-content\/uploads\/usu2509\/2024\/11\/IMG_20241025_123325-768x1024.jpg\" alt=\"\" width=\"768\" height=\"1024\" srcset=\"https:\/\/agora.xtec.cat\/escolajeronidemoragas\/wp-content\/uploads\/usu2509\/2024\/11\/IMG_20241025_123325-768x1024.jpg 768w, https:\/\/agora.xtec.cat\/escolajeronidemoragas\/wp-content\/uploads\/usu2509\/2024\/11\/IMG_20241025_123325-225x300.jpg 225w, https:\/\/agora.xtec.cat\/escolajeronidemoragas\/wp-content\/uploads\/usu2509\/2024\/11\/IMG_20241025_123325-1152x1536.jpg 1152w, https:\/\/agora.xtec.cat\/escolajeronidemoragas\/wp-content\/uploads\/usu2509\/2024\/11\/IMG_20241025_123325.jpg 1530w\" sizes=\"auto, (max-width: 768px) 100vw, 768px\" \/><\/a> <a href=\"https:\/\/agora.xtec.cat\/escolajeronidemoragas\/wp-content\/uploads\/usu2509\/2024\/11\/IMG_20241025_123336.jpg\"><img loading=\"lazy\" decoding=\"async\" class=\"alignright size-large wp-image-3221\" src=\"https:\/\/agora.xtec.cat\/escolajeronidemoragas\/wp-content\/uploads\/usu2509\/2024\/11\/IMG_20241025_123336-768x1024.jpg\" alt=\"\" width=\"768\" height=\"1024\" srcset=\"https:\/\/agora.xtec.cat\/escolajeronidemoragas\/wp-content\/uploads\/usu2509\/2024\/11\/IMG_20241025_123336-768x1024.jpg 768w, https:\/\/agora.xtec.cat\/escolajeronidemoragas\/wp-content\/uploads\/usu2509\/2024\/11\/IMG_20241025_123336-225x300.jpg 225w, https:\/\/agora.xtec.cat\/escolajeronidemoragas\/wp-content\/uploads\/usu2509\/2024\/11\/IMG_20241025_123336-1152x1536.jpg 1152w, https:\/\/agora.xtec.cat\/escolajeronidemoragas\/wp-content\/uploads\/usu2509\/2024\/11\/IMG_20241025_123336.jpg 1530w\" sizes=\"auto, (max-width: 768px) 100vw, 768px\" \/><\/a> <a href=\"https:\/\/agora.xtec.cat\/escolajeronidemoragas\/wp-content\/uploads\/usu2509\/2024\/11\/IMG_20241025_125852.jpg\"><img loading=\"lazy\" decoding=\"async\" class=\"alignright size-large wp-image-3223\" src=\"https:\/\/agora.xtec.cat\/escolajeronidemoragas\/wp-content\/uploads\/usu2509\/2024\/11\/IMG_20241025_125852-768x1024.jpg\" alt=\"\" width=\"768\" height=\"1024\" srcset=\"https:\/\/agora.xtec.cat\/escolajeronidemoragas\/wp-content\/uploads\/usu2509\/2024\/11\/IMG_20241025_125852-768x1024.jpg 768w, https:\/\/agora.xtec.cat\/escolajeronidemoragas\/wp-content\/uploads\/usu2509\/2024\/11\/IMG_20241025_125852-225x300.jpg 225w, https:\/\/agora.xtec.cat\/escolajeronidemoragas\/wp-content\/uploads\/usu2509\/2024\/11\/IMG_20241025_125852-1152x1536.jpg 1152w, https:\/\/agora.xtec.cat\/escolajeronidemoragas\/wp-content\/uploads\/usu2509\/2024\/11\/IMG_20241025_125852.jpg 1530w\" sizes=\"auto, (max-width: 768px) 100vw, 768px\" \/><\/a> <a href=\"https:\/\/agora.xtec.cat\/escolajeronidemoragas\/wp-content\/uploads\/usu2509\/2024\/11\/IMG_20241025_125859.jpg\"><img loading=\"lazy\" decoding=\"async\" class=\"alignright size-large wp-image-3224\" src=\"https:\/\/agora.xtec.cat\/escolajeronidemoragas\/wp-content\/uploads\/usu2509\/2024\/11\/IMG_20241025_125859-768x1024.jpg\" alt=\"\" width=\"768\" height=\"1024\" srcset=\"https:\/\/agora.xtec.cat\/escolajeronidemoragas\/wp-content\/uploads\/usu2509\/2024\/11\/IMG_20241025_125859-768x1024.jpg 768w, https:\/\/agora.xtec.cat\/escolajeronidemoragas\/wp-content\/uploads\/usu2509\/2024\/11\/IMG_20241025_125859-225x300.jpg 225w, https:\/\/agora.xtec.cat\/escolajeronidemoragas\/wp-content\/uploads\/usu2509\/2024\/11\/IMG_20241025_125859-1152x1536.jpg 1152w, https:\/\/agora.xtec.cat\/escolajeronidemoragas\/wp-content\/uploads\/usu2509\/2024\/11\/IMG_20241025_125859.jpg 1530w\" sizes=\"auto, (max-width: 768px) 100vw, 768px\" \/><\/a> <a href=\"https:\/\/agora.xtec.cat\/escolajeronidemoragas\/wp-content\/uploads\/usu2509\/2024\/11\/IMG_20241025_130008.jpg\"><img loading=\"lazy\" decoding=\"async\" class=\"alignright size-large wp-image-3225\" src=\"https:\/\/agora.xtec.cat\/escolajeronidemoragas\/wp-content\/uploads\/usu2509\/2024\/11\/IMG_20241025_130008-768x1024.jpg\" alt=\"\" width=\"768\" height=\"1024\" srcset=\"https:\/\/agora.xtec.cat\/escolajeronidemoragas\/wp-content\/uploads\/usu2509\/2024\/11\/IMG_20241025_130008-768x1024.jpg 768w, https:\/\/agora.xtec.cat\/escolajeronidemoragas\/wp-content\/uploads\/usu2509\/2024\/11\/IMG_20241025_130008-225x300.jpg 225w, https:\/\/agora.xtec.cat\/escolajeronidemoragas\/wp-content\/uploads\/usu2509\/2024\/11\/IMG_20241025_130008-1152x1536.jpg 1152w, https:\/\/agora.xtec.cat\/escolajeronidemoragas\/wp-content\/uploads\/usu2509\/2024\/11\/IMG_20241025_130008.jpg 1530w\" sizes=\"auto, (max-width: 768px) 100vw, 768px\" \/><\/a> <a href=\"https:\/\/agora.xtec.cat\/escolajeronidemoragas\/wp-content\/uploads\/usu2509\/2024\/11\/IMG_20241025_130129.jpg\"><img loading=\"lazy\" decoding=\"async\" class=\"alignright size-large wp-image-3226\" src=\"https:\/\/agora.xtec.cat\/escolajeronidemoragas\/wp-content\/uploads\/usu2509\/2024\/11\/IMG_20241025_130129-768x1024.jpg\" alt=\"\" width=\"768\" height=\"1024\" srcset=\"https:\/\/agora.xtec.cat\/escolajeronidemoragas\/wp-content\/uploads\/usu2509\/2024\/11\/IMG_20241025_130129-768x1024.jpg 768w, https:\/\/agora.xtec.cat\/escolajeronidemoragas\/wp-content\/uploads\/usu2509\/2024\/11\/IMG_20241025_130129-225x300.jpg 225w, https:\/\/agora.xtec.cat\/escolajeronidemoragas\/wp-content\/uploads\/usu2509\/2024\/11\/IMG_20241025_130129-1152x1536.jpg 1152w, https:\/\/agora.xtec.cat\/escolajeronidemoragas\/wp-content\/uploads\/usu2509\/2024\/11\/IMG_20241025_130129.jpg 1530w\" sizes=\"auto, (max-width: 768px) 100vw, 768px\" \/><\/a> <a href=\"https:\/\/agora.xtec.cat\/escolajeronidemoragas\/wp-content\/uploads\/usu2509\/2024\/11\/IMG_20241025_134517.jpg\"><img loading=\"lazy\" decoding=\"async\" class=\"alignright wp-image-3228 size-large\" src=\"https:\/\/agora.xtec.cat\/escolajeronidemoragas\/wp-content\/uploads\/usu2509\/2024\/11\/IMG_20241025_134517-e1730751088389-526x1024.jpg\" alt=\"\" width=\"526\" height=\"1024\" srcset=\"https:\/\/agora.xtec.cat\/escolajeronidemoragas\/wp-content\/uploads\/usu2509\/2024\/11\/IMG_20241025_134517-e1730751088389-526x1024.jpg 526w, https:\/\/agora.xtec.cat\/escolajeronidemoragas\/wp-content\/uploads\/usu2509\/2024\/11\/IMG_20241025_134517-e1730751088389-154x300.jpg 154w, https:\/\/agora.xtec.cat\/escolajeronidemoragas\/wp-content\/uploads\/usu2509\/2024\/11\/IMG_20241025_134517-e1730751088389-768x1496.jpg 768w, https:\/\/agora.xtec.cat\/escolajeronidemoragas\/wp-content\/uploads\/usu2509\/2024\/11\/IMG_20241025_134517-e1730751088389-788x1536.jpg 788w, https:\/\/agora.xtec.cat\/escolajeronidemoragas\/wp-content\/uploads\/usu2509\/2024\/11\/IMG_20241025_134517-e1730751088389.jpg 1047w\" sizes=\"auto, (max-width: 526px) 100vw, 526px\" \/><\/a> <a href=\"https:\/\/agora.xtec.cat\/escolajeronidemoragas\/wp-content\/uploads\/usu2509\/2024\/11\/IMG_20241025_134526.jpg\"><img loading=\"lazy\" decoding=\"async\" class=\"alignright size-large wp-image-3229\" src=\"https:\/\/agora.xtec.cat\/escolajeronidemoragas\/wp-content\/uploads\/usu2509\/2024\/11\/IMG_20241025_134526-768x1024.jpg\" alt=\"\" width=\"768\" height=\"1024\" srcset=\"https:\/\/agora.xtec.cat\/escolajeronidemoragas\/wp-content\/uploads\/usu2509\/2024\/11\/IMG_20241025_134526-768x1024.jpg 768w, https:\/\/agora.xtec.cat\/escolajeronidemoragas\/wp-content\/uploads\/usu2509\/2024\/11\/IMG_20241025_134526-225x300.jpg 225w, https:\/\/agora.xtec.cat\/escolajeronidemoragas\/wp-content\/uploads\/usu2509\/2024\/11\/IMG_20241025_134526-1152x1536.jpg 1152w, https:\/\/agora.xtec.cat\/escolajeronidemoragas\/wp-content\/uploads\/usu2509\/2024\/11\/IMG_20241025_134526.jpg 1530w\" sizes=\"auto, (max-width: 768px) 100vw, 768px\" \/><\/a><\/p>\n<p>&nbsp;<\/p>\n","protected":false},"excerpt":{"rendered":"<p>El passat divendres 25, els alumnes de prim\u00e0ria van viure una sortida especial a la Fageda d\u2019en Jord\u00e0, on la tardor es mostrava en tota la seva esplendor. Envoltat de colors i de l\u2019aroma caracter\u00edstica de les fulles humides i la terra fresca, el grup&hellip;  <a href=\"https:\/\/agora.xtec.cat\/escolajeronidemoragas\/infantil-i-primaria\/la-fageda-den-jorda\/\" title=\"Read LA FAGEDA D&#8217;EN JORD\u00c0\">Llegeix m\u00e9s\u00bb<\/a><\/p>\n","protected":false},"author":1,"featured_media":3226,"comment_status":"open","ping_status":"closed","sticky":false,"template":"","format":"standard","meta":{"_bbp_topic_count":0,"_bbp_reply_count":0,"_bbp_total_topic_count":0,"_bbp_total_reply_count":0,"_bbp_voice_count":0,"_bbp_anonymous_reply_count":0,"_bbp_topic_count_hidden":0,"_bbp_reply_count_hidden":0,"_bbp_forum_subforum_count":0,"footnotes":""},"categories":[10,11,12,13,14,15,86,2,81,80,4,85],"tags":[],"class_list":["post-3214","post","type-post","status-publish","format-standard","has-post-thumbnail","hentry","category-1r","category-2n","category-3r","category-4t","category-5e","category-6e","category-curs-2024-25","category-infantil-i-primaria","category-novembre","category-octubre","category-portada","category-sensorial"],"post_mailing_queue_ids":[],"_links":{"self":[{"href":"https:\/\/agora.xtec.cat\/escolajeronidemoragas\/wp-json\/wp\/v2\/posts\/3214","targetHints":{"allow":["GET"]}}],"collection":[{"href":"https:\/\/agora.xtec.cat\/escolajeronidemoragas\/wp-json\/wp\/v2\/posts"}],"about":[{"href":"https:\/\/agora.xtec.cat\/escolajeronidemoragas\/wp-json\/wp\/v2\/types\/post"}],"author":[{"embeddable":true,"href":"https:\/\/agora.xtec.cat\/escolajeronidemoragas\/wp-json\/wp\/v2\/users\/1"}],"replies":[{"embeddable":true,"href":"https:\/\/agora.xtec.cat\/escolajeronidemoragas\/wp-json\/wp\/v2\/comments?post=3214"}],"version-history":[{"count":4,"href":"https:\/\/agora.xtec.cat\/escolajeronidemoragas\/wp-json\/wp\/v2\/posts\/3214\/revisions"}],"predecessor-version":[{"id":3234,"href":"https:\/\/agora.xtec.cat\/escolajeronidemoragas\/wp-json\/wp\/v2\/posts\/3214\/revisions\/3234"}],"wp:featuredmedia":[{"embeddable":true,"href":"https:\/\/agora.xtec.cat\/escolajeronidemoragas\/wp-json\/wp\/v2\/media\/3226"}],"wp:attachment":[{"href":"https:\/\/agora.xtec.cat\/escolajeronidemoragas\/wp-json\/wp\/v2\/media?parent=3214"}],"wp:term":[{"taxonomy":"category","embeddable":true,"href":"https:\/\/agora.xtec.cat\/escolajeronidemoragas\/wp-json\/wp\/v2\/categories?post=3214"},{"taxonomy":"post_tag","embeddable":true,"href":"https:\/\/agora.xtec.cat\/escolajeronidemoragas\/wp-json\/wp\/v2\/tags?post=3214"}],"curies":[{"name":"wp","href":"https:\/\/api.w.org\/{rel}","templated":true}]}}