{"id":3142,"date":"2024-10-25T19:15:01","date_gmt":"2024-10-25T17:15:01","guid":{"rendered":"https:\/\/agora.xtec.cat\/escolajeronidemoragas\/?p=3142"},"modified":"2024-10-25T19:28:08","modified_gmt":"2024-10-25T17:28:08","slug":"premis-drac-2024-25","status":"publish","type":"post","link":"https:\/\/agora.xtec.cat\/escolajeronidemoragas\/general\/premis-drac-2024-25\/","title":{"rendered":"PREMIS DRAC 2024-25"},"content":{"rendered":"<div>\n<p>Si t\u2019agrada escriure i vols fer art amb les teves paraules, aquest concurs \u00e9s per a tu! U<span data-olk-copy-source=\"MessageBody\">s anunciem que ja ha sortit la <strong>3\u00aa Edici\u00f3 dels Premis Drac,<\/strong> els premis literaris que<a href=\"https:\/\/agora.xtec.cat\/escolajeronidemoragas\/wp-content\/uploads\/usu2509\/2024\/10\/Cartell-Premis-Drac-2025_page-0001-2.jpg\"><img loading=\"lazy\" decoding=\"async\" class=\"wp-image-3145 alignright\" src=\"https:\/\/agora.xtec.cat\/escolajeronidemoragas\/wp-content\/uploads\/usu2509\/2024\/10\/Cartell-Premis-Drac-2025_page-0001-2-726x1024.jpg\" alt=\"\" width=\"439\" height=\"619\" srcset=\"https:\/\/agora.xtec.cat\/escolajeronidemoragas\/wp-content\/uploads\/usu2509\/2024\/10\/Cartell-Premis-Drac-2025_page-0001-2-726x1024.jpg 726w, https:\/\/agora.xtec.cat\/escolajeronidemoragas\/wp-content\/uploads\/usu2509\/2024\/10\/Cartell-Premis-Drac-2025_page-0001-2-213x300.jpg 213w, https:\/\/agora.xtec.cat\/escolajeronidemoragas\/wp-content\/uploads\/usu2509\/2024\/10\/Cartell-Premis-Drac-2025_page-0001-2-768x1084.jpg 768w, https:\/\/agora.xtec.cat\/escolajeronidemoragas\/wp-content\/uploads\/usu2509\/2024\/10\/Cartell-Premis-Drac-2025_page-0001-2-1088x1536.jpg 1088w, https:\/\/agora.xtec.cat\/escolajeronidemoragas\/wp-content\/uploads\/usu2509\/2024\/10\/Cartell-Premis-Drac-2025_page-0001-2-1451x2048.jpg 1451w, https:\/\/agora.xtec.cat\/escolajeronidemoragas\/wp-content\/uploads\/usu2509\/2024\/10\/Cartell-Premis-Drac-2025_page-0001-2.jpg 1767w\" sizes=\"auto, (max-width: 439px) 100vw, 439px\" \/><\/a> organitzem per totes les escoles i instituts de Santpedor i Castellnou.<\/span><\/p>\n<p>Aquest any, el g\u00e8nere a treballar \u00e9s el <strong>cal\u00b7ligrama, <\/strong>una forma creativa de donar vida als textos, jugant amb formes i imatges per expressar idees d&#8217;una manera visual i \u00fanica. <span style=\"font-family: inherit; font-size: 1em;\">Encara que sigui la teva primera vegada, el que compta aqu\u00ed \u00e9s l&#8217;expressi\u00f3 i la creativitat!<\/span><\/p>\n<p>Teniu temps per crear les vostres obres <strong>fins el 14 de mar\u00e7.<\/strong> Us adjuntem la convocat\u00f2ria i el cartell.<\/p>\n<\/div>\n<p><a style=\"font-family: inherit; font-size: 1em;\" href=\"https:\/\/agora.xtec.cat\/escolajeronidemoragas\/wp-content\/uploads\/usu2509\/2024\/10\/CONVOCATORIA-24-ok-1.pdf\">CONVOCATORIA 24 ok<\/a><\/p>\n<p><a href=\"https:\/\/agora.xtec.cat\/escolajeronidemoragas\/wp-content\/uploads\/usu2509\/2024\/10\/Cartell-Premis-Drac-2025.pdf\">Cartell Premis Drac 2025<\/a><\/p>\n<p><span style=\"font-family: inherit; font-size: 1em;\">Animeu-vos a fer el vostre propi cal\u00b7ligrama i a sorprendre amb el vostre art! A m\u00e9s de passar-vos-ho b\u00e9, podeu guanyar premis.<\/span><\/p>\n<div>\n<p><em><strong> Participa i deixa que la teva imaginaci\u00f3 prengui forma!!!<\/strong><\/em><\/p>\n<p>&nbsp;<\/p>\n<p>&nbsp;<\/p>\n<p>&nbsp;<\/p>\n<p>&nbsp;<\/p>\n<p>&nbsp;<\/p>\n<\/div>\n","protected":false},"excerpt":{"rendered":"<p>Si t\u2019agrada escriure i vols fer art amb les teves paraules, aquest concurs \u00e9s per a tu! Us anunciem que ja ha sortit la 3\u00aa Edici\u00f3 dels Premis Drac, els premis literaris que<a href=\"https:\/\/agora.xtec.cat\/escolajeronidemoragas\/wp-content\/uploads\/usu2509\/2024\/10\/Cartell-Premis-Drac-2025_page-0001-2.jpg\"><\/a> organitzem per totes les escoles i instituts de Santpedor i Castellnou.<br \/>\nAquest&hellip;  <a href=\"https:\/\/agora.xtec.cat\/escolajeronidemoragas\/general\/premis-drac-2024-25\/\" title=\"Read PREMIS DRAC 2024-25\">Llegeix m\u00e9s\u00bb<\/a><\/p>\n","protected":false},"author":1,"featured_media":3145,"comment_status":"open","ping_status":"closed","sticky":false,"template":"","format":"standard","meta":{"_bbp_topic_count":0,"_bbp_reply_count":0,"_bbp_total_topic_count":0,"_bbp_total_reply_count":0,"_bbp_voice_count":0,"_bbp_anonymous_reply_count":0,"_bbp_topic_count_hidden":0,"_bbp_reply_count_hidden":0,"_bbp_forum_subforum_count":0,"footnotes":""},"categories":[10,11,12,13,14,15,7,86,82,83,72,71,1,2,73,81,80,4,85,79,84],"tags":[],"class_list":["post-3142","post","type-post","status-publish","format-standard","has-post-thumbnail","hentry","category-1r","category-2n","category-3r","category-4t","category-5e","category-6e","category-ampa","category-curs-2024-25","category-desembre","category-eso","category-febrer","category-gener","category-general","category-infantil-i-primaria","category-marc","category-novembre","category-octubre","category-portada","category-sensorial","category-setembre","category-tva"],"post_mailing_queue_ids":[],"_links":{"self":[{"href":"https:\/\/agora.xtec.cat\/escolajeronidemoragas\/wp-json\/wp\/v2\/posts\/3142","targetHints":{"allow":["GET"]}}],"collection":[{"href":"https:\/\/agora.xtec.cat\/escolajeronidemoragas\/wp-json\/wp\/v2\/posts"}],"about":[{"href":"https:\/\/agora.xtec.cat\/escolajeronidemoragas\/wp-json\/wp\/v2\/types\/post"}],"author":[{"embeddable":true,"href":"https:\/\/agora.xtec.cat\/escolajeronidemoragas\/wp-json\/wp\/v2\/users\/1"}],"replies":[{"embeddable":true,"href":"https:\/\/agora.xtec.cat\/escolajeronidemoragas\/wp-json\/wp\/v2\/comments?post=3142"}],"version-history":[{"count":4,"href":"https:\/\/agora.xtec.cat\/escolajeronidemoragas\/wp-json\/wp\/v2\/posts\/3142\/revisions"}],"predecessor-version":[{"id":3149,"href":"https:\/\/agora.xtec.cat\/escolajeronidemoragas\/wp-json\/wp\/v2\/posts\/3142\/revisions\/3149"}],"wp:featuredmedia":[{"embeddable":true,"href":"https:\/\/agora.xtec.cat\/escolajeronidemoragas\/wp-json\/wp\/v2\/media\/3145"}],"wp:attachment":[{"href":"https:\/\/agora.xtec.cat\/escolajeronidemoragas\/wp-json\/wp\/v2\/media?parent=3142"}],"wp:term":[{"taxonomy":"category","embeddable":true,"href":"https:\/\/agora.xtec.cat\/escolajeronidemoragas\/wp-json\/wp\/v2\/categories?post=3142"},{"taxonomy":"post_tag","embeddable":true,"href":"https:\/\/agora.xtec.cat\/escolajeronidemoragas\/wp-json\/wp\/v2\/tags?post=3142"}],"curies":[{"name":"wp","href":"https:\/\/api.w.org\/{rel}","templated":true}]}}