{"id":3081,"date":"2024-10-03T07:16:39","date_gmt":"2024-10-03T05:16:39","guid":{"rendered":"https:\/\/agora.xtec.cat\/escolajeronidemoragas\/?p=3081"},"modified":"2024-10-03T07:17:36","modified_gmt":"2024-10-03T05:17:36","slug":"gimcana-sensorial","status":"publish","type":"post","link":"https:\/\/agora.xtec.cat\/escolajeronidemoragas\/general\/gimcana-sensorial\/","title":{"rendered":"GIMCANA SENSORIAL"},"content":{"rendered":"<p>Aquest passat dimecres, els alumnes del programa de T<strong>ransici\u00f3 a la Vida Adulta (TVA)<\/strong> han preparat una <strong>gimcana esportiva sensorial<\/strong> <strong>adre\u00e7ada als treballadors de l&#8217;empresa THOR<\/strong>. L&#8217;activitat, que s&#8217;ha dut a terme a les instal\u00b7lacions de l&#8217;escola, ha estat un \u00e8xit rotund, i tant els alumnes com el personal de l&#8217;empresa han gaudit d&#8217;un mat\u00ed ple de diversi\u00f3.<\/p>\n<p>Amb una gran varietat de proves adaptades, la gimcana ha perm\u00e8s compartir experi\u00e8ncies, riures i bons moments. Els participants han treballat en equip i han gaudit d&#8217;un ambient dist\u00e8s, on el treball en grup i la col\u00b7laboraci\u00f3 han estat els principals protagonistes.<\/p>\n<p>Ha estat una gran oportunitat per refor\u00e7ar els lla\u00e7os entre l&#8217;escola i el m\u00f3n laboral, i esperem poder repetir aquesta experi\u00e8ncia ben aviat!<\/p>\n<p>A continuaci\u00f3, podeu veure un recull de fotos.<\/p>\n\n\t\t<style type=\"text\/css\">\n\t\t\t#gallery-1 {\n\t\t\t\tmargin: auto;\n\t\t\t}\n\t\t\t#gallery-1 .gallery-item {\n\t\t\t\tfloat: left;\n\t\t\t\tmargin-top: 10px;\n\t\t\t\ttext-align: center;\n\t\t\t\twidth: 33%;\n\t\t\t}\n\t\t\t#gallery-1 img {\n\t\t\t\tborder: 2px solid #cfcfcf;\n\t\t\t}\n\t\t\t#gallery-1 .gallery-caption {\n\t\t\t\tmargin-left: 0;\n\t\t\t}\n\t\t\t\/* see gallery_shortcode() in wp-includes\/media.php *\/\n\t\t<\/style>\n\t\t<div id='gallery-1' class='gallery galleryid-3081 gallery-columns-3 gallery-size-large'><dl class='gallery-item'>\n\t\t\t<dt class='gallery-icon landscape'>\n\t\t\t\t<a href='https:\/\/agora.xtec.cat\/escolajeronidemoragas\/general\/gimcana-sensorial\/attachment\/whatsapp-image-2024-10-02-at-15-23-44-1\/'><img loading=\"lazy\" decoding=\"async\" width=\"1024\" height=\"766\" src=\"https:\/\/agora.xtec.cat\/escolajeronidemoragas\/wp-content\/uploads\/usu2509\/2024\/10\/WhatsApp-Image-2024-10-02-at-15.23.44-1-1024x766.jpeg\" class=\"attachment-large size-large\" alt=\"\" srcset=\"https:\/\/agora.xtec.cat\/escolajeronidemoragas\/wp-content\/uploads\/usu2509\/2024\/10\/WhatsApp-Image-2024-10-02-at-15.23.44-1-1024x766.jpeg 1024w, https:\/\/agora.xtec.cat\/escolajeronidemoragas\/wp-content\/uploads\/usu2509\/2024\/10\/WhatsApp-Image-2024-10-02-at-15.23.44-1-300x224.jpeg 300w, https:\/\/agora.xtec.cat\/escolajeronidemoragas\/wp-content\/uploads\/usu2509\/2024\/10\/WhatsApp-Image-2024-10-02-at-15.23.44-1-768x575.jpeg 768w, https:\/\/agora.xtec.cat\/escolajeronidemoragas\/wp-content\/uploads\/usu2509\/2024\/10\/WhatsApp-Image-2024-10-02-at-15.23.44-1-1536x1149.jpeg 1536w, https:\/\/agora.xtec.cat\/escolajeronidemoragas\/wp-content\/uploads\/usu2509\/2024\/10\/WhatsApp-Image-2024-10-02-at-15.23.44-1-200x150.jpeg 200w, https:\/\/agora.xtec.cat\/escolajeronidemoragas\/wp-content\/uploads\/usu2509\/2024\/10\/WhatsApp-Image-2024-10-02-at-15.23.44-1.jpeg 1600w\" sizes=\"auto, (max-width: 1024px) 100vw, 1024px\" \/><\/a>\n\t\t\t<\/dt><\/dl><dl class='gallery-item'>\n\t\t\t<dt class='gallery-icon portrait'>\n\t\t\t\t<a href='https:\/\/agora.xtec.cat\/escolajeronidemoragas\/general\/gimcana-sensorial\/attachment\/whatsapp-image-2024-10-02-at-15-23-44-2\/'><img loading=\"lazy\" decoding=\"async\" width=\"766\" height=\"1024\" src=\"https:\/\/agora.xtec.cat\/escolajeronidemoragas\/wp-content\/uploads\/usu2509\/2024\/10\/WhatsApp-Image-2024-10-02-at-15.23.44-2-766x1024.jpeg\" class=\"attachment-large size-large\" alt=\"\" srcset=\"https:\/\/agora.xtec.cat\/escolajeronidemoragas\/wp-content\/uploads\/usu2509\/2024\/10\/WhatsApp-Image-2024-10-02-at-15.23.44-2-766x1024.jpeg 766w, https:\/\/agora.xtec.cat\/escolajeronidemoragas\/wp-content\/uploads\/usu2509\/2024\/10\/WhatsApp-Image-2024-10-02-at-15.23.44-2-224x300.jpeg 224w, https:\/\/agora.xtec.cat\/escolajeronidemoragas\/wp-content\/uploads\/usu2509\/2024\/10\/WhatsApp-Image-2024-10-02-at-15.23.44-2-768x1027.jpeg 768w, https:\/\/agora.xtec.cat\/escolajeronidemoragas\/wp-content\/uploads\/usu2509\/2024\/10\/WhatsApp-Image-2024-10-02-at-15.23.44-2-1149x1536.jpeg 1149w, https:\/\/agora.xtec.cat\/escolajeronidemoragas\/wp-content\/uploads\/usu2509\/2024\/10\/WhatsApp-Image-2024-10-02-at-15.23.44-2.jpeg 1197w\" sizes=\"auto, (max-width: 766px) 100vw, 766px\" \/><\/a>\n\t\t\t<\/dt><\/dl><dl class='gallery-item'>\n\t\t\t<dt class='gallery-icon landscape'>\n\t\t\t\t<a href='https:\/\/agora.xtec.cat\/escolajeronidemoragas\/general\/gimcana-sensorial\/attachment\/whatsapp-image-2024-10-02-at-15-23-44-3\/'><img loading=\"lazy\" decoding=\"async\" width=\"1024\" height=\"766\" src=\"https:\/\/agora.xtec.cat\/escolajeronidemoragas\/wp-content\/uploads\/usu2509\/2024\/10\/WhatsApp-Image-2024-10-02-at-15.23.44-3-1024x766.jpeg\" class=\"attachment-large size-large\" alt=\"\" srcset=\"https:\/\/agora.xtec.cat\/escolajeronidemoragas\/wp-content\/uploads\/usu2509\/2024\/10\/WhatsApp-Image-2024-10-02-at-15.23.44-3-1024x766.jpeg 1024w, https:\/\/agora.xtec.cat\/escolajeronidemoragas\/wp-content\/uploads\/usu2509\/2024\/10\/WhatsApp-Image-2024-10-02-at-15.23.44-3-300x224.jpeg 300w, https:\/\/agora.xtec.cat\/escolajeronidemoragas\/wp-content\/uploads\/usu2509\/2024\/10\/WhatsApp-Image-2024-10-02-at-15.23.44-3-768x575.jpeg 768w, https:\/\/agora.xtec.cat\/escolajeronidemoragas\/wp-content\/uploads\/usu2509\/2024\/10\/WhatsApp-Image-2024-10-02-at-15.23.44-3-1536x1149.jpeg 1536w, https:\/\/agora.xtec.cat\/escolajeronidemoragas\/wp-content\/uploads\/usu2509\/2024\/10\/WhatsApp-Image-2024-10-02-at-15.23.44-3-200x150.jpeg 200w, https:\/\/agora.xtec.cat\/escolajeronidemoragas\/wp-content\/uploads\/usu2509\/2024\/10\/WhatsApp-Image-2024-10-02-at-15.23.44-3.jpeg 1600w\" sizes=\"auto, (max-width: 1024px) 100vw, 1024px\" \/><\/a>\n\t\t\t<\/dt><\/dl><br style=\"clear: both\" \/><dl class='gallery-item'>\n\t\t\t<dt class='gallery-icon landscape'>\n\t\t\t\t<a href='https:\/\/agora.xtec.cat\/escolajeronidemoragas\/general\/gimcana-sensorial\/attachment\/whatsapp-image-2024-10-02-at-15-23-44-4\/'><img loading=\"lazy\" decoding=\"async\" width=\"1024\" height=\"766\" src=\"https:\/\/agora.xtec.cat\/escolajeronidemoragas\/wp-content\/uploads\/usu2509\/2024\/10\/WhatsApp-Image-2024-10-02-at-15.23.44-4-1024x766.jpeg\" class=\"attachment-large size-large\" alt=\"\" srcset=\"https:\/\/agora.xtec.cat\/escolajeronidemoragas\/wp-content\/uploads\/usu2509\/2024\/10\/WhatsApp-Image-2024-10-02-at-15.23.44-4-1024x766.jpeg 1024w, https:\/\/agora.xtec.cat\/escolajeronidemoragas\/wp-content\/uploads\/usu2509\/2024\/10\/WhatsApp-Image-2024-10-02-at-15.23.44-4-300x224.jpeg 300w, https:\/\/agora.xtec.cat\/escolajeronidemoragas\/wp-content\/uploads\/usu2509\/2024\/10\/WhatsApp-Image-2024-10-02-at-15.23.44-4-768x575.jpeg 768w, https:\/\/agora.xtec.cat\/escolajeronidemoragas\/wp-content\/uploads\/usu2509\/2024\/10\/WhatsApp-Image-2024-10-02-at-15.23.44-4-1536x1149.jpeg 1536w, https:\/\/agora.xtec.cat\/escolajeronidemoragas\/wp-content\/uploads\/usu2509\/2024\/10\/WhatsApp-Image-2024-10-02-at-15.23.44-4-200x150.jpeg 200w, https:\/\/agora.xtec.cat\/escolajeronidemoragas\/wp-content\/uploads\/usu2509\/2024\/10\/WhatsApp-Image-2024-10-02-at-15.23.44-4.jpeg 1600w\" sizes=\"auto, (max-width: 1024px) 100vw, 1024px\" \/><\/a>\n\t\t\t<\/dt><\/dl><dl class='gallery-item'>\n\t\t\t<dt class='gallery-icon landscape'>\n\t\t\t\t<a href='https:\/\/agora.xtec.cat\/escolajeronidemoragas\/general\/gimcana-sensorial\/attachment\/whatsapp-image-2024-10-02-at-15-23-44-5\/'><img loading=\"lazy\" decoding=\"async\" width=\"1024\" height=\"766\" src=\"https:\/\/agora.xtec.cat\/escolajeronidemoragas\/wp-content\/uploads\/usu2509\/2024\/10\/WhatsApp-Image-2024-10-02-at-15.23.44-5-1024x766.jpeg\" class=\"attachment-large size-large\" alt=\"\" srcset=\"https:\/\/agora.xtec.cat\/escolajeronidemoragas\/wp-content\/uploads\/usu2509\/2024\/10\/WhatsApp-Image-2024-10-02-at-15.23.44-5-1024x766.jpeg 1024w, https:\/\/agora.xtec.cat\/escolajeronidemoragas\/wp-content\/uploads\/usu2509\/2024\/10\/WhatsApp-Image-2024-10-02-at-15.23.44-5-300x224.jpeg 300w, https:\/\/agora.xtec.cat\/escolajeronidemoragas\/wp-content\/uploads\/usu2509\/2024\/10\/WhatsApp-Image-2024-10-02-at-15.23.44-5-768x575.jpeg 768w, https:\/\/agora.xtec.cat\/escolajeronidemoragas\/wp-content\/uploads\/usu2509\/2024\/10\/WhatsApp-Image-2024-10-02-at-15.23.44-5-1536x1149.jpeg 1536w, https:\/\/agora.xtec.cat\/escolajeronidemoragas\/wp-content\/uploads\/usu2509\/2024\/10\/WhatsApp-Image-2024-10-02-at-15.23.44-5-200x150.jpeg 200w, https:\/\/agora.xtec.cat\/escolajeronidemoragas\/wp-content\/uploads\/usu2509\/2024\/10\/WhatsApp-Image-2024-10-02-at-15.23.44-5.jpeg 1600w\" sizes=\"auto, (max-width: 1024px) 100vw, 1024px\" \/><\/a>\n\t\t\t<\/dt><\/dl><dl class='gallery-item'>\n\t\t\t<dt class='gallery-icon landscape'>\n\t\t\t\t<a href='https:\/\/agora.xtec.cat\/escolajeronidemoragas\/general\/gimcana-sensorial\/attachment\/whatsapp-image-2024-10-02-at-15-23-44-6\/'><img loading=\"lazy\" decoding=\"async\" width=\"1024\" height=\"766\" src=\"https:\/\/agora.xtec.cat\/escolajeronidemoragas\/wp-content\/uploads\/usu2509\/2024\/10\/WhatsApp-Image-2024-10-02-at-15.23.44-6-1024x766.jpeg\" class=\"attachment-large size-large\" alt=\"\" srcset=\"https:\/\/agora.xtec.cat\/escolajeronidemoragas\/wp-content\/uploads\/usu2509\/2024\/10\/WhatsApp-Image-2024-10-02-at-15.23.44-6-1024x766.jpeg 1024w, https:\/\/agora.xtec.cat\/escolajeronidemoragas\/wp-content\/uploads\/usu2509\/2024\/10\/WhatsApp-Image-2024-10-02-at-15.23.44-6-300x224.jpeg 300w, https:\/\/agora.xtec.cat\/escolajeronidemoragas\/wp-content\/uploads\/usu2509\/2024\/10\/WhatsApp-Image-2024-10-02-at-15.23.44-6-768x575.jpeg 768w, https:\/\/agora.xtec.cat\/escolajeronidemoragas\/wp-content\/uploads\/usu2509\/2024\/10\/WhatsApp-Image-2024-10-02-at-15.23.44-6-1536x1149.jpeg 1536w, https:\/\/agora.xtec.cat\/escolajeronidemoragas\/wp-content\/uploads\/usu2509\/2024\/10\/WhatsApp-Image-2024-10-02-at-15.23.44-6-200x150.jpeg 200w, https:\/\/agora.xtec.cat\/escolajeronidemoragas\/wp-content\/uploads\/usu2509\/2024\/10\/WhatsApp-Image-2024-10-02-at-15.23.44-6.jpeg 1600w\" sizes=\"auto, (max-width: 1024px) 100vw, 1024px\" \/><\/a>\n\t\t\t<\/dt><\/dl><br style=\"clear: both\" \/><dl class='gallery-item'>\n\t\t\t<dt class='gallery-icon portrait'>\n\t\t\t\t<a href='https:\/\/agora.xtec.cat\/escolajeronidemoragas\/general\/gimcana-sensorial\/attachment\/whatsapp-image-2024-10-02-at-15-23-44\/'><img loading=\"lazy\" decoding=\"async\" width=\"766\" height=\"1024\" src=\"https:\/\/agora.xtec.cat\/escolajeronidemoragas\/wp-content\/uploads\/usu2509\/2024\/10\/WhatsApp-Image-2024-10-02-at-15.23.44-766x1024.jpeg\" class=\"attachment-large size-large\" alt=\"\" srcset=\"https:\/\/agora.xtec.cat\/escolajeronidemoragas\/wp-content\/uploads\/usu2509\/2024\/10\/WhatsApp-Image-2024-10-02-at-15.23.44-766x1024.jpeg 766w, https:\/\/agora.xtec.cat\/escolajeronidemoragas\/wp-content\/uploads\/usu2509\/2024\/10\/WhatsApp-Image-2024-10-02-at-15.23.44-224x300.jpeg 224w, https:\/\/agora.xtec.cat\/escolajeronidemoragas\/wp-content\/uploads\/usu2509\/2024\/10\/WhatsApp-Image-2024-10-02-at-15.23.44-768x1027.jpeg 768w, https:\/\/agora.xtec.cat\/escolajeronidemoragas\/wp-content\/uploads\/usu2509\/2024\/10\/WhatsApp-Image-2024-10-02-at-15.23.44-1149x1536.jpeg 1149w, https:\/\/agora.xtec.cat\/escolajeronidemoragas\/wp-content\/uploads\/usu2509\/2024\/10\/WhatsApp-Image-2024-10-02-at-15.23.44.jpeg 1197w\" sizes=\"auto, (max-width: 766px) 100vw, 766px\" \/><\/a>\n\t\t\t<\/dt><\/dl>\n\t\t\t<br style='clear: both' \/>\n\t\t<\/div>\n\n","protected":false},"excerpt":{"rendered":"<p>Aquest passat dimecres, els alumnes del programa de Transici\u00f3 a la Vida Adulta (TVA) han preparat una gimcana esportiva sensorial adre\u00e7ada als treballadors de l&#8217;empresa THOR. L&#8217;activitat, que s&#8217;ha dut a terme a les instal\u00b7lacions de l&#8217;escola, ha estat un \u00e8xit rotund, i tant els&hellip;  <a href=\"https:\/\/agora.xtec.cat\/escolajeronidemoragas\/general\/gimcana-sensorial\/\" title=\"Read GIMCANA SENSORIAL\">Llegeix m\u00e9s\u00bb<\/a><\/p>\n","protected":false},"author":1,"featured_media":3085,"comment_status":"open","ping_status":"closed","sticky":false,"template":"","format":"standard","meta":{"_bbp_topic_count":0,"_bbp_reply_count":0,"_bbp_total_topic_count":0,"_bbp_total_reply_count":0,"_bbp_voice_count":0,"_bbp_anonymous_reply_count":0,"_bbp_topic_count_hidden":0,"_bbp_reply_count_hidden":0,"_bbp_forum_subforum_count":0,"footnotes":""},"categories":[86,1,80,4,85,84],"tags":[],"class_list":["post-3081","post","type-post","status-publish","format-standard","has-post-thumbnail","hentry","category-curs-2024-25","category-general","category-octubre","category-portada","category-sensorial","category-tva"],"post_mailing_queue_ids":[],"_links":{"self":[{"href":"https:\/\/agora.xtec.cat\/escolajeronidemoragas\/wp-json\/wp\/v2\/posts\/3081","targetHints":{"allow":["GET"]}}],"collection":[{"href":"https:\/\/agora.xtec.cat\/escolajeronidemoragas\/wp-json\/wp\/v2\/posts"}],"about":[{"href":"https:\/\/agora.xtec.cat\/escolajeronidemoragas\/wp-json\/wp\/v2\/types\/post"}],"author":[{"embeddable":true,"href":"https:\/\/agora.xtec.cat\/escolajeronidemoragas\/wp-json\/wp\/v2\/users\/1"}],"replies":[{"embeddable":true,"href":"https:\/\/agora.xtec.cat\/escolajeronidemoragas\/wp-json\/wp\/v2\/comments?post=3081"}],"version-history":[{"count":1,"href":"https:\/\/agora.xtec.cat\/escolajeronidemoragas\/wp-json\/wp\/v2\/posts\/3081\/revisions"}],"predecessor-version":[{"id":3089,"href":"https:\/\/agora.xtec.cat\/escolajeronidemoragas\/wp-json\/wp\/v2\/posts\/3081\/revisions\/3089"}],"wp:featuredmedia":[{"embeddable":true,"href":"https:\/\/agora.xtec.cat\/escolajeronidemoragas\/wp-json\/wp\/v2\/media\/3085"}],"wp:attachment":[{"href":"https:\/\/agora.xtec.cat\/escolajeronidemoragas\/wp-json\/wp\/v2\/media?parent=3081"}],"wp:term":[{"taxonomy":"category","embeddable":true,"href":"https:\/\/agora.xtec.cat\/escolajeronidemoragas\/wp-json\/wp\/v2\/categories?post=3081"},{"taxonomy":"post_tag","embeddable":true,"href":"https:\/\/agora.xtec.cat\/escolajeronidemoragas\/wp-json\/wp\/v2\/tags?post=3081"}],"curies":[{"name":"wp","href":"https:\/\/api.w.org\/{rel}","templated":true}]}}