{"id":3073,"date":"2024-09-09T21:40:35","date_gmt":"2024-09-09T19:40:35","guid":{"rendered":"https:\/\/agora.xtec.cat\/escolajeronidemoragas\/?p=3073"},"modified":"2024-09-10T17:52:01","modified_gmt":"2024-09-10T15:52:01","slug":"benvinguts-i-benvingudes-al-nou-curs-2024-2025","status":"publish","type":"post","link":"https:\/\/agora.xtec.cat\/escolajeronidemoragas\/general\/benvinguts-i-benvingudes-al-nou-curs-2024-2025\/","title":{"rendered":"BENVINGUTS I BENVINGUDES AL NOU CURS 2024-2025"},"content":{"rendered":"<p>Amb molta il\u00b7lusi\u00f3 us donem la benvinguda a aquest nou curs escolar 2024-2025! Despr\u00e9s d&#8217;un estiu de descans i noves experi\u00e8ncies, tornem a obrir les portes de la nostra escola, preparats per viure nous aprenentatges i reptes emocionants.<\/p>\n<p>Aquesta escola \u00e9s molt m\u00e9s que un centre educatiu: <strong>som una escola amb cor<\/strong>, un espai on cada nen i nena \u00e9s valorat i estimat per les seves qualitats \u00faniques. El nostre objectiu \u00e9s oferir un entorn on tots els alumnes puguin cr\u00e9ixer, desenvolupar-se i sentir-se protagonistes del seu proc\u00e9s educatiu. A m\u00e9s de treballar les habilitats acad\u00e8miques, continuarem fomentant l&#8217;autonomia, la creativitat, i el respecte mutu, sempre adaptant-nos a les necessitats de cada un.<\/p>\n<p>Tamb\u00e9 volem agrair a les fam\u00edlies per la seva confian\u00e7a i suport constant. La vostra col\u00b7laboraci\u00f3 \u00e9s clau per aconseguir que cada alumne assoleixi els seus objectius personals i acad\u00e8mics. Comptem amb vosaltres per construir plegats un curs ple d&#8217;\u00e8xits! Aprofitem per compartir-vos el calendari escolar: <a href=\"https:\/\/agora.xtec.cat\/escolajeronidemoragas\/wp-content\/uploads\/usu2509\/2024\/09\/Calendari-2024-25-1.pdf\">Calendari-2024-25<\/a><\/p>\n<p>A l&#8217;equip docent, gr\u00e0cies per la vostra dedicaci\u00f3 i comprom\u00eds. Sou una pe\u00e7a fonamental per crear un entorn d&#8217;aprenentatge inclusiu, estimulant i acollidor. Aquest any estem segurs que, amb el vostre entusiasme, continuarem avan\u00e7ant en el nostre projecte educatiu amb for\u00e7a i determinaci\u00f3.<\/p>\n<p>Estem segurs que aquest curs estar\u00e0 ple de moments especials, nous descobriments i moltes alegries. <strong>Junts, fem que aquest any sigui inoblidable!<\/strong><\/p>\n<p><strong>Benvinguts i benvingudes a aquest nou cam\u00ed compartit dins d&#8217;una escola amb cor!<\/strong><\/p>\n\n\t\t<style type=\"text\/css\">\n\t\t\t#gallery-1 {\n\t\t\t\tmargin: auto;\n\t\t\t}\n\t\t\t#gallery-1 .gallery-item {\n\t\t\t\tfloat: left;\n\t\t\t\tmargin-top: 10px;\n\t\t\t\ttext-align: center;\n\t\t\t\twidth: 33%;\n\t\t\t}\n\t\t\t#gallery-1 img {\n\t\t\t\tborder: 2px solid #cfcfcf;\n\t\t\t}\n\t\t\t#gallery-1 .gallery-caption {\n\t\t\t\tmargin-left: 0;\n\t\t\t}\n\t\t\t\/* see gallery_shortcode() in wp-includes\/media.php *\/\n\t\t<\/style>\n\t\t<div id='gallery-1' class='gallery galleryid-3073 gallery-columns-3 gallery-size-full'><dl class='gallery-item'>\n\t\t\t<dt class='gallery-icon landscape'>\n\t\t\t\t<a href='https:\/\/agora.xtec.cat\/escolajeronidemoragas\/general\/benvinguts-i-benvingudes-al-nou-curs-2024-2025\/attachment\/whatsapp-image-2024-09-09-at-20-59-45\/'><img loading=\"lazy\" decoding=\"async\" width=\"2560\" height=\"1920\" src=\"https:\/\/agora.xtec.cat\/escolajeronidemoragas\/wp-content\/uploads\/usu2509\/2024\/09\/WhatsApp-Image-2024-09-09-at-20.59.45-scaled.jpeg\" class=\"attachment-full size-full\" alt=\"\" srcset=\"https:\/\/agora.xtec.cat\/escolajeronidemoragas\/wp-content\/uploads\/usu2509\/2024\/09\/WhatsApp-Image-2024-09-09-at-20.59.45-scaled.jpeg 2560w, https:\/\/agora.xtec.cat\/escolajeronidemoragas\/wp-content\/uploads\/usu2509\/2024\/09\/WhatsApp-Image-2024-09-09-at-20.59.45-300x225.jpeg 300w, https:\/\/agora.xtec.cat\/escolajeronidemoragas\/wp-content\/uploads\/usu2509\/2024\/09\/WhatsApp-Image-2024-09-09-at-20.59.45-1024x768.jpeg 1024w, https:\/\/agora.xtec.cat\/escolajeronidemoragas\/wp-content\/uploads\/usu2509\/2024\/09\/WhatsApp-Image-2024-09-09-at-20.59.45-768x576.jpeg 768w, https:\/\/agora.xtec.cat\/escolajeronidemoragas\/wp-content\/uploads\/usu2509\/2024\/09\/WhatsApp-Image-2024-09-09-at-20.59.45-1536x1152.jpeg 1536w, https:\/\/agora.xtec.cat\/escolajeronidemoragas\/wp-content\/uploads\/usu2509\/2024\/09\/WhatsApp-Image-2024-09-09-at-20.59.45-2048x1536.jpeg 2048w, https:\/\/agora.xtec.cat\/escolajeronidemoragas\/wp-content\/uploads\/usu2509\/2024\/09\/WhatsApp-Image-2024-09-09-at-20.59.45-200x150.jpeg 200w\" sizes=\"auto, (max-width: 2560px) 100vw, 2560px\" \/><\/a>\n\t\t\t<\/dt><\/dl>\n\t\t\t<br style='clear: both' \/>\n\t\t<\/div>\n\n","protected":false},"excerpt":{"rendered":"<p>Amb molta il\u00b7lusi\u00f3 us donem la benvinguda a aquest nou curs escolar 2024-2025! Despr\u00e9s d&#8217;un estiu de descans i noves experi\u00e8ncies, tornem a obrir les portes de la nostra escola, preparats per viure nous aprenentatges i reptes emocionants.<br \/>\nAquesta escola \u00e9s molt m\u00e9s que un centre&hellip;  <a href=\"https:\/\/agora.xtec.cat\/escolajeronidemoragas\/general\/benvinguts-i-benvingudes-al-nou-curs-2024-2025\/\" title=\"Read BENVINGUTS I BENVINGUDES AL NOU CURS 2024-2025\">Llegeix m\u00e9s\u00bb<\/a><\/p>\n","protected":false},"author":1,"featured_media":3074,"comment_status":"open","ping_status":"closed","sticky":false,"template":"","format":"standard","meta":{"_bbp_topic_count":0,"_bbp_reply_count":0,"_bbp_total_topic_count":0,"_bbp_total_reply_count":0,"_bbp_voice_count":0,"_bbp_anonymous_reply_count":0,"_bbp_topic_count_hidden":0,"_bbp_reply_count_hidden":0,"_bbp_forum_subforum_count":0,"footnotes":""},"categories":[10,11,12,13,14,15,7,86,83,1,2,4,85,79,84],"tags":[],"class_list":["post-3073","post","type-post","status-publish","format-standard","has-post-thumbnail","hentry","category-1r","category-2n","category-3r","category-4t","category-5e","category-6e","category-ampa","category-curs-2024-25","category-eso","category-general","category-infantil-i-primaria","category-portada","category-sensorial","category-setembre","category-tva"],"post_mailing_queue_ids":[],"_links":{"self":[{"href":"https:\/\/agora.xtec.cat\/escolajeronidemoragas\/wp-json\/wp\/v2\/posts\/3073","targetHints":{"allow":["GET"]}}],"collection":[{"href":"https:\/\/agora.xtec.cat\/escolajeronidemoragas\/wp-json\/wp\/v2\/posts"}],"about":[{"href":"https:\/\/agora.xtec.cat\/escolajeronidemoragas\/wp-json\/wp\/v2\/types\/post"}],"author":[{"embeddable":true,"href":"https:\/\/agora.xtec.cat\/escolajeronidemoragas\/wp-json\/wp\/v2\/users\/1"}],"replies":[{"embeddable":true,"href":"https:\/\/agora.xtec.cat\/escolajeronidemoragas\/wp-json\/wp\/v2\/comments?post=3073"}],"version-history":[{"count":4,"href":"https:\/\/agora.xtec.cat\/escolajeronidemoragas\/wp-json\/wp\/v2\/posts\/3073\/revisions"}],"predecessor-version":[{"id":3079,"href":"https:\/\/agora.xtec.cat\/escolajeronidemoragas\/wp-json\/wp\/v2\/posts\/3073\/revisions\/3079"}],"wp:featuredmedia":[{"embeddable":true,"href":"https:\/\/agora.xtec.cat\/escolajeronidemoragas\/wp-json\/wp\/v2\/media\/3074"}],"wp:attachment":[{"href":"https:\/\/agora.xtec.cat\/escolajeronidemoragas\/wp-json\/wp\/v2\/media?parent=3073"}],"wp:term":[{"taxonomy":"category","embeddable":true,"href":"https:\/\/agora.xtec.cat\/escolajeronidemoragas\/wp-json\/wp\/v2\/categories?post=3073"},{"taxonomy":"post_tag","embeddable":true,"href":"https:\/\/agora.xtec.cat\/escolajeronidemoragas\/wp-json\/wp\/v2\/tags?post=3073"}],"curies":[{"name":"wp","href":"https:\/\/api.w.org\/{rel}","templated":true}]}}