{"id":3052,"date":"2024-06-29T21:35:53","date_gmt":"2024-06-29T19:35:53","guid":{"rendered":"https:\/\/agora.xtec.cat\/escolajeronidemoragas\/?p=3052"},"modified":"2024-06-30T09:22:37","modified_gmt":"2024-06-30T07:22:37","slug":"bon-estiu","status":"publish","type":"post","link":"https:\/\/agora.xtec.cat\/escolajeronidemoragas\/general\/bon-estiu\/","title":{"rendered":"BON ESTIU!"},"content":{"rendered":"<p><strong>Molt bones vacances a tothom, ens retrobem el dilluns 9 de setembre!<\/strong> Desitgem de tot cor que passeu un estiu \u00fanic; ple de moments que us facin cr\u00e9ixer, ser vosaltres i gaudir plenament de cada instant.<strong> <span style=\"font-family: inherit; font-size: 1em;\">Totes les mestres de l&#8217;escola us desitgen un bon estiu! <\/span><\/strong><\/p>\n<p><span style=\"font-family: inherit; font-size: 1em;\">Des de l&#8217;escola, abracem a totes les companyes que han decidit prendre nous camins i noves etapes! Totes i cada una de vosaltres heu deixat el vostre gra de sorra, heu estat essencials a l&#8217;escola. Els alumnes han tingut una sort incre\u00efble de tenir-vos, con\u00e8ixer i aprendre amb totes vosaltres. Brillareu sigueu on sigueu. No oblideu, que sempre ser\u00e0 casa vostra, una abra\u00e7ada molt i molt forta! <\/span><\/p>\n<p><strong><span style=\"font-family: inherit; font-size: 1em;\">Us trobarem a faltar!<\/span><\/strong><\/p>\n<p style=\"text-align: right;\"><em>\u00c9s de valents seguir el cam\u00ed que marca el cor. <\/em><span style=\"font-family: inherit; font-size: 1em;\">Joan Tur\u00fa<\/span><\/p>\n<p><a href=\"https:\/\/agora.xtec.cat\/escolajeronidemoragas\/wp-content\/uploads\/usu2509\/2024\/06\/IMG-20240627-WA0072.jpg\"><img loading=\"lazy\" decoding=\"async\" class=\"alignleft size-large wp-image-3053\" src=\"https:\/\/agora.xtec.cat\/escolajeronidemoragas\/wp-content\/uploads\/usu2509\/2024\/06\/IMG-20240627-WA0072-1024x768.jpg\" alt=\"\" width=\"1024\" height=\"768\" srcset=\"https:\/\/agora.xtec.cat\/escolajeronidemoragas\/wp-content\/uploads\/usu2509\/2024\/06\/IMG-20240627-WA0072-1024x768.jpg 1024w, https:\/\/agora.xtec.cat\/escolajeronidemoragas\/wp-content\/uploads\/usu2509\/2024\/06\/IMG-20240627-WA0072-300x225.jpg 300w, https:\/\/agora.xtec.cat\/escolajeronidemoragas\/wp-content\/uploads\/usu2509\/2024\/06\/IMG-20240627-WA0072-768x576.jpg 768w, https:\/\/agora.xtec.cat\/escolajeronidemoragas\/wp-content\/uploads\/usu2509\/2024\/06\/IMG-20240627-WA0072-1536x1152.jpg 1536w, https:\/\/agora.xtec.cat\/escolajeronidemoragas\/wp-content\/uploads\/usu2509\/2024\/06\/IMG-20240627-WA0072-200x150.jpg 200w, https:\/\/agora.xtec.cat\/escolajeronidemoragas\/wp-content\/uploads\/usu2509\/2024\/06\/IMG-20240627-WA0072.jpg 1600w\" sizes=\"auto, (max-width: 1024px) 100vw, 1024px\" \/><\/a><\/p>\n","protected":false},"excerpt":{"rendered":"<p>Molt bones vacances a tothom, ens retrobem el dilluns 9 de setembre! Desitgem de tot cor que passeu un estiu \u00fanic; ple de moments que us facin cr\u00e9ixer, ser vosaltres i gaudir plenament de cada instant. Totes les mestres de l&#8217;escola us desitgen un bon&hellip;  <a href=\"https:\/\/agora.xtec.cat\/escolajeronidemoragas\/general\/bon-estiu\/\" title=\"Read BON ESTIU!\">Llegeix m\u00e9s\u00bb<\/a><\/p>\n","protected":false},"author":1,"featured_media":3053,"comment_status":"open","ping_status":"closed","sticky":false,"template":"","format":"standard","meta":{"_bbp_topic_count":0,"_bbp_reply_count":0,"_bbp_total_topic_count":0,"_bbp_total_reply_count":0,"_bbp_voice_count":0,"_bbp_anonymous_reply_count":0,"_bbp_topic_count_hidden":0,"_bbp_reply_count_hidden":0,"_bbp_forum_subforum_count":0,"footnotes":""},"categories":[10,11,12,13,14,15,74,78,7,70,82,83,72,71,1,2,77,76,75,73,81,80,4,85,79,84],"tags":[],"class_list":["post-3052","post","type-post","status-publish","format-standard","has-post-thumbnail","hentry","category-1r","category-2n","category-3r","category-4t","category-5e","category-6e","category-abril","category-agost","category-ampa","category-curs-2023-24","category-desembre","category-eso","category-febrer","category-gener","category-general","category-infantil-i-primaria","category-juliol","category-juny","category-maig","category-marc","category-novembre","category-octubre","category-portada","category-sensorial","category-setembre","category-tva"],"post_mailing_queue_ids":[],"_links":{"self":[{"href":"https:\/\/agora.xtec.cat\/escolajeronidemoragas\/wp-json\/wp\/v2\/posts\/3052","targetHints":{"allow":["GET"]}}],"collection":[{"href":"https:\/\/agora.xtec.cat\/escolajeronidemoragas\/wp-json\/wp\/v2\/posts"}],"about":[{"href":"https:\/\/agora.xtec.cat\/escolajeronidemoragas\/wp-json\/wp\/v2\/types\/post"}],"author":[{"embeddable":true,"href":"https:\/\/agora.xtec.cat\/escolajeronidemoragas\/wp-json\/wp\/v2\/users\/1"}],"replies":[{"embeddable":true,"href":"https:\/\/agora.xtec.cat\/escolajeronidemoragas\/wp-json\/wp\/v2\/comments?post=3052"}],"version-history":[{"count":2,"href":"https:\/\/agora.xtec.cat\/escolajeronidemoragas\/wp-json\/wp\/v2\/posts\/3052\/revisions"}],"predecessor-version":[{"id":3066,"href":"https:\/\/agora.xtec.cat\/escolajeronidemoragas\/wp-json\/wp\/v2\/posts\/3052\/revisions\/3066"}],"wp:featuredmedia":[{"embeddable":true,"href":"https:\/\/agora.xtec.cat\/escolajeronidemoragas\/wp-json\/wp\/v2\/media\/3053"}],"wp:attachment":[{"href":"https:\/\/agora.xtec.cat\/escolajeronidemoragas\/wp-json\/wp\/v2\/media?parent=3052"}],"wp:term":[{"taxonomy":"category","embeddable":true,"href":"https:\/\/agora.xtec.cat\/escolajeronidemoragas\/wp-json\/wp\/v2\/categories?post=3052"},{"taxonomy":"post_tag","embeddable":true,"href":"https:\/\/agora.xtec.cat\/escolajeronidemoragas\/wp-json\/wp\/v2\/tags?post=3052"}],"curies":[{"name":"wp","href":"https:\/\/api.w.org\/{rel}","templated":true}]}}