{"id":2855,"date":"2024-06-19T21:34:03","date_gmt":"2024-06-19T19:34:03","guid":{"rendered":"https:\/\/agora.xtec.cat\/escolajeronidemoragas\/?p=2855"},"modified":"2024-06-19T21:35:03","modified_gmt":"2024-06-19T19:35:03","slug":"mercat-de-segona-ma","status":"publish","type":"post","link":"https:\/\/agora.xtec.cat\/escolajeronidemoragas\/general\/mercat-de-segona-ma\/","title":{"rendered":"MERCAT DE SEGONA M\u00c0"},"content":{"rendered":"<p>Els alumnes <strong>d&#8217;IFE<\/strong>, al llarg d&#8217;aquest curs, han organitzat 2 <strong>mercats solidaris de roba de segona m\u00e0<\/strong>\ud83d\udc5a\ud83e\ude73. La finalitat ha estat recaptar diners i col\u00b7laborar amb la <strong><a href=\"https:\/\/www.fsantaclara.org\/plataforma-dels-aliments\">Plataforma dels Aliments de la Fundaci\u00f3 del Convent de Santa Clara de Manresa<\/a>.<\/strong><\/p>\n<p>Aquest passat 17 de juny, els alumnes van fer el recompte dels diners\u00a0recaptats\u00a0i van fer-ne l&#8217;entrega a<strong> Sor\u00a0<span class=\"hiddenSpellError\">Luc\u00eda<\/span><\/strong>, una de les dirigents del Banc d&#8217;Aliments. Van\u00a0recaptar\u00a0un<strong> total de\u00a0230\u202f\u20ac<\/strong>, diners que van destinats a donar suport a les necessitats essencials de menjar a les persones que es troben en situaci\u00f3 de major pobresa i vulnerabilitat.<\/p>\n<p>Seguint el <strong>curr\u00edculum<\/strong>, aquest projecte forma part del m\u00f2dul d&#8217;<strong>Entorns Propers<\/strong>, en el qual, alguns dels objectius a treballar s\u00f3n les tasques de la llar. Davant d&#8217;aquesta demanada curricular, es va apostar per col\u00b7laborar amb una entitat sense \u00e0nim de lucre, fomentant els valors com a\u00a0ciutadans\u00a0cr\u00edtics dins d&#8217;aquesta societat complexa i diversa. Amb aquesta col\u00b7laboraci\u00f3, els alumnes han pogut fer un treball profund, funcional i significatiu pel seu dia a dia. Han classificat la roba, l&#8217;han rentat, plegat, etiquetat, i hi han posat un cost. Tamb\u00e9 hi ha tingut cabuda l&#8217;<strong>Atenci\u00f3 al client<\/strong>, un dels temes a treballar durant el curs. Han pogut experimentar i vivenciar el tracte amb els compradors\/es, aprenen a tractar els clients tot atenent les seves necessitats, cobrant i tornant el canvi, treball monetari, etc.<\/p>\n<p>Ha estat una gran experi\u00e8ncia per tots els alumnes d&#8217;IFE, un gran aprenentatge i un gaudi \u00fanic! Amb moltes ganes de continuar participant i apostant per un m\u00f3n millor!!<\/p>\n\n\t\t<style type=\"text\/css\">\n\t\t\t#gallery-1 {\n\t\t\t\tmargin: auto;\n\t\t\t}\n\t\t\t#gallery-1 .gallery-item {\n\t\t\t\tfloat: left;\n\t\t\t\tmargin-top: 10px;\n\t\t\t\ttext-align: center;\n\t\t\t\twidth: 33%;\n\t\t\t}\n\t\t\t#gallery-1 img {\n\t\t\t\tborder: 2px solid #cfcfcf;\n\t\t\t}\n\t\t\t#gallery-1 .gallery-caption {\n\t\t\t\tmargin-left: 0;\n\t\t\t}\n\t\t\t\/* see gallery_shortcode() in wp-includes\/media.php *\/\n\t\t<\/style>\n\t\t<div id='gallery-1' class='gallery galleryid-2855 gallery-columns-3 gallery-size-large'><dl class='gallery-item'>\n\t\t\t<dt class='gallery-icon landscape'>\n\t\t\t\t<a href='https:\/\/agora.xtec.cat\/escolajeronidemoragas\/general\/mercat-de-segona-ma\/attachment\/whatsapp-image-2024-06-17-at-13-19-27\/'><img loading=\"lazy\" decoding=\"async\" width=\"1024\" height=\"723\" src=\"https:\/\/agora.xtec.cat\/escolajeronidemoragas\/wp-content\/uploads\/usu2509\/2024\/06\/WhatsApp-Image-2024-06-17-at-13.19.27-1024x723.jpeg\" class=\"attachment-large size-large\" alt=\"\" srcset=\"https:\/\/agora.xtec.cat\/escolajeronidemoragas\/wp-content\/uploads\/usu2509\/2024\/06\/WhatsApp-Image-2024-06-17-at-13.19.27-1024x723.jpeg 1024w, https:\/\/agora.xtec.cat\/escolajeronidemoragas\/wp-content\/uploads\/usu2509\/2024\/06\/WhatsApp-Image-2024-06-17-at-13.19.27-300x212.jpeg 300w, https:\/\/agora.xtec.cat\/escolajeronidemoragas\/wp-content\/uploads\/usu2509\/2024\/06\/WhatsApp-Image-2024-06-17-at-13.19.27-768x542.jpeg 768w, https:\/\/agora.xtec.cat\/escolajeronidemoragas\/wp-content\/uploads\/usu2509\/2024\/06\/WhatsApp-Image-2024-06-17-at-13.19.27-1536x1084.jpeg 1536w, https:\/\/agora.xtec.cat\/escolajeronidemoragas\/wp-content\/uploads\/usu2509\/2024\/06\/WhatsApp-Image-2024-06-17-at-13.19.27.jpeg 1807w\" sizes=\"auto, (max-width: 1024px) 100vw, 1024px\" \/><\/a>\n\t\t\t<\/dt><\/dl><dl class='gallery-item'>\n\t\t\t<dt class='gallery-icon landscape'>\n\t\t\t\t<a href='https:\/\/agora.xtec.cat\/escolajeronidemoragas\/general\/mercat-de-segona-ma\/attachment\/whatsapp-image-2024-06-18-at-20-40-06-1\/'><img loading=\"lazy\" decoding=\"async\" width=\"1024\" height=\"768\" src=\"https:\/\/agora.xtec.cat\/escolajeronidemoragas\/wp-content\/uploads\/usu2509\/2024\/06\/WhatsApp-Image-2024-06-18-at-20.40.06-1-1024x768.jpeg\" class=\"attachment-large size-large\" alt=\"\" srcset=\"https:\/\/agora.xtec.cat\/escolajeronidemoragas\/wp-content\/uploads\/usu2509\/2024\/06\/WhatsApp-Image-2024-06-18-at-20.40.06-1-1024x768.jpeg 1024w, https:\/\/agora.xtec.cat\/escolajeronidemoragas\/wp-content\/uploads\/usu2509\/2024\/06\/WhatsApp-Image-2024-06-18-at-20.40.06-1-300x225.jpeg 300w, https:\/\/agora.xtec.cat\/escolajeronidemoragas\/wp-content\/uploads\/usu2509\/2024\/06\/WhatsApp-Image-2024-06-18-at-20.40.06-1-768x576.jpeg 768w, https:\/\/agora.xtec.cat\/escolajeronidemoragas\/wp-content\/uploads\/usu2509\/2024\/06\/WhatsApp-Image-2024-06-18-at-20.40.06-1-1536x1152.jpeg 1536w, https:\/\/agora.xtec.cat\/escolajeronidemoragas\/wp-content\/uploads\/usu2509\/2024\/06\/WhatsApp-Image-2024-06-18-at-20.40.06-1-200x150.jpeg 200w, https:\/\/agora.xtec.cat\/escolajeronidemoragas\/wp-content\/uploads\/usu2509\/2024\/06\/WhatsApp-Image-2024-06-18-at-20.40.06-1.jpeg 1600w\" sizes=\"auto, (max-width: 1024px) 100vw, 1024px\" \/><\/a>\n\t\t\t<\/dt><\/dl><dl class='gallery-item'>\n\t\t\t<dt class='gallery-icon portrait'>\n\t\t\t\t<a href='https:\/\/agora.xtec.cat\/escolajeronidemoragas\/general\/mercat-de-segona-ma\/attachment\/whatsapp-image-2024-06-18-at-20-40-06-2\/'><img loading=\"lazy\" decoding=\"async\" width=\"768\" height=\"1024\" src=\"https:\/\/agora.xtec.cat\/escolajeronidemoragas\/wp-content\/uploads\/usu2509\/2024\/06\/WhatsApp-Image-2024-06-18-at-20.40.06-2-768x1024.jpeg\" class=\"attachment-large size-large\" alt=\"\" srcset=\"https:\/\/agora.xtec.cat\/escolajeronidemoragas\/wp-content\/uploads\/usu2509\/2024\/06\/WhatsApp-Image-2024-06-18-at-20.40.06-2-768x1024.jpeg 768w, https:\/\/agora.xtec.cat\/escolajeronidemoragas\/wp-content\/uploads\/usu2509\/2024\/06\/WhatsApp-Image-2024-06-18-at-20.40.06-2-225x300.jpeg 225w, https:\/\/agora.xtec.cat\/escolajeronidemoragas\/wp-content\/uploads\/usu2509\/2024\/06\/WhatsApp-Image-2024-06-18-at-20.40.06-2-1152x1536.jpeg 1152w, https:\/\/agora.xtec.cat\/escolajeronidemoragas\/wp-content\/uploads\/usu2509\/2024\/06\/WhatsApp-Image-2024-06-18-at-20.40.06-2.jpeg 1200w\" sizes=\"auto, (max-width: 768px) 100vw, 768px\" \/><\/a>\n\t\t\t<\/dt><\/dl><br style=\"clear: both\" \/><dl class='gallery-item'>\n\t\t\t<dt class='gallery-icon landscape'>\n\t\t\t\t<a href='https:\/\/agora.xtec.cat\/escolajeronidemoragas\/general\/mercat-de-segona-ma\/attachment\/whatsapp-image-2024-06-18-at-20-40-06\/'><img loading=\"lazy\" decoding=\"async\" width=\"1024\" height=\"864\" src=\"https:\/\/agora.xtec.cat\/escolajeronidemoragas\/wp-content\/uploads\/usu2509\/2024\/06\/WhatsApp-Image-2024-06-18-at-20.40.06-1024x864.jpeg\" class=\"attachment-large size-large\" alt=\"\" srcset=\"https:\/\/agora.xtec.cat\/escolajeronidemoragas\/wp-content\/uploads\/usu2509\/2024\/06\/WhatsApp-Image-2024-06-18-at-20.40.06-1024x864.jpeg 1024w, https:\/\/agora.xtec.cat\/escolajeronidemoragas\/wp-content\/uploads\/usu2509\/2024\/06\/WhatsApp-Image-2024-06-18-at-20.40.06-300x253.jpeg 300w, https:\/\/agora.xtec.cat\/escolajeronidemoragas\/wp-content\/uploads\/usu2509\/2024\/06\/WhatsApp-Image-2024-06-18-at-20.40.06-768x648.jpeg 768w, https:\/\/agora.xtec.cat\/escolajeronidemoragas\/wp-content\/uploads\/usu2509\/2024\/06\/WhatsApp-Image-2024-06-18-at-20.40.06-1536x1296.jpeg 1536w, https:\/\/agora.xtec.cat\/escolajeronidemoragas\/wp-content\/uploads\/usu2509\/2024\/06\/WhatsApp-Image-2024-06-18-at-20.40.06.jpeg 1600w\" sizes=\"auto, (max-width: 1024px) 100vw, 1024px\" \/><\/a>\n\t\t\t<\/dt><\/dl>\n\t\t\t<br style='clear: both' \/>\n\t\t<\/div>\n\n<p>&nbsp;<\/p>\n","protected":false},"excerpt":{"rendered":"<p>Els alumnes d&#8217;IFE, al llarg d&#8217;aquest curs, han organitzat 2 mercats solidaris de roba de segona m\u00e0\ud83d\udc5a\ud83e\ude73. La finalitat ha estat recaptar diners i col\u00b7laborar amb la <a href=\"https:\/\/www.fsantaclara.org\/plataforma-dels-aliments\">Plataforma dels Aliments de la Fundaci\u00f3 del Convent de Santa Clara de Manresa<\/a>.<br \/>\nAquest passat 17 de juny,&hellip;  <a href=\"https:\/\/agora.xtec.cat\/escolajeronidemoragas\/general\/mercat-de-segona-ma\/\" title=\"Read MERCAT DE SEGONA M\u00c0\">Llegeix m\u00e9s\u00bb<\/a><\/p>\n","protected":false},"author":1,"featured_media":2857,"comment_status":"open","ping_status":"closed","sticky":false,"template":"","format":"standard","meta":{"_bbp_topic_count":0,"_bbp_reply_count":0,"_bbp_total_topic_count":0,"_bbp_total_reply_count":0,"_bbp_voice_count":0,"_bbp_anonymous_reply_count":0,"_bbp_topic_count_hidden":0,"_bbp_reply_count_hidden":0,"_bbp_forum_subforum_count":0,"footnotes":""},"categories":[74,70,72,71,1,77,76,75,73,81,80,4,79],"tags":[],"class_list":["post-2855","post","type-post","status-publish","format-standard","has-post-thumbnail","hentry","category-abril","category-curs-2023-24","category-febrer","category-gener","category-general","category-juliol","category-juny","category-maig","category-marc","category-novembre","category-octubre","category-portada","category-setembre"],"post_mailing_queue_ids":[],"_links":{"self":[{"href":"https:\/\/agora.xtec.cat\/escolajeronidemoragas\/wp-json\/wp\/v2\/posts\/2855","targetHints":{"allow":["GET"]}}],"collection":[{"href":"https:\/\/agora.xtec.cat\/escolajeronidemoragas\/wp-json\/wp\/v2\/posts"}],"about":[{"href":"https:\/\/agora.xtec.cat\/escolajeronidemoragas\/wp-json\/wp\/v2\/types\/post"}],"author":[{"embeddable":true,"href":"https:\/\/agora.xtec.cat\/escolajeronidemoragas\/wp-json\/wp\/v2\/users\/1"}],"replies":[{"embeddable":true,"href":"https:\/\/agora.xtec.cat\/escolajeronidemoragas\/wp-json\/wp\/v2\/comments?post=2855"}],"version-history":[{"count":1,"href":"https:\/\/agora.xtec.cat\/escolajeronidemoragas\/wp-json\/wp\/v2\/posts\/2855\/revisions"}],"predecessor-version":[{"id":2861,"href":"https:\/\/agora.xtec.cat\/escolajeronidemoragas\/wp-json\/wp\/v2\/posts\/2855\/revisions\/2861"}],"wp:featuredmedia":[{"embeddable":true,"href":"https:\/\/agora.xtec.cat\/escolajeronidemoragas\/wp-json\/wp\/v2\/media\/2857"}],"wp:attachment":[{"href":"https:\/\/agora.xtec.cat\/escolajeronidemoragas\/wp-json\/wp\/v2\/media?parent=2855"}],"wp:term":[{"taxonomy":"category","embeddable":true,"href":"https:\/\/agora.xtec.cat\/escolajeronidemoragas\/wp-json\/wp\/v2\/categories?post=2855"},{"taxonomy":"post_tag","embeddable":true,"href":"https:\/\/agora.xtec.cat\/escolajeronidemoragas\/wp-json\/wp\/v2\/tags?post=2855"}],"curies":[{"name":"wp","href":"https:\/\/api.w.org\/{rel}","templated":true}]}}