{"id":2740,"date":"2024-05-31T21:43:16","date_gmt":"2024-05-31T19:43:16","guid":{"rendered":"https:\/\/agora.xtec.cat\/escolajeronidemoragas\/?p=2740"},"modified":"2024-06-01T09:03:51","modified_gmt":"2024-06-01T07:03:51","slug":"formacio-higiene-bucodental","status":"publish","type":"post","link":"https:\/\/agora.xtec.cat\/escolajeronidemoragas\/general\/formacio-higiene-bucodental\/","title":{"rendered":"FORMACI\u00d3 HIGIENE BUCODENTAL"},"content":{"rendered":"<p>L&#8217;equip de professionals sanitaris del <a href=\"https:\/\/www.santpedor.cat\/municipi\/guia-del-municipi\/emergencies\/centre-datencio-primaria-cap.html\"><strong>CAP de Santpedor<\/strong><\/a> han vingut a l&#8217;escola per oferir una formaci\u00f3 d&#8217;<strong>higiene bucodental<\/strong> per tots els alumnes.<\/p>\n<p>La formaci\u00f3 va constar de dues parts; per una banda, una part m\u00e9s te\u00f2rica on explicaven tot el funcionament de la boca, quantes dents tenim les persones en funci\u00f3 de l&#8217;edat, com es fan malb\u00e9, quina cura n&#8217;hem de tenir, etc. Per altra banda, la segona part va tenir un caire m\u00e9s pr\u00e0ctic. La higienista els va ensenyar a rentar-se b\u00e9 les dents; de fet, van poder-ho portar a la pr\u00e0ctica ipso facto. Els van portar raspalls de dents, pasta i revelador de placa. Van poder portar a la pr\u00e0ctica tot el que havien apr\u00e8s a la sessi\u00f3 m\u00e9s te\u00f2rica.<\/p>\n<p>Tot seguit, la nutricionista els va explicar la quantitat de sucre que porten els aliments i l&#8217;impacte que t\u00e9 en la dentici\u00f3. Van poder consolidar els aprenentatges a trav\u00e9s de jocs i de la visualitzaci\u00f3 d&#8217;imatges d&#8217;aliments i productes quotidians amb l&#8217;equivalent de terrossos de sucre.<\/p>\n<p><em><strong>*Recomanaci\u00f3:<\/strong> Comparaci\u00f3 dels alimnets amb terrossos de sucre: <a href=\"https:\/\/www.sinazucar.org\/\">https:\/\/www.sinazucar.org\/<\/a><\/em><\/p>\n\n\t\t<style type=\"text\/css\">\n\t\t\t#gallery-1 {\n\t\t\t\tmargin: auto;\n\t\t\t}\n\t\t\t#gallery-1 .gallery-item {\n\t\t\t\tfloat: left;\n\t\t\t\tmargin-top: 10px;\n\t\t\t\ttext-align: center;\n\t\t\t\twidth: 33%;\n\t\t\t}\n\t\t\t#gallery-1 img {\n\t\t\t\tborder: 2px solid #cfcfcf;\n\t\t\t}\n\t\t\t#gallery-1 .gallery-caption {\n\t\t\t\tmargin-left: 0;\n\t\t\t}\n\t\t\t\/* see gallery_shortcode() in wp-includes\/media.php *\/\n\t\t<\/style>\n\t\t<div id='gallery-1' class='gallery galleryid-2740 gallery-columns-3 gallery-size-full'><dl class='gallery-item'>\n\t\t\t<dt class='gallery-icon portrait'>\n\t\t\t\t<a href='https:\/\/agora.xtec.cat\/escolajeronidemoragas\/general\/formacio-higiene-bucodental\/attachment\/img_20240527_104317\/'><img loading=\"lazy\" decoding=\"async\" width=\"1530\" height=\"2040\" src=\"https:\/\/agora.xtec.cat\/escolajeronidemoragas\/wp-content\/uploads\/usu2509\/2024\/05\/IMG_20240527_104317.jpg\" class=\"attachment-full size-full\" alt=\"\" srcset=\"https:\/\/agora.xtec.cat\/escolajeronidemoragas\/wp-content\/uploads\/usu2509\/2024\/05\/IMG_20240527_104317.jpg 1530w, https:\/\/agora.xtec.cat\/escolajeronidemoragas\/wp-content\/uploads\/usu2509\/2024\/05\/IMG_20240527_104317-225x300.jpg 225w, https:\/\/agora.xtec.cat\/escolajeronidemoragas\/wp-content\/uploads\/usu2509\/2024\/05\/IMG_20240527_104317-768x1024.jpg 768w, https:\/\/agora.xtec.cat\/escolajeronidemoragas\/wp-content\/uploads\/usu2509\/2024\/05\/IMG_20240527_104317-1152x1536.jpg 1152w\" sizes=\"auto, (max-width: 1530px) 100vw, 1530px\" \/><\/a>\n\t\t\t<\/dt><\/dl><dl class='gallery-item'>\n\t\t\t<dt class='gallery-icon portrait'>\n\t\t\t\t<a href='https:\/\/agora.xtec.cat\/escolajeronidemoragas\/general\/formacio-higiene-bucodental\/attachment\/img_20240527_104258\/'><img loading=\"lazy\" decoding=\"async\" width=\"1530\" height=\"2040\" src=\"https:\/\/agora.xtec.cat\/escolajeronidemoragas\/wp-content\/uploads\/usu2509\/2024\/05\/IMG_20240527_104258.jpg\" class=\"attachment-full size-full\" alt=\"\" srcset=\"https:\/\/agora.xtec.cat\/escolajeronidemoragas\/wp-content\/uploads\/usu2509\/2024\/05\/IMG_20240527_104258.jpg 1530w, https:\/\/agora.xtec.cat\/escolajeronidemoragas\/wp-content\/uploads\/usu2509\/2024\/05\/IMG_20240527_104258-225x300.jpg 225w, https:\/\/agora.xtec.cat\/escolajeronidemoragas\/wp-content\/uploads\/usu2509\/2024\/05\/IMG_20240527_104258-768x1024.jpg 768w, https:\/\/agora.xtec.cat\/escolajeronidemoragas\/wp-content\/uploads\/usu2509\/2024\/05\/IMG_20240527_104258-1152x1536.jpg 1152w\" sizes=\"auto, (max-width: 1530px) 100vw, 1530px\" \/><\/a>\n\t\t\t<\/dt><\/dl><dl class='gallery-item'>\n\t\t\t<dt class='gallery-icon portrait'>\n\t\t\t\t<a href='https:\/\/agora.xtec.cat\/escolajeronidemoragas\/general\/formacio-higiene-bucodental\/attachment\/img_20240527_103632\/'><img loading=\"lazy\" decoding=\"async\" width=\"1530\" height=\"2040\" src=\"https:\/\/agora.xtec.cat\/escolajeronidemoragas\/wp-content\/uploads\/usu2509\/2024\/05\/IMG_20240527_103632.jpg\" class=\"attachment-full size-full\" alt=\"\" srcset=\"https:\/\/agora.xtec.cat\/escolajeronidemoragas\/wp-content\/uploads\/usu2509\/2024\/05\/IMG_20240527_103632.jpg 1530w, https:\/\/agora.xtec.cat\/escolajeronidemoragas\/wp-content\/uploads\/usu2509\/2024\/05\/IMG_20240527_103632-225x300.jpg 225w, https:\/\/agora.xtec.cat\/escolajeronidemoragas\/wp-content\/uploads\/usu2509\/2024\/05\/IMG_20240527_103632-768x1024.jpg 768w, https:\/\/agora.xtec.cat\/escolajeronidemoragas\/wp-content\/uploads\/usu2509\/2024\/05\/IMG_20240527_103632-1152x1536.jpg 1152w\" sizes=\"auto, (max-width: 1530px) 100vw, 1530px\" \/><\/a>\n\t\t\t<\/dt><\/dl><br style=\"clear: both\" \/><dl class='gallery-item'>\n\t\t\t<dt class='gallery-icon portrait'>\n\t\t\t\t<a href='https:\/\/agora.xtec.cat\/escolajeronidemoragas\/general\/formacio-higiene-bucodental\/attachment\/img_20240527_103533\/'><img loading=\"lazy\" decoding=\"async\" width=\"1179\" height=\"2040\" src=\"https:\/\/agora.xtec.cat\/escolajeronidemoragas\/wp-content\/uploads\/usu2509\/2024\/05\/IMG_20240527_103533-e1717225376462.jpg\" class=\"attachment-full size-full\" alt=\"\" srcset=\"https:\/\/agora.xtec.cat\/escolajeronidemoragas\/wp-content\/uploads\/usu2509\/2024\/05\/IMG_20240527_103533-e1717225376462.jpg 1179w, https:\/\/agora.xtec.cat\/escolajeronidemoragas\/wp-content\/uploads\/usu2509\/2024\/05\/IMG_20240527_103533-e1717225376462-173x300.jpg 173w, https:\/\/agora.xtec.cat\/escolajeronidemoragas\/wp-content\/uploads\/usu2509\/2024\/05\/IMG_20240527_103533-e1717225376462-592x1024.jpg 592w, https:\/\/agora.xtec.cat\/escolajeronidemoragas\/wp-content\/uploads\/usu2509\/2024\/05\/IMG_20240527_103533-e1717225376462-768x1329.jpg 768w, https:\/\/agora.xtec.cat\/escolajeronidemoragas\/wp-content\/uploads\/usu2509\/2024\/05\/IMG_20240527_103533-e1717225376462-888x1536.jpg 888w\" sizes=\"auto, (max-width: 1179px) 100vw, 1179px\" \/><\/a>\n\t\t\t<\/dt><\/dl><dl class='gallery-item'>\n\t\t\t<dt class='gallery-icon portrait'>\n\t\t\t\t<a href='https:\/\/agora.xtec.cat\/escolajeronidemoragas\/general\/formacio-higiene-bucodental\/attachment\/img_20240527_103433\/'><img loading=\"lazy\" decoding=\"async\" width=\"1530\" height=\"2040\" src=\"https:\/\/agora.xtec.cat\/escolajeronidemoragas\/wp-content\/uploads\/usu2509\/2024\/05\/IMG_20240527_103433.jpg\" class=\"attachment-full size-full\" alt=\"\" srcset=\"https:\/\/agora.xtec.cat\/escolajeronidemoragas\/wp-content\/uploads\/usu2509\/2024\/05\/IMG_20240527_103433.jpg 1530w, https:\/\/agora.xtec.cat\/escolajeronidemoragas\/wp-content\/uploads\/usu2509\/2024\/05\/IMG_20240527_103433-225x300.jpg 225w, https:\/\/agora.xtec.cat\/escolajeronidemoragas\/wp-content\/uploads\/usu2509\/2024\/05\/IMG_20240527_103433-768x1024.jpg 768w, https:\/\/agora.xtec.cat\/escolajeronidemoragas\/wp-content\/uploads\/usu2509\/2024\/05\/IMG_20240527_103433-1152x1536.jpg 1152w\" sizes=\"auto, (max-width: 1530px) 100vw, 1530px\" \/><\/a>\n\t\t\t<\/dt><\/dl><dl class='gallery-item'>\n\t\t\t<dt class='gallery-icon portrait'>\n\t\t\t\t<a href='https:\/\/agora.xtec.cat\/escolajeronidemoragas\/general\/formacio-higiene-bucodental\/attachment\/img_20240527_103045\/'><img loading=\"lazy\" decoding=\"async\" width=\"1530\" height=\"2040\" src=\"https:\/\/agora.xtec.cat\/escolajeronidemoragas\/wp-content\/uploads\/usu2509\/2024\/05\/IMG_20240527_103045.jpg\" class=\"attachment-full size-full\" alt=\"\" srcset=\"https:\/\/agora.xtec.cat\/escolajeronidemoragas\/wp-content\/uploads\/usu2509\/2024\/05\/IMG_20240527_103045.jpg 1530w, https:\/\/agora.xtec.cat\/escolajeronidemoragas\/wp-content\/uploads\/usu2509\/2024\/05\/IMG_20240527_103045-225x300.jpg 225w, https:\/\/agora.xtec.cat\/escolajeronidemoragas\/wp-content\/uploads\/usu2509\/2024\/05\/IMG_20240527_103045-768x1024.jpg 768w, https:\/\/agora.xtec.cat\/escolajeronidemoragas\/wp-content\/uploads\/usu2509\/2024\/05\/IMG_20240527_103045-1152x1536.jpg 1152w\" sizes=\"auto, (max-width: 1530px) 100vw, 1530px\" \/><\/a>\n\t\t\t<\/dt><\/dl><br style=\"clear: both\" \/><dl class='gallery-item'>\n\t\t\t<dt class='gallery-icon portrait'>\n\t\t\t\t<a href='https:\/\/agora.xtec.cat\/escolajeronidemoragas\/general\/formacio-higiene-bucodental\/attachment\/img_20240527_103337\/'><img loading=\"lazy\" decoding=\"async\" width=\"1530\" height=\"2040\" src=\"https:\/\/agora.xtec.cat\/escolajeronidemoragas\/wp-content\/uploads\/usu2509\/2024\/05\/IMG_20240527_103337.jpg\" class=\"attachment-full size-full\" alt=\"\" srcset=\"https:\/\/agora.xtec.cat\/escolajeronidemoragas\/wp-content\/uploads\/usu2509\/2024\/05\/IMG_20240527_103337.jpg 1530w, https:\/\/agora.xtec.cat\/escolajeronidemoragas\/wp-content\/uploads\/usu2509\/2024\/05\/IMG_20240527_103337-225x300.jpg 225w, https:\/\/agora.xtec.cat\/escolajeronidemoragas\/wp-content\/uploads\/usu2509\/2024\/05\/IMG_20240527_103337-768x1024.jpg 768w, https:\/\/agora.xtec.cat\/escolajeronidemoragas\/wp-content\/uploads\/usu2509\/2024\/05\/IMG_20240527_103337-1152x1536.jpg 1152w\" sizes=\"auto, (max-width: 1530px) 100vw, 1530px\" \/><\/a>\n\t\t\t<\/dt><\/dl><dl class='gallery-item'>\n\t\t\t<dt class='gallery-icon landscape'>\n\t\t\t\t<a href='https:\/\/agora.xtec.cat\/escolajeronidemoragas\/general\/formacio-higiene-bucodental\/attachment\/img_20240527_102304\/'><img loading=\"lazy\" decoding=\"async\" width=\"2040\" height=\"1530\" src=\"https:\/\/agora.xtec.cat\/escolajeronidemoragas\/wp-content\/uploads\/usu2509\/2024\/05\/IMG_20240527_102304.jpg\" class=\"attachment-full size-full\" alt=\"\" srcset=\"https:\/\/agora.xtec.cat\/escolajeronidemoragas\/wp-content\/uploads\/usu2509\/2024\/05\/IMG_20240527_102304.jpg 2040w, https:\/\/agora.xtec.cat\/escolajeronidemoragas\/wp-content\/uploads\/usu2509\/2024\/05\/IMG_20240527_102304-300x225.jpg 300w, https:\/\/agora.xtec.cat\/escolajeronidemoragas\/wp-content\/uploads\/usu2509\/2024\/05\/IMG_20240527_102304-1024x768.jpg 1024w, https:\/\/agora.xtec.cat\/escolajeronidemoragas\/wp-content\/uploads\/usu2509\/2024\/05\/IMG_20240527_102304-768x576.jpg 768w, https:\/\/agora.xtec.cat\/escolajeronidemoragas\/wp-content\/uploads\/usu2509\/2024\/05\/IMG_20240527_102304-1536x1152.jpg 1536w, https:\/\/agora.xtec.cat\/escolajeronidemoragas\/wp-content\/uploads\/usu2509\/2024\/05\/IMG_20240527_102304-200x150.jpg 200w\" sizes=\"auto, (max-width: 2040px) 100vw, 2040px\" \/><\/a>\n\t\t\t<\/dt><\/dl><dl class='gallery-item'>\n\t\t\t<dt class='gallery-icon landscape'>\n\t\t\t\t<a href='https:\/\/agora.xtec.cat\/escolajeronidemoragas\/general\/formacio-higiene-bucodental\/attachment\/img_20240527_101707\/'><img loading=\"lazy\" decoding=\"async\" width=\"2040\" height=\"1530\" src=\"https:\/\/agora.xtec.cat\/escolajeronidemoragas\/wp-content\/uploads\/usu2509\/2024\/05\/IMG_20240527_101707.jpg\" class=\"attachment-full size-full\" alt=\"\" srcset=\"https:\/\/agora.xtec.cat\/escolajeronidemoragas\/wp-content\/uploads\/usu2509\/2024\/05\/IMG_20240527_101707.jpg 2040w, https:\/\/agora.xtec.cat\/escolajeronidemoragas\/wp-content\/uploads\/usu2509\/2024\/05\/IMG_20240527_101707-300x225.jpg 300w, https:\/\/agora.xtec.cat\/escolajeronidemoragas\/wp-content\/uploads\/usu2509\/2024\/05\/IMG_20240527_101707-1024x768.jpg 1024w, https:\/\/agora.xtec.cat\/escolajeronidemoragas\/wp-content\/uploads\/usu2509\/2024\/05\/IMG_20240527_101707-768x576.jpg 768w, https:\/\/agora.xtec.cat\/escolajeronidemoragas\/wp-content\/uploads\/usu2509\/2024\/05\/IMG_20240527_101707-1536x1152.jpg 1536w, https:\/\/agora.xtec.cat\/escolajeronidemoragas\/wp-content\/uploads\/usu2509\/2024\/05\/IMG_20240527_101707-200x150.jpg 200w\" sizes=\"auto, (max-width: 2040px) 100vw, 2040px\" \/><\/a>\n\t\t\t<\/dt><\/dl><br style=\"clear: both\" \/><dl class='gallery-item'>\n\t\t\t<dt class='gallery-icon landscape'>\n\t\t\t\t<a href='https:\/\/agora.xtec.cat\/escolajeronidemoragas\/general\/formacio-higiene-bucodental\/attachment\/img_20240527_101841\/'><img loading=\"lazy\" decoding=\"async\" width=\"2040\" height=\"1530\" src=\"https:\/\/agora.xtec.cat\/escolajeronidemoragas\/wp-content\/uploads\/usu2509\/2024\/05\/IMG_20240527_101841.jpg\" class=\"attachment-full size-full\" alt=\"\" srcset=\"https:\/\/agora.xtec.cat\/escolajeronidemoragas\/wp-content\/uploads\/usu2509\/2024\/05\/IMG_20240527_101841.jpg 2040w, https:\/\/agora.xtec.cat\/escolajeronidemoragas\/wp-content\/uploads\/usu2509\/2024\/05\/IMG_20240527_101841-300x225.jpg 300w, https:\/\/agora.xtec.cat\/escolajeronidemoragas\/wp-content\/uploads\/usu2509\/2024\/05\/IMG_20240527_101841-1024x768.jpg 1024w, https:\/\/agora.xtec.cat\/escolajeronidemoragas\/wp-content\/uploads\/usu2509\/2024\/05\/IMG_20240527_101841-768x576.jpg 768w, https:\/\/agora.xtec.cat\/escolajeronidemoragas\/wp-content\/uploads\/usu2509\/2024\/05\/IMG_20240527_101841-1536x1152.jpg 1536w, https:\/\/agora.xtec.cat\/escolajeronidemoragas\/wp-content\/uploads\/usu2509\/2024\/05\/IMG_20240527_101841-200x150.jpg 200w\" sizes=\"auto, (max-width: 2040px) 100vw, 2040px\" \/><\/a>\n\t\t\t<\/dt><\/dl><dl class='gallery-item'>\n\t\t\t<dt class='gallery-icon landscape'>\n\t\t\t\t<a href='https:\/\/agora.xtec.cat\/escolajeronidemoragas\/general\/formacio-higiene-bucodental\/attachment\/img_20240527_102254\/'><img loading=\"lazy\" decoding=\"async\" width=\"2040\" height=\"1530\" src=\"https:\/\/agora.xtec.cat\/escolajeronidemoragas\/wp-content\/uploads\/usu2509\/2024\/05\/IMG_20240527_102254.jpg\" class=\"attachment-full size-full\" alt=\"\" srcset=\"https:\/\/agora.xtec.cat\/escolajeronidemoragas\/wp-content\/uploads\/usu2509\/2024\/05\/IMG_20240527_102254.jpg 2040w, https:\/\/agora.xtec.cat\/escolajeronidemoragas\/wp-content\/uploads\/usu2509\/2024\/05\/IMG_20240527_102254-300x225.jpg 300w, https:\/\/agora.xtec.cat\/escolajeronidemoragas\/wp-content\/uploads\/usu2509\/2024\/05\/IMG_20240527_102254-1024x768.jpg 1024w, https:\/\/agora.xtec.cat\/escolajeronidemoragas\/wp-content\/uploads\/usu2509\/2024\/05\/IMG_20240527_102254-768x576.jpg 768w, https:\/\/agora.xtec.cat\/escolajeronidemoragas\/wp-content\/uploads\/usu2509\/2024\/05\/IMG_20240527_102254-1536x1152.jpg 1536w, https:\/\/agora.xtec.cat\/escolajeronidemoragas\/wp-content\/uploads\/usu2509\/2024\/05\/IMG_20240527_102254-200x150.jpg 200w\" sizes=\"auto, (max-width: 2040px) 100vw, 2040px\" \/><\/a>\n\t\t\t<\/dt><\/dl><dl class='gallery-item'>\n\t\t\t<dt class='gallery-icon landscape'>\n\t\t\t\t<a href='https:\/\/agora.xtec.cat\/escolajeronidemoragas\/general\/formacio-higiene-bucodental\/attachment\/img_20240527_102403\/'><img loading=\"lazy\" decoding=\"async\" width=\"2040\" height=\"1530\" src=\"https:\/\/agora.xtec.cat\/escolajeronidemoragas\/wp-content\/uploads\/usu2509\/2024\/05\/IMG_20240527_102403.jpg\" class=\"attachment-full size-full\" alt=\"\" srcset=\"https:\/\/agora.xtec.cat\/escolajeronidemoragas\/wp-content\/uploads\/usu2509\/2024\/05\/IMG_20240527_102403.jpg 2040w, https:\/\/agora.xtec.cat\/escolajeronidemoragas\/wp-content\/uploads\/usu2509\/2024\/05\/IMG_20240527_102403-300x225.jpg 300w, https:\/\/agora.xtec.cat\/escolajeronidemoragas\/wp-content\/uploads\/usu2509\/2024\/05\/IMG_20240527_102403-1024x768.jpg 1024w, https:\/\/agora.xtec.cat\/escolajeronidemoragas\/wp-content\/uploads\/usu2509\/2024\/05\/IMG_20240527_102403-768x576.jpg 768w, https:\/\/agora.xtec.cat\/escolajeronidemoragas\/wp-content\/uploads\/usu2509\/2024\/05\/IMG_20240527_102403-1536x1152.jpg 1536w, https:\/\/agora.xtec.cat\/escolajeronidemoragas\/wp-content\/uploads\/usu2509\/2024\/05\/IMG_20240527_102403-200x150.jpg 200w\" sizes=\"auto, (max-width: 2040px) 100vw, 2040px\" \/><\/a>\n\t\t\t<\/dt><\/dl><br style=\"clear: both\" \/><dl class='gallery-item'>\n\t\t\t<dt class='gallery-icon landscape'>\n\t\t\t\t<a href='https:\/\/agora.xtec.cat\/escolajeronidemoragas\/general\/formacio-higiene-bucodental\/attachment\/img_20240527_110212-2\/'><img loading=\"lazy\" decoding=\"async\" width=\"2040\" height=\"1530\" src=\"https:\/\/agora.xtec.cat\/escolajeronidemoragas\/wp-content\/uploads\/usu2509\/2024\/05\/IMG_20240527_110212-1.jpg\" class=\"attachment-full size-full\" alt=\"\" srcset=\"https:\/\/agora.xtec.cat\/escolajeronidemoragas\/wp-content\/uploads\/usu2509\/2024\/05\/IMG_20240527_110212-1.jpg 2040w, https:\/\/agora.xtec.cat\/escolajeronidemoragas\/wp-content\/uploads\/usu2509\/2024\/05\/IMG_20240527_110212-1-300x225.jpg 300w, https:\/\/agora.xtec.cat\/escolajeronidemoragas\/wp-content\/uploads\/usu2509\/2024\/05\/IMG_20240527_110212-1-1024x768.jpg 1024w, https:\/\/agora.xtec.cat\/escolajeronidemoragas\/wp-content\/uploads\/usu2509\/2024\/05\/IMG_20240527_110212-1-768x576.jpg 768w, https:\/\/agora.xtec.cat\/escolajeronidemoragas\/wp-content\/uploads\/usu2509\/2024\/05\/IMG_20240527_110212-1-1536x1152.jpg 1536w, https:\/\/agora.xtec.cat\/escolajeronidemoragas\/wp-content\/uploads\/usu2509\/2024\/05\/IMG_20240527_110212-1-200x150.jpg 200w\" sizes=\"auto, (max-width: 2040px) 100vw, 2040px\" \/><\/a>\n\t\t\t<\/dt><\/dl>\n\t\t\t<br style='clear: both' \/>\n\t\t<\/div>\n\n","protected":false},"excerpt":{"rendered":"<p>L&#8217;equip de professionals sanitaris del <a href=\"https:\/\/www.santpedor.cat\/municipi\/guia-del-municipi\/emergencies\/centre-datencio-primaria-cap.html\">CAP de Santpedor<\/a> han vingut a l&#8217;escola per oferir una formaci\u00f3 d&#8217;higiene bucodental per tots els alumnes.<br \/>\nLa formaci\u00f3 va constar de dues parts; per una banda, una part m\u00e9s te\u00f2rica on explicaven tot el funcionament de la boca, quantes&hellip;  <a href=\"https:\/\/agora.xtec.cat\/escolajeronidemoragas\/general\/formacio-higiene-bucodental\/\" title=\"Read FORMACI\u00d3 HIGIENE BUCODENTAL\">Llegeix m\u00e9s\u00bb<\/a><\/p>\n","protected":false},"author":1,"featured_media":2743,"comment_status":"open","ping_status":"closed","sticky":false,"template":"","format":"standard","meta":{"_bbp_topic_count":0,"_bbp_reply_count":0,"_bbp_total_topic_count":0,"_bbp_total_reply_count":0,"_bbp_voice_count":0,"_bbp_anonymous_reply_count":0,"_bbp_topic_count_hidden":0,"_bbp_reply_count_hidden":0,"_bbp_forum_subforum_count":0,"footnotes":""},"categories":[10,11,12,13,14,15,70,83,1,2,75,4,85,84],"tags":[],"class_list":["post-2740","post","type-post","status-publish","format-standard","has-post-thumbnail","hentry","category-1r","category-2n","category-3r","category-4t","category-5e","category-6e","category-curs-2023-24","category-eso","category-general","category-infantil-i-primaria","category-maig","category-portada","category-sensorial","category-tva"],"post_mailing_queue_ids":[],"_links":{"self":[{"href":"https:\/\/agora.xtec.cat\/escolajeronidemoragas\/wp-json\/wp\/v2\/posts\/2740","targetHints":{"allow":["GET"]}}],"collection":[{"href":"https:\/\/agora.xtec.cat\/escolajeronidemoragas\/wp-json\/wp\/v2\/posts"}],"about":[{"href":"https:\/\/agora.xtec.cat\/escolajeronidemoragas\/wp-json\/wp\/v2\/types\/post"}],"author":[{"embeddable":true,"href":"https:\/\/agora.xtec.cat\/escolajeronidemoragas\/wp-json\/wp\/v2\/users\/1"}],"replies":[{"embeddable":true,"href":"https:\/\/agora.xtec.cat\/escolajeronidemoragas\/wp-json\/wp\/v2\/comments?post=2740"}],"version-history":[{"count":3,"href":"https:\/\/agora.xtec.cat\/escolajeronidemoragas\/wp-json\/wp\/v2\/posts\/2740\/revisions"}],"predecessor-version":[{"id":2791,"href":"https:\/\/agora.xtec.cat\/escolajeronidemoragas\/wp-json\/wp\/v2\/posts\/2740\/revisions\/2791"}],"wp:featuredmedia":[{"embeddable":true,"href":"https:\/\/agora.xtec.cat\/escolajeronidemoragas\/wp-json\/wp\/v2\/media\/2743"}],"wp:attachment":[{"href":"https:\/\/agora.xtec.cat\/escolajeronidemoragas\/wp-json\/wp\/v2\/media?parent=2740"}],"wp:term":[{"taxonomy":"category","embeddable":true,"href":"https:\/\/agora.xtec.cat\/escolajeronidemoragas\/wp-json\/wp\/v2\/categories?post=2740"},{"taxonomy":"post_tag","embeddable":true,"href":"https:\/\/agora.xtec.cat\/escolajeronidemoragas\/wp-json\/wp\/v2\/tags?post=2740"}],"curies":[{"name":"wp","href":"https:\/\/api.w.org\/{rel}","templated":true}]}}