{"id":2682,"date":"2024-05-29T19:49:48","date_gmt":"2024-05-29T17:49:48","guid":{"rendered":"https:\/\/agora.xtec.cat\/escolajeronidemoragas\/?p=2682"},"modified":"2024-05-29T19:49:48","modified_gmt":"2024-05-29T17:49:48","slug":"els-oblidats-dels-oblidats-documental","status":"publish","type":"post","link":"https:\/\/agora.xtec.cat\/escolajeronidemoragas\/general\/els-oblidats-dels-oblidats-documental\/","title":{"rendered":"&#8220;ELS OBLIDATS DELS OBLIDATS&#8221; DOCUMENTAL"},"content":{"rendered":"<p style=\"text-align: left;\">El pr\u00f2xim <strong>dimarts 4 de juny<\/strong> a la <strong>Casa per la Pau i la Solidaritat Flors\u00a0<span class=\"hiddenSpellError\">Sirera<\/span> a les 18.30h,<\/strong> es projectar\u00e0 el documental<strong> &#8216;Els oblidats dels oblidats&#8217;<\/strong>, que reflecteix la marginaci\u00f3 de les persones amb malaltia mental a l&#8217;\u00c0frica Occidental i el treball tena\u00e7 d&#8217;un home,\u00a0<span class=\"hiddenSpellError\">Gr\u00e9goire<\/span>\u00a0<span class=\"hiddenSpellError\">Ahongbonon<\/span>, des de fa m\u00e9s de trenta anys per rescatar-los de la marginaci\u00f3 i encadenament, acollir-los, tractar la malaltia i, sobretot, retornar-los la seva dignitat com a persones humanes, a trav\u00e9s de l&#8217;Association Saint Camille de\u00a0<span class=\"hiddenSpellError\">Lellis<\/span>, que \u00e9s present amb diversos centres a Ben\u00edn, Costa d&#8217;Ivori i Togo.\u00a0El documental mostra una realitat desconeguda fins i tot per la majoria d&#8217;africans, ja que les fam\u00edlies ho a maguen per vergonya o superstici\u00f3.<\/p>\n<p style=\"text-align: center;\"><strong><em>&#8220;Els oblidats dels oblidats. La hist\u00f2ria de milers de malalts mentals i un boig&#8221;<\/em><\/strong><\/p>\n<p>Despr\u00e9s del documental, a partir de les <strong>19.30h <\/strong>es compartir\u00e0 una <strong>breu exposici\u00f3<\/strong> de la cooperaci\u00f3 que s&#8217;ha dut a terme\u00a0de\u00a0Manresa, el Bages i el Moian\u00e8s, en els darrers quinze anys amb l&#8217;associaci\u00f3\u00a0<span class=\"hiddenSpellError\">Saint<\/span>\u00a0<span class=\"hiddenSpellError\">Camille<\/span>, i podrem gaudir de la pres\u00e8ncia de\u00a0<span class=\"hiddenSpellError\">Gr\u00e9goire<\/span>\u00a0<span class=\"hiddenSpellError\">Ahongbonon<\/span>\u00a0sobre la realitat de les persones amb malaltia mental a l&#8217;\u00c0frica Occidental, les necessitats i els reptes de futur de l&#8217;associaci\u00f3\u00a0<span class=\"hiddenSpellError\">Saint<\/span>\u00a0<span class=\"hiddenSpellError\">Camille<\/span>.<\/p>\n<p>Des del Programa de Cooperaci\u00f3, Secci\u00f3 d&#8217;Igualtat i Cohesi\u00f3 Social de l&#8217;Ajuntament de Manresa, que participa en la Taula de Salut Mental de Manresa, ens han fet arribar aquest acte que creiem que pot ser del vostre\u00a0inter\u00e8s! Us animem a participar-hi i\u00a0reflexionar\u00a0conjuntament!<\/p>\n<p><strong>La salut mental ens toca a totes!\u00a0<\/strong><\/p>\n<p><a href=\"https:\/\/agora.xtec.cat\/escolajeronidemoragas\/wp-content\/uploads\/usu2509\/2024\/05\/OBLIDATS2.jpg\"><img loading=\"lazy\" decoding=\"async\" class=\"alignleft size-large wp-image-2683\" src=\"https:\/\/agora.xtec.cat\/escolajeronidemoragas\/wp-content\/uploads\/usu2509\/2024\/05\/OBLIDATS2-724x1024.jpg\" alt=\"\" width=\"724\" height=\"1024\" srcset=\"https:\/\/agora.xtec.cat\/escolajeronidemoragas\/wp-content\/uploads\/usu2509\/2024\/05\/OBLIDATS2-724x1024.jpg 724w, https:\/\/agora.xtec.cat\/escolajeronidemoragas\/wp-content\/uploads\/usu2509\/2024\/05\/OBLIDATS2-212x300.jpg 212w, https:\/\/agora.xtec.cat\/escolajeronidemoragas\/wp-content\/uploads\/usu2509\/2024\/05\/OBLIDATS2-768x1086.jpg 768w, https:\/\/agora.xtec.cat\/escolajeronidemoragas\/wp-content\/uploads\/usu2509\/2024\/05\/OBLIDATS2-1086x1536.jpg 1086w, https:\/\/agora.xtec.cat\/escolajeronidemoragas\/wp-content\/uploads\/usu2509\/2024\/05\/OBLIDATS2.jpg 1240w\" sizes=\"auto, (max-width: 724px) 100vw, 724px\" \/><\/a><\/p>\n","protected":false},"excerpt":{"rendered":"<p>El pr\u00f2xim dimarts 4 de juny a la Casa per la Pau i la Solidaritat Flors\u00a0Sirera a les 18.30h, es projectar\u00e0 el documental &#8216;Els oblidats dels oblidats&#8217;, que reflecteix la marginaci\u00f3 de les persones amb malaltia mental a l&#8217;\u00c0frica Occidental i el treball tena\u00e7 d&#8217;un&hellip;  <a href=\"https:\/\/agora.xtec.cat\/escolajeronidemoragas\/general\/els-oblidats-dels-oblidats-documental\/\" title=\"Read &#8220;ELS OBLIDATS DELS OBLIDATS&#8221; DOCUMENTAL\">Llegeix m\u00e9s\u00bb<\/a><\/p>\n","protected":false},"author":1,"featured_media":2685,"comment_status":"open","ping_status":"closed","sticky":false,"template":"","format":"standard","meta":{"_bbp_topic_count":0,"_bbp_reply_count":0,"_bbp_total_topic_count":0,"_bbp_total_reply_count":0,"_bbp_voice_count":0,"_bbp_anonymous_reply_count":0,"_bbp_topic_count_hidden":0,"_bbp_reply_count_hidden":0,"_bbp_forum_subforum_count":0,"footnotes":""},"categories":[10,11,12,13,14,15,74,78,7,70,82,83,72,71,1,2,77,76,75,73,81,80,4,85,79,84],"tags":[],"class_list":["post-2682","post","type-post","status-publish","format-standard","has-post-thumbnail","hentry","category-1r","category-2n","category-3r","category-4t","category-5e","category-6e","category-abril","category-agost","category-ampa","category-curs-2023-24","category-desembre","category-eso","category-febrer","category-gener","category-general","category-infantil-i-primaria","category-juliol","category-juny","category-maig","category-marc","category-novembre","category-octubre","category-portada","category-sensorial","category-setembre","category-tva"],"post_mailing_queue_ids":[],"_links":{"self":[{"href":"https:\/\/agora.xtec.cat\/escolajeronidemoragas\/wp-json\/wp\/v2\/posts\/2682","targetHints":{"allow":["GET"]}}],"collection":[{"href":"https:\/\/agora.xtec.cat\/escolajeronidemoragas\/wp-json\/wp\/v2\/posts"}],"about":[{"href":"https:\/\/agora.xtec.cat\/escolajeronidemoragas\/wp-json\/wp\/v2\/types\/post"}],"author":[{"embeddable":true,"href":"https:\/\/agora.xtec.cat\/escolajeronidemoragas\/wp-json\/wp\/v2\/users\/1"}],"replies":[{"embeddable":true,"href":"https:\/\/agora.xtec.cat\/escolajeronidemoragas\/wp-json\/wp\/v2\/comments?post=2682"}],"version-history":[{"count":2,"href":"https:\/\/agora.xtec.cat\/escolajeronidemoragas\/wp-json\/wp\/v2\/posts\/2682\/revisions"}],"predecessor-version":[{"id":2686,"href":"https:\/\/agora.xtec.cat\/escolajeronidemoragas\/wp-json\/wp\/v2\/posts\/2682\/revisions\/2686"}],"wp:featuredmedia":[{"embeddable":true,"href":"https:\/\/agora.xtec.cat\/escolajeronidemoragas\/wp-json\/wp\/v2\/media\/2685"}],"wp:attachment":[{"href":"https:\/\/agora.xtec.cat\/escolajeronidemoragas\/wp-json\/wp\/v2\/media?parent=2682"}],"wp:term":[{"taxonomy":"category","embeddable":true,"href":"https:\/\/agora.xtec.cat\/escolajeronidemoragas\/wp-json\/wp\/v2\/categories?post=2682"},{"taxonomy":"post_tag","embeddable":true,"href":"https:\/\/agora.xtec.cat\/escolajeronidemoragas\/wp-json\/wp\/v2\/tags?post=2682"}],"curies":[{"name":"wp","href":"https:\/\/api.w.org\/{rel}","templated":true}]}}