{"id":2628,"date":"2024-05-22T21:00:21","date_gmt":"2024-05-22T19:00:21","guid":{"rendered":"https:\/\/agora.xtec.cat\/escolajeronidemoragas\/?p=2628"},"modified":"2024-05-27T20:18:28","modified_gmt":"2024-05-27T18:18:28","slug":"el-diari-den-jeroni-2","status":"publish","type":"post","link":"https:\/\/agora.xtec.cat\/escolajeronidemoragas\/general\/el-diari-den-jeroni-2\/","title":{"rendered":"EL DIARI D&#8217;EN JERONI"},"content":{"rendered":"<div class=\"w4BZ9\">\n<div class=\"T31hC GNqVo allowTextSelection OuGoX\" tabindex=\"-1\" role=\"document\" aria-label=\"Cuerpo del mensaje\">\n<div>\n<p>Novetats!!!<a href=\"https:\/\/agora.xtec.cat\/escolajeronidemoragas\/wp-content\/uploads\/usu2509\/2024\/05\/IMG_5296.png\"><img loading=\"lazy\" decoding=\"async\" class=\"wp-image-2632 alignright\" src=\"https:\/\/agora.xtec.cat\/escolajeronidemoragas\/wp-content\/uploads\/usu2509\/2024\/05\/IMG_5296.png\" alt=\"\" width=\"239\" height=\"239\" srcset=\"https:\/\/agora.xtec.cat\/escolajeronidemoragas\/wp-content\/uploads\/usu2509\/2024\/05\/IMG_5296.png 421w, https:\/\/agora.xtec.cat\/escolajeronidemoragas\/wp-content\/uploads\/usu2509\/2024\/05\/IMG_5296-300x300.png 300w, https:\/\/agora.xtec.cat\/escolajeronidemoragas\/wp-content\/uploads\/usu2509\/2024\/05\/IMG_5296-150x150.png 150w\" sizes=\"auto, (max-width: 239px) 100vw, 239px\" \/><\/a><\/p>\n<p>Ens plau comunicar-vos que aquest curs 2023-24, l&#8217;alumnat de Transici\u00f3 a la Vida Adulta (<span class=\"hiddenSpellError\">TVA<\/span>) ha incorporat dins l&#8217;\u00e0mbit ling\u00fc\u00edstic, l&#8217;elaboraci\u00f3 de la <strong>Revista de l&#8217;escola Jeroni de Moragas<\/strong>!<\/p>\n<p>Seguint en la l\u00ednia del treball de la lectoescriptura, s&#8217;ha apostat per la creaci\u00f3 i elaboraci\u00f3 d&#8217;aquest per tal de plasmar les\u00a0\u00faltimes\u00a0not\u00edcies de l&#8217;escola i de l&#8217;entorn. La finalitat del Diari \u00e9s que els alumnes aprenguin a buscar, elaborar, redactar, recollir i editar la informaci\u00f3 que busquen i reben del dia a dia a l&#8217;escola i de l&#8217;entorn.<\/p>\n<p>Ara com ara, ja hi ha hagut dues edicions del Diari de l&#8217;escola. Us les adjuntem per tal que pugueu indagar en elles, con\u00e8ixer l&#8217;escola, alumnes, entorn i molt m\u00e9s!!!<\/p>\n<\/div>\n<\/div>\n<\/div>\n<div>Gr\u00e0cies a tots els que heu participat aquests n\u00fameros de la revista!\u00a0Moltes gr\u00e0cies a tots i per molts m\u00e9s n\u00fameros de la revista!<\/div>\n<div><\/div>\n<div><\/div>\n<div><\/div>\n<div><\/div>\n<div class=\"w4BZ9\">\n<div class=\"T31hC GNqVo allowTextSelection OuGoX\" tabindex=\"-1\" role=\"document\" aria-label=\"Cuerpo del mensaje\">\n<div>\n<div><a href=\"https:\/\/agora.xtec.cat\/escolajeronidemoragas\/wp-content\/uploads\/usu2509\/2024\/05\/EL-DIARI-DEN-JERONI.pdf\">EL DIARI D&#8217;EN JERONI<\/a><\/div>\n<div class=\"T31hC GNqVo allowTextSelection OuGoX\" tabindex=\"-1\" role=\"document\" aria-label=\"Cuerpo del mensaje\">\n<div><\/div>\n<\/div>\n<div><a href=\"https:\/\/agora.xtec.cat\/escolajeronidemoragas\/wp-content\/uploads\/usu2509\/2024\/05\/EL-DIARI-DEN-JERONI-2N-2-.pdf\">EL DIARI D&#8217;EN JERONI 2N-2<\/a><\/div>\n<div><\/div>\n<\/div>\n<\/div>\n<\/div>\n<div class=\"w4BZ9\">\n<div class=\"T31hC GNqVo allowTextSelection OuGoX\" tabindex=\"-1\" role=\"document\" aria-label=\"Cuerpo del mensaje\">\n<div><\/div>\n<\/div>\n<\/div>\n","protected":false},"excerpt":{"rendered":"<p>Novetats!!!<a href=\"https:\/\/agora.xtec.cat\/escolajeronidemoragas\/wp-content\/uploads\/usu2509\/2024\/05\/IMG_5296.png\"><\/a><br \/>\nEns plau comunicar-vos que aquest curs 2023-24, l&#8217;alumnat de Transici\u00f3 a la Vida Adulta (TVA) ha incorporat dins l&#8217;\u00e0mbit ling\u00fc\u00edstic, l&#8217;elaboraci\u00f3 de la Revista de l&#8217;escola Jeroni de Moragas!<br \/>\nSeguint en la l\u00ednia del treball de la lectoescriptura, s&#8217;ha apostat per la creaci\u00f3 i elaboraci\u00f3&hellip;  <a href=\"https:\/\/agora.xtec.cat\/escolajeronidemoragas\/general\/el-diari-den-jeroni-2\/\" title=\"Read EL DIARI D&#8217;EN JERONI\">Llegeix m\u00e9s\u00bb<\/a><\/p>\n","protected":false},"author":1,"featured_media":2678,"comment_status":"open","ping_status":"closed","sticky":false,"template":"","format":"standard","meta":{"_bbp_topic_count":0,"_bbp_reply_count":0,"_bbp_total_topic_count":0,"_bbp_total_reply_count":0,"_bbp_voice_count":0,"_bbp_anonymous_reply_count":0,"_bbp_topic_count_hidden":0,"_bbp_reply_count_hidden":0,"_bbp_forum_subforum_count":0,"footnotes":""},"categories":[10,11,12,13,14,15,74,78,7,70,82,83,72,71,1,2,77,76,75,73,81,80,4,85,79,84],"tags":[],"class_list":["post-2628","post","type-post","status-publish","format-standard","has-post-thumbnail","hentry","category-1r","category-2n","category-3r","category-4t","category-5e","category-6e","category-abril","category-agost","category-ampa","category-curs-2023-24","category-desembre","category-eso","category-febrer","category-gener","category-general","category-infantil-i-primaria","category-juliol","category-juny","category-maig","category-marc","category-novembre","category-octubre","category-portada","category-sensorial","category-setembre","category-tva"],"post_mailing_queue_ids":[],"_links":{"self":[{"href":"https:\/\/agora.xtec.cat\/escolajeronidemoragas\/wp-json\/wp\/v2\/posts\/2628","targetHints":{"allow":["GET"]}}],"collection":[{"href":"https:\/\/agora.xtec.cat\/escolajeronidemoragas\/wp-json\/wp\/v2\/posts"}],"about":[{"href":"https:\/\/agora.xtec.cat\/escolajeronidemoragas\/wp-json\/wp\/v2\/types\/post"}],"author":[{"embeddable":true,"href":"https:\/\/agora.xtec.cat\/escolajeronidemoragas\/wp-json\/wp\/v2\/users\/1"}],"replies":[{"embeddable":true,"href":"https:\/\/agora.xtec.cat\/escolajeronidemoragas\/wp-json\/wp\/v2\/comments?post=2628"}],"version-history":[{"count":6,"href":"https:\/\/agora.xtec.cat\/escolajeronidemoragas\/wp-json\/wp\/v2\/posts\/2628\/revisions"}],"predecessor-version":[{"id":2679,"href":"https:\/\/agora.xtec.cat\/escolajeronidemoragas\/wp-json\/wp\/v2\/posts\/2628\/revisions\/2679"}],"wp:featuredmedia":[{"embeddable":true,"href":"https:\/\/agora.xtec.cat\/escolajeronidemoragas\/wp-json\/wp\/v2\/media\/2678"}],"wp:attachment":[{"href":"https:\/\/agora.xtec.cat\/escolajeronidemoragas\/wp-json\/wp\/v2\/media?parent=2628"}],"wp:term":[{"taxonomy":"category","embeddable":true,"href":"https:\/\/agora.xtec.cat\/escolajeronidemoragas\/wp-json\/wp\/v2\/categories?post=2628"},{"taxonomy":"post_tag","embeddable":true,"href":"https:\/\/agora.xtec.cat\/escolajeronidemoragas\/wp-json\/wp\/v2\/tags?post=2628"}],"curies":[{"name":"wp","href":"https:\/\/api.w.org\/{rel}","templated":true}]}}