{"id":2602,"date":"2024-05-14T15:45:45","date_gmt":"2024-05-14T13:45:45","guid":{"rendered":"https:\/\/agora.xtec.cat\/escolajeronidemoragas\/?p=2602"},"modified":"2024-05-14T15:46:58","modified_gmt":"2024-05-14T13:46:58","slug":"lets-clean-up","status":"publish","type":"post","link":"https:\/\/agora.xtec.cat\/escolajeronidemoragas\/general\/lets-clean-up\/","title":{"rendered":"LET&#8217;S CLEAN UP"},"content":{"rendered":"<p>Un any m\u00e9s, grups d&#8217;alumnes de l&#8217;escola han participat en la campanya <strong>Let&#8217;s clean up<\/strong>! Una campanya promoguda per l&#8217;Ag\u00e8ncia de Residus de Catalunya.<\/p>\n<p>Aquesta campanya \u00e9s una acci\u00f3 comuna a tot Europa que t\u00e9 com a finalitat conscienciar sobre la quantitat de residus que es llencen a la natura i promoure i incentivar accions de sensibilitzaci\u00f3 i neteja a trav\u00e9s de la recollida d&#8217;aquests residus abocats als boscos, platges, marges de rius, camps,etc.<\/p>\n<p>Com a <strong>Escola Verda<\/strong>, ens hem unit en aquesta acci\u00f3 per tal de recollir el m\u00e0xim de residus possibles que trobem a l&#8217;entorn m\u00e9s proper, com una forma m\u00e9s de ser concients de l&#8217;impacte que aix\u00f2 genera en el medi on vivim.<\/p>\n<p><em><strong>Tots podem aportar el nostre granet de sorra en aquest canvi!<\/strong><\/em><\/p>\n<p>Compartim amb vosaltres un petit v\u00eddeo on s&#8217;explica la Campanya i un recull de fotos dels alumnes de l&#8217;escola que hi van participar!!<\/p>\n<p><strong>Moltes gr\u00e0cies a tothom!<\/strong><\/p>\n\n\t\t<style type=\"text\/css\">\n\t\t\t#gallery-1 {\n\t\t\t\tmargin: auto;\n\t\t\t}\n\t\t\t#gallery-1 .gallery-item {\n\t\t\t\tfloat: left;\n\t\t\t\tmargin-top: 10px;\n\t\t\t\ttext-align: center;\n\t\t\t\twidth: 33%;\n\t\t\t}\n\t\t\t#gallery-1 img {\n\t\t\t\tborder: 2px solid #cfcfcf;\n\t\t\t}\n\t\t\t#gallery-1 .gallery-caption {\n\t\t\t\tmargin-left: 0;\n\t\t\t}\n\t\t\t\/* see gallery_shortcode() in wp-includes\/media.php *\/\n\t\t<\/style>\n\t\t<div id='gallery-1' class='gallery galleryid-2602 gallery-columns-3 gallery-size-full'><dl class='gallery-item'>\n\t\t\t<dt class='gallery-icon portrait'>\n\t\t\t\t<a href='https:\/\/agora.xtec.cat\/escolajeronidemoragas\/general\/lets-clean-up\/attachment\/photo-2024-05-10-12-42-31-1\/'><img loading=\"lazy\" decoding=\"async\" width=\"1200\" height=\"1600\" src=\"https:\/\/agora.xtec.cat\/escolajeronidemoragas\/wp-content\/uploads\/usu2509\/2024\/05\/PHOTO-2024-05-10-12-42-31-1.jpg\" class=\"attachment-full size-full\" alt=\"\" srcset=\"https:\/\/agora.xtec.cat\/escolajeronidemoragas\/wp-content\/uploads\/usu2509\/2024\/05\/PHOTO-2024-05-10-12-42-31-1.jpg 1200w, https:\/\/agora.xtec.cat\/escolajeronidemoragas\/wp-content\/uploads\/usu2509\/2024\/05\/PHOTO-2024-05-10-12-42-31-1-225x300.jpg 225w, https:\/\/agora.xtec.cat\/escolajeronidemoragas\/wp-content\/uploads\/usu2509\/2024\/05\/PHOTO-2024-05-10-12-42-31-1-768x1024.jpg 768w, https:\/\/agora.xtec.cat\/escolajeronidemoragas\/wp-content\/uploads\/usu2509\/2024\/05\/PHOTO-2024-05-10-12-42-31-1-1152x1536.jpg 1152w\" sizes=\"auto, (max-width: 1200px) 100vw, 1200px\" \/><\/a>\n\t\t\t<\/dt><\/dl><dl class='gallery-item'>\n\t\t\t<dt class='gallery-icon portrait'>\n\t\t\t\t<a href='https:\/\/agora.xtec.cat\/escolajeronidemoragas\/general\/lets-clean-up\/attachment\/photo-2024-05-10-12-42-31-2\/'><img loading=\"lazy\" decoding=\"async\" width=\"1200\" height=\"1600\" src=\"https:\/\/agora.xtec.cat\/escolajeronidemoragas\/wp-content\/uploads\/usu2509\/2024\/05\/PHOTO-2024-05-10-12-42-31-2.jpg\" class=\"attachment-full size-full\" alt=\"\" srcset=\"https:\/\/agora.xtec.cat\/escolajeronidemoragas\/wp-content\/uploads\/usu2509\/2024\/05\/PHOTO-2024-05-10-12-42-31-2.jpg 1200w, https:\/\/agora.xtec.cat\/escolajeronidemoragas\/wp-content\/uploads\/usu2509\/2024\/05\/PHOTO-2024-05-10-12-42-31-2-225x300.jpg 225w, https:\/\/agora.xtec.cat\/escolajeronidemoragas\/wp-content\/uploads\/usu2509\/2024\/05\/PHOTO-2024-05-10-12-42-31-2-768x1024.jpg 768w, https:\/\/agora.xtec.cat\/escolajeronidemoragas\/wp-content\/uploads\/usu2509\/2024\/05\/PHOTO-2024-05-10-12-42-31-2-1152x1536.jpg 1152w\" sizes=\"auto, (max-width: 1200px) 100vw, 1200px\" \/><\/a>\n\t\t\t<\/dt><\/dl><dl class='gallery-item'>\n\t\t\t<dt class='gallery-icon portrait'>\n\t\t\t\t<a href='https:\/\/agora.xtec.cat\/escolajeronidemoragas\/general\/lets-clean-up\/attachment\/photo-2024-05-10-12-42-31-3\/'><img loading=\"lazy\" decoding=\"async\" width=\"1200\" height=\"1600\" src=\"https:\/\/agora.xtec.cat\/escolajeronidemoragas\/wp-content\/uploads\/usu2509\/2024\/05\/PHOTO-2024-05-10-12-42-31-3.jpg\" class=\"attachment-full size-full\" alt=\"\" srcset=\"https:\/\/agora.xtec.cat\/escolajeronidemoragas\/wp-content\/uploads\/usu2509\/2024\/05\/PHOTO-2024-05-10-12-42-31-3.jpg 1200w, https:\/\/agora.xtec.cat\/escolajeronidemoragas\/wp-content\/uploads\/usu2509\/2024\/05\/PHOTO-2024-05-10-12-42-31-3-225x300.jpg 225w, https:\/\/agora.xtec.cat\/escolajeronidemoragas\/wp-content\/uploads\/usu2509\/2024\/05\/PHOTO-2024-05-10-12-42-31-3-768x1024.jpg 768w, https:\/\/agora.xtec.cat\/escolajeronidemoragas\/wp-content\/uploads\/usu2509\/2024\/05\/PHOTO-2024-05-10-12-42-31-3-1152x1536.jpg 1152w\" sizes=\"auto, (max-width: 1200px) 100vw, 1200px\" \/><\/a>\n\t\t\t<\/dt><\/dl><br style=\"clear: both\" \/><dl class='gallery-item'>\n\t\t\t<dt class='gallery-icon portrait'>\n\t\t\t\t<a href='https:\/\/agora.xtec.cat\/escolajeronidemoragas\/general\/lets-clean-up\/attachment\/photo-2024-05-10-12-42-31\/'><img loading=\"lazy\" decoding=\"async\" width=\"1200\" height=\"1600\" src=\"https:\/\/agora.xtec.cat\/escolajeronidemoragas\/wp-content\/uploads\/usu2509\/2024\/05\/PHOTO-2024-05-10-12-42-31.jpg\" class=\"attachment-full size-full\" alt=\"\" srcset=\"https:\/\/agora.xtec.cat\/escolajeronidemoragas\/wp-content\/uploads\/usu2509\/2024\/05\/PHOTO-2024-05-10-12-42-31.jpg 1200w, https:\/\/agora.xtec.cat\/escolajeronidemoragas\/wp-content\/uploads\/usu2509\/2024\/05\/PHOTO-2024-05-10-12-42-31-225x300.jpg 225w, https:\/\/agora.xtec.cat\/escolajeronidemoragas\/wp-content\/uploads\/usu2509\/2024\/05\/PHOTO-2024-05-10-12-42-31-768x1024.jpg 768w, https:\/\/agora.xtec.cat\/escolajeronidemoragas\/wp-content\/uploads\/usu2509\/2024\/05\/PHOTO-2024-05-10-12-42-31-1152x1536.jpg 1152w\" sizes=\"auto, (max-width: 1200px) 100vw, 1200px\" \/><\/a>\n\t\t\t<\/dt><\/dl><dl class='gallery-item'>\n\t\t\t<dt class='gallery-icon portrait'>\n\t\t\t\t<a href='https:\/\/agora.xtec.cat\/escolajeronidemoragas\/general\/lets-clean-up\/attachment\/photo-2024-05-10-12-51-46\/'><img loading=\"lazy\" decoding=\"async\" width=\"1200\" height=\"1600\" src=\"https:\/\/agora.xtec.cat\/escolajeronidemoragas\/wp-content\/uploads\/usu2509\/2024\/05\/PHOTO-2024-05-10-12-51-46.jpg\" class=\"attachment-full size-full\" alt=\"\" srcset=\"https:\/\/agora.xtec.cat\/escolajeronidemoragas\/wp-content\/uploads\/usu2509\/2024\/05\/PHOTO-2024-05-10-12-51-46.jpg 1200w, https:\/\/agora.xtec.cat\/escolajeronidemoragas\/wp-content\/uploads\/usu2509\/2024\/05\/PHOTO-2024-05-10-12-51-46-225x300.jpg 225w, https:\/\/agora.xtec.cat\/escolajeronidemoragas\/wp-content\/uploads\/usu2509\/2024\/05\/PHOTO-2024-05-10-12-51-46-768x1024.jpg 768w, https:\/\/agora.xtec.cat\/escolajeronidemoragas\/wp-content\/uploads\/usu2509\/2024\/05\/PHOTO-2024-05-10-12-51-46-1152x1536.jpg 1152w\" sizes=\"auto, (max-width: 1200px) 100vw, 1200px\" \/><\/a>\n\t\t\t<\/dt><\/dl><dl class='gallery-item'>\n\t\t\t<dt class='gallery-icon landscape'>\n\t\t\t\t<a href='https:\/\/agora.xtec.cat\/escolajeronidemoragas\/general\/lets-clean-up\/attachment\/vector-save-earth-planet-world-concept-world-environment-day-concept-ecology-eco-friendly-concept-green-natural-leaf-and-tree-on-earth-globe\/'><img loading=\"lazy\" decoding=\"async\" width=\"653\" height=\"490\" src=\"https:\/\/agora.xtec.cat\/escolajeronidemoragas\/wp-content\/uploads\/usu2509\/2024\/05\/vector-save-earth-planet-world-concept-world-environment-day-concept-ecology-eco-friendly-concept-green-natural-leaf-and-tree-on-earth-globe.jpg\" class=\"attachment-full size-full\" alt=\"\" srcset=\"https:\/\/agora.xtec.cat\/escolajeronidemoragas\/wp-content\/uploads\/usu2509\/2024\/05\/vector-save-earth-planet-world-concept-world-environment-day-concept-ecology-eco-friendly-concept-green-natural-leaf-and-tree-on-earth-globe.jpg 653w, https:\/\/agora.xtec.cat\/escolajeronidemoragas\/wp-content\/uploads\/usu2509\/2024\/05\/vector-save-earth-planet-world-concept-world-environment-day-concept-ecology-eco-friendly-concept-green-natural-leaf-and-tree-on-earth-globe-300x225.jpg 300w, https:\/\/agora.xtec.cat\/escolajeronidemoragas\/wp-content\/uploads\/usu2509\/2024\/05\/vector-save-earth-planet-world-concept-world-environment-day-concept-ecology-eco-friendly-concept-green-natural-leaf-and-tree-on-earth-globe-200x150.jpg 200w\" sizes=\"auto, (max-width: 653px) 100vw, 653px\" \/><\/a>\n\t\t\t<\/dt><\/dl><br style=\"clear: both\" \/>\n\t\t<\/div>\n\n<p><iframe loading=\"lazy\" title=\"LCUE | Edici\u00f3 2024. V\u00eddeo promocional\" width=\"500\" height=\"281\" src=\"https:\/\/www.youtube.com\/embed\/GS5B5T-giCs?feature=oembed\" frameborder=\"0\" allow=\"accelerometer; autoplay; clipboard-write; encrypted-media; gyroscope; picture-in-picture; web-share\" referrerpolicy=\"strict-origin-when-cross-origin\" allowfullscreen><\/iframe><\/p>\n<p>&nbsp;<\/p>\n","protected":false},"excerpt":{"rendered":"<p>Un any m\u00e9s, grups d&#8217;alumnes de l&#8217;escola han participat en la campanya Let&#8217;s clean up! Una campanya promoguda per l&#8217;Ag\u00e8ncia de Residus de Catalunya.<br \/>\nAquesta campanya \u00e9s una acci\u00f3 comuna a tot Europa que t\u00e9 com a finalitat conscienciar sobre la quantitat de residus que es&hellip;  <a href=\"https:\/\/agora.xtec.cat\/escolajeronidemoragas\/general\/lets-clean-up\/\" title=\"Read LET&#8217;S CLEAN UP\">Llegeix m\u00e9s\u00bb<\/a><\/p>\n","protected":false},"author":1,"featured_media":2612,"comment_status":"open","ping_status":"closed","sticky":false,"template":"","format":"standard","meta":{"_bbp_topic_count":0,"_bbp_reply_count":0,"_bbp_total_topic_count":0,"_bbp_total_reply_count":0,"_bbp_voice_count":0,"_bbp_anonymous_reply_count":0,"_bbp_topic_count_hidden":0,"_bbp_reply_count_hidden":0,"_bbp_forum_subforum_count":0,"footnotes":""},"categories":[10,11,12,13,14,15,70,83,1,2,75,4,84],"tags":[],"class_list":["post-2602","post","type-post","status-publish","format-standard","has-post-thumbnail","hentry","category-1r","category-2n","category-3r","category-4t","category-5e","category-6e","category-curs-2023-24","category-eso","category-general","category-infantil-i-primaria","category-maig","category-portada","category-tva"],"post_mailing_queue_ids":[],"_links":{"self":[{"href":"https:\/\/agora.xtec.cat\/escolajeronidemoragas\/wp-json\/wp\/v2\/posts\/2602","targetHints":{"allow":["GET"]}}],"collection":[{"href":"https:\/\/agora.xtec.cat\/escolajeronidemoragas\/wp-json\/wp\/v2\/posts"}],"about":[{"href":"https:\/\/agora.xtec.cat\/escolajeronidemoragas\/wp-json\/wp\/v2\/types\/post"}],"author":[{"embeddable":true,"href":"https:\/\/agora.xtec.cat\/escolajeronidemoragas\/wp-json\/wp\/v2\/users\/1"}],"replies":[{"embeddable":true,"href":"https:\/\/agora.xtec.cat\/escolajeronidemoragas\/wp-json\/wp\/v2\/comments?post=2602"}],"version-history":[{"count":2,"href":"https:\/\/agora.xtec.cat\/escolajeronidemoragas\/wp-json\/wp\/v2\/posts\/2602\/revisions"}],"predecessor-version":[{"id":2614,"href":"https:\/\/agora.xtec.cat\/escolajeronidemoragas\/wp-json\/wp\/v2\/posts\/2602\/revisions\/2614"}],"wp:featuredmedia":[{"embeddable":true,"href":"https:\/\/agora.xtec.cat\/escolajeronidemoragas\/wp-json\/wp\/v2\/media\/2612"}],"wp:attachment":[{"href":"https:\/\/agora.xtec.cat\/escolajeronidemoragas\/wp-json\/wp\/v2\/media?parent=2602"}],"wp:term":[{"taxonomy":"category","embeddable":true,"href":"https:\/\/agora.xtec.cat\/escolajeronidemoragas\/wp-json\/wp\/v2\/categories?post=2602"},{"taxonomy":"post_tag","embeddable":true,"href":"https:\/\/agora.xtec.cat\/escolajeronidemoragas\/wp-json\/wp\/v2\/tags?post=2602"}],"curies":[{"name":"wp","href":"https:\/\/api.w.org\/{rel}","templated":true}]}}