{"id":2556,"date":"2024-04-29T21:57:55","date_gmt":"2024-04-29T19:57:55","guid":{"rendered":"https:\/\/agora.xtec.cat\/escolajeronidemoragas\/?p=2556"},"modified":"2024-04-29T21:59:01","modified_gmt":"2024-04-29T19:59:01","slug":"jornada-de-portes-obertes-2","status":"publish","type":"post","link":"https:\/\/agora.xtec.cat\/escolajeronidemoragas\/general\/jornada-de-portes-obertes-2\/","title":{"rendered":"JORNADA DE PORTES OBERTES"},"content":{"rendered":"<p>El pr\u00f2xim D<strong>issabte\u00a011 de maig<\/strong> vine a la <strong>Jornada de Portes Obertes de l&#8217;Escola<\/strong> Jeroni de Moragas! Vine a con\u00e8ixer les diferents etapes; infantil, prim\u00e0ria, secund\u00e0ria i transici\u00f3 a la vida adulta.<\/p>\n<p><a href=\"https:\/\/agora.xtec.cat\/escolajeronidemoragas\/wp-content\/uploads\/usu2509\/2024\/04\/LOGO-ESCOLA.png\"><img loading=\"lazy\" decoding=\"async\" class=\"wp-image-2560 alignright\" src=\"https:\/\/agora.xtec.cat\/escolajeronidemoragas\/wp-content\/uploads\/usu2509\/2024\/04\/LOGO-ESCOLA.png\" alt=\"\" width=\"159\" height=\"159\" srcset=\"https:\/\/agora.xtec.cat\/escolajeronidemoragas\/wp-content\/uploads\/usu2509\/2024\/04\/LOGO-ESCOLA.png 400w, https:\/\/agora.xtec.cat\/escolajeronidemoragas\/wp-content\/uploads\/usu2509\/2024\/04\/LOGO-ESCOLA-300x300.png 300w, https:\/\/agora.xtec.cat\/escolajeronidemoragas\/wp-content\/uploads\/usu2509\/2024\/04\/LOGO-ESCOLA-150x150.png 150w\" sizes=\"auto, (max-width: 159px) 100vw, 159px\" \/><\/a>Un mat\u00ed per con\u00e8ixer l&#8217;escola, l&#8217;espai, les aules, l&#8217;equip directiu i el claustre, resoldre dubtes, preguntar, experimentar&#8230; Comparteix amb totes nosaltres aquest dia tan especial.<\/p>\n<p>Durant el mat\u00ed hi haur\u00e0 diferents activitats i propostes, podreu fer algun taller, jocs gegants, circ i malabars, saltar a un inflable, visitar les aules, con\u00e8ixer a les mestres i preguntar i compartir totes les vostres inquietuds.<\/p>\n<p>No ho dubtis m\u00e9s i vine! Us deixem el programa de la\u00a0Jornada.<\/p>\n<p><em><strong>Us esperem el dissabte 11 de maig de 10\u202fh a 13\u202fh a l&#8217;escola Jeroni de Moragas!<\/strong><\/em><\/p>\n<p><a href=\"https:\/\/agora.xtec.cat\/escolajeronidemoragas\/wp-content\/uploads\/usu2509\/2024\/04\/Jornades-de-portes_page-0001.jpg\"><img loading=\"lazy\" decoding=\"async\" class=\"wp-image-2559 aligncenter\" src=\"https:\/\/agora.xtec.cat\/escolajeronidemoragas\/wp-content\/uploads\/usu2509\/2024\/04\/Jornades-de-portes_page-0001-725x1024.jpg\" alt=\"\" width=\"615\" height=\"869\" srcset=\"https:\/\/agora.xtec.cat\/escolajeronidemoragas\/wp-content\/uploads\/usu2509\/2024\/04\/Jornades-de-portes_page-0001-725x1024.jpg 725w, https:\/\/agora.xtec.cat\/escolajeronidemoragas\/wp-content\/uploads\/usu2509\/2024\/04\/Jornades-de-portes_page-0001-212x300.jpg 212w, https:\/\/agora.xtec.cat\/escolajeronidemoragas\/wp-content\/uploads\/usu2509\/2024\/04\/Jornades-de-portes_page-0001-768x1085.jpg 768w, https:\/\/agora.xtec.cat\/escolajeronidemoragas\/wp-content\/uploads\/usu2509\/2024\/04\/Jornades-de-portes_page-0001-1087x1536.jpg 1087w, https:\/\/agora.xtec.cat\/escolajeronidemoragas\/wp-content\/uploads\/usu2509\/2024\/04\/Jornades-de-portes_page-0001-1449x2048.jpg 1449w, https:\/\/agora.xtec.cat\/escolajeronidemoragas\/wp-content\/uploads\/usu2509\/2024\/04\/Jornades-de-portes_page-0001.jpg 1755w\" sizes=\"auto, (max-width: 615px) 100vw, 615px\" \/><\/a><\/p>\n<p>&nbsp;<\/p>\n","protected":false},"excerpt":{"rendered":"<p>El pr\u00f2xim Dissabte\u00a011 de maig vine a la Jornada de Portes Obertes de l&#8217;Escola Jeroni de Moragas! Vine a con\u00e8ixer les diferents etapes; infantil, prim\u00e0ria, secund\u00e0ria i transici\u00f3 a la vida adulta.<br \/>\n<a href=\"https:\/\/agora.xtec.cat\/escolajeronidemoragas\/wp-content\/uploads\/usu2509\/2024\/04\/LOGO-ESCOLA.png\"><\/a>Un mat\u00ed per con\u00e8ixer l&#8217;escola, l&#8217;espai, les aules, l&#8217;equip directiu i el claustre,&hellip;  <a href=\"https:\/\/agora.xtec.cat\/escolajeronidemoragas\/general\/jornada-de-portes-obertes-2\/\" title=\"Read JORNADA DE PORTES OBERTES\">Llegeix m\u00e9s\u00bb<\/a><\/p>\n","protected":false},"author":1,"featured_media":2563,"comment_status":"open","ping_status":"closed","sticky":false,"template":"","format":"standard","meta":{"_bbp_topic_count":0,"_bbp_reply_count":0,"_bbp_total_topic_count":0,"_bbp_total_reply_count":0,"_bbp_voice_count":0,"_bbp_anonymous_reply_count":0,"_bbp_topic_count_hidden":0,"_bbp_reply_count_hidden":0,"_bbp_forum_subforum_count":0,"footnotes":""},"categories":[10,11,12,14,15,74,7,70,83,1,2,77,76,75,4,85,79,84],"tags":[],"class_list":["post-2556","post","type-post","status-publish","format-standard","has-post-thumbnail","hentry","category-1r","category-2n","category-3r","category-5e","category-6e","category-abril","category-ampa","category-curs-2023-24","category-eso","category-general","category-infantil-i-primaria","category-juliol","category-juny","category-maig","category-portada","category-sensorial","category-setembre","category-tva"],"post_mailing_queue_ids":[],"_links":{"self":[{"href":"https:\/\/agora.xtec.cat\/escolajeronidemoragas\/wp-json\/wp\/v2\/posts\/2556","targetHints":{"allow":["GET"]}}],"collection":[{"href":"https:\/\/agora.xtec.cat\/escolajeronidemoragas\/wp-json\/wp\/v2\/posts"}],"about":[{"href":"https:\/\/agora.xtec.cat\/escolajeronidemoragas\/wp-json\/wp\/v2\/types\/post"}],"author":[{"embeddable":true,"href":"https:\/\/agora.xtec.cat\/escolajeronidemoragas\/wp-json\/wp\/v2\/users\/1"}],"replies":[{"embeddable":true,"href":"https:\/\/agora.xtec.cat\/escolajeronidemoragas\/wp-json\/wp\/v2\/comments?post=2556"}],"version-history":[{"count":4,"href":"https:\/\/agora.xtec.cat\/escolajeronidemoragas\/wp-json\/wp\/v2\/posts\/2556\/revisions"}],"predecessor-version":[{"id":2564,"href":"https:\/\/agora.xtec.cat\/escolajeronidemoragas\/wp-json\/wp\/v2\/posts\/2556\/revisions\/2564"}],"wp:featuredmedia":[{"embeddable":true,"href":"https:\/\/agora.xtec.cat\/escolajeronidemoragas\/wp-json\/wp\/v2\/media\/2563"}],"wp:attachment":[{"href":"https:\/\/agora.xtec.cat\/escolajeronidemoragas\/wp-json\/wp\/v2\/media?parent=2556"}],"wp:term":[{"taxonomy":"category","embeddable":true,"href":"https:\/\/agora.xtec.cat\/escolajeronidemoragas\/wp-json\/wp\/v2\/categories?post=2556"},{"taxonomy":"post_tag","embeddable":true,"href":"https:\/\/agora.xtec.cat\/escolajeronidemoragas\/wp-json\/wp\/v2\/tags?post=2556"}],"curies":[{"name":"wp","href":"https:\/\/api.w.org\/{rel}","templated":true}]}}