{"id":2435,"date":"2024-04-23T21:21:11","date_gmt":"2024-04-23T19:21:11","guid":{"rendered":"https:\/\/agora.xtec.cat\/escolajeronidemoragas\/?p=2435"},"modified":"2024-05-31T20:36:33","modified_gmt":"2024-05-31T18:36:33","slug":"concurs-dibuix-escolar","status":"publish","type":"post","link":"https:\/\/agora.xtec.cat\/escolajeronidemoragas\/general\/concurs-dibuix-escolar\/","title":{"rendered":"CONCURS DIBUIX ESCOLAR"},"content":{"rendered":"<p style=\"text-align: left;\"><strong>JA TENIM GUANYADOR!!<\/strong><\/p>\n<p>En <strong>Bru, alumne de l&#8217;aula D5<\/strong>, ha estat el guanyador del concurs escolar de BBVA!!\u00a0El pr\u00f2xim diumenge\u00a026 de maig, en Bru i la seva fam\u00edlia assistiran a Barcelona a l&#8217;acte de lliurament de premis, on se&#8217;ls\u00a0far\u00e0 entrega\u00a0d&#8217;un regal, un diploma i del llibre editat amb els dibuixos premiats.<\/p>\n<p><a href=\"https:\/\/agora.xtec.cat\/escolajeronidemoragas\/wp-content\/uploads\/usu2509\/2024\/04\/bru-.png\"><img loading=\"lazy\" decoding=\"async\" class=\"wp-image-2442 aligncenter\" src=\"https:\/\/agora.xtec.cat\/escolajeronidemoragas\/wp-content\/uploads\/usu2509\/2024\/04\/bru--727x1024.png\" alt=\"\" width=\"319\" height=\"450\" srcset=\"https:\/\/agora.xtec.cat\/escolajeronidemoragas\/wp-content\/uploads\/usu2509\/2024\/04\/bru--727x1024.png 727w, https:\/\/agora.xtec.cat\/escolajeronidemoragas\/wp-content\/uploads\/usu2509\/2024\/04\/bru--213x300.png 213w, https:\/\/agora.xtec.cat\/escolajeronidemoragas\/wp-content\/uploads\/usu2509\/2024\/04\/bru--768x1081.png 768w, https:\/\/agora.xtec.cat\/escolajeronidemoragas\/wp-content\/uploads\/usu2509\/2024\/04\/bru-.png 1049w\" sizes=\"auto, (max-width: 319px) 100vw, 319px\" \/><\/a><\/p>\n<p><a href=\"https:\/\/agora.xtec.cat\/escolajeronidemoragas\/wp-content\/uploads\/usu2509\/2024\/04\/jeroni-felic.png\"><img loading=\"lazy\" decoding=\"async\" class=\"wp-image-2438 alignright\" src=\"https:\/\/agora.xtec.cat\/escolajeronidemoragas\/wp-content\/uploads\/usu2509\/2024\/04\/jeroni-felic.png\" alt=\"\" width=\"174\" height=\"174\" srcset=\"https:\/\/agora.xtec.cat\/escolajeronidemoragas\/wp-content\/uploads\/usu2509\/2024\/04\/jeroni-felic.png 421w, https:\/\/agora.xtec.cat\/escolajeronidemoragas\/wp-content\/uploads\/usu2509\/2024\/04\/jeroni-felic-300x300.png 300w, https:\/\/agora.xtec.cat\/escolajeronidemoragas\/wp-content\/uploads\/usu2509\/2024\/04\/jeroni-felic-150x150.png 150w\" sizes=\"auto, (max-width: 174px) 100vw, 174px\" \/><\/a><\/p>\n<p>Un curs m\u00e9s, alguns\u00a0dels alumnes\u00a0de l&#8217;escola han participat\u00a0<span class=\"hiddenGrammarError\" style=\"padding-bottom: 2px; background-image: url('..\/..\/..\/..\/..\/images\/squiggle.png'); background-repeat: repeat-x; background-position: left bottom; cursor: default; color: #000000; font-family: 'Open Sans', Helvetica, Arial, sans-serif; font-size: 16px; font-style: normal; font-variant-ligatures: normal; font-variant-caps: normal; font-weight: 300; letter-spacing: normal; orphans: 2; text-align: start; text-indent: 0px; text-transform: none; widows: 2; word-spacing: 0px; -webkit-text-stroke-width: 0px; white-space: normal; text-decoration-thickness: initial; text-decoration-style: initial; text-decoration-color: initial;\">al<\/span>\u00a0<strong>Concurs BBVA de Dibuix Escolar<\/strong>, que enguany arriba a la 43a edici\u00f3, i que porta com a t\u00edtol<strong>: <\/strong><em><strong>L&#8217;arbre de la vida i altres contes per cuidar el planeta<\/strong><\/em><strong>.<\/strong><\/p>\n<p>Us compartim la web del concurs per propers concursos:\u00a0\u00a0<a href=\"https:\/\/www.fcaixescatalanes.cat\/premi\/concurs-dibuix-escolar\/\">https:\/\/www.fcaixescatalanes.cat\/premi\/concurs-dibuix-escolar\/<\/a><\/p>\n<p>El Concurs, convocat per la <strong>Fundaci\u00f3 Antigues Caixes Catalanes (<span class=\"hiddenSpellError\">FACC<\/span>), amb el suport de BBVA<\/strong>, t\u00e9 com a objectiu servir d&#8217;est\u00edmul per desenvolupar les habilitats i capacitats dels alumnes en el dibuix i la il\u00b7lustraci\u00f3, aix\u00ed com fomentar la lectura en catal\u00e0 mentre es treballa l&#8217;educaci\u00f3 emocional.<\/p>\n<p style=\"text-align: center;\"><em><strong>Enhorabona, Bru i moltes felicitats a tots els participants!<\/strong><\/em><\/p>\n<p><a href=\"https:\/\/agora.xtec.cat\/escolajeronidemoragas\/wp-content\/uploads\/usu2509\/2024\/04\/BBVA.jpg\"><br \/>\n<img loading=\"lazy\" decoding=\"async\" class=\" wp-image-2437 aligncenter\" src=\"https:\/\/agora.xtec.cat\/escolajeronidemoragas\/wp-content\/uploads\/usu2509\/2024\/04\/BBVA.jpg\" alt=\"\" width=\"516\" height=\"745\" srcset=\"https:\/\/agora.xtec.cat\/escolajeronidemoragas\/wp-content\/uploads\/usu2509\/2024\/04\/BBVA.jpg 450w, https:\/\/agora.xtec.cat\/escolajeronidemoragas\/wp-content\/uploads\/usu2509\/2024\/04\/BBVA-208x300.jpg 208w\" sizes=\"auto, (max-width: 516px) 100vw, 516px\" \/><\/a><\/p>\n<p>Afegim un v\u00eddeo resum de l&#8217;acte de diumenge, on es van concedir els premis de la 43a edici\u00f3\u00a0del\u00a0Concurs\u00a0BBVA\u00a0de\u00a0Dibuix\u00a0Escolar\u00a0a\u00a0La Factoria Cultural de Terrassa.\u00a0\u00a0Enguany han participat 182 escoles\u00a0de tot Catalunya.\u00a0Al final es van\u00a0repartir\u00a061 premis (36 de prim\u00e0ria i 25 acc\u00e8ssits de centres d&#8217;educaci\u00f3 especial).<\/p>\n<p><strong>Al <a href=\"https:\/\/www.youtube.com\/watch?v=ITRHYEfo3g4\">v\u00eddeo<\/a><\/strong> <strong> podreu veure en Bru recollint el seu premi a partir del minut 17:40 \ud83d\ude04<\/strong><\/p>\n","protected":false},"excerpt":{"rendered":"<p>JA TENIM GUANYADOR!!<br \/>\nEn Bru, alumne de l&#8217;aula D5, ha estat el guanyador del concurs escolar de BBVA!!\u00a0El pr\u00f2xim diumenge\u00a026 de maig, en Bru i la seva fam\u00edlia assistiran a Barcelona a l&#8217;acte de lliurament de premis, on se&#8217;ls\u00a0far\u00e0 entrega\u00a0d&#8217;un regal, un diploma i del llibre&hellip;  <a href=\"https:\/\/agora.xtec.cat\/escolajeronidemoragas\/general\/concurs-dibuix-escolar\/\" title=\"Read CONCURS DIBUIX ESCOLAR\">Llegeix m\u00e9s\u00bb<\/a><\/p>\n","protected":false},"author":1,"featured_media":2442,"comment_status":"open","ping_status":"closed","sticky":false,"template":"","format":"standard","meta":{"_bbp_topic_count":0,"_bbp_reply_count":0,"_bbp_total_topic_count":0,"_bbp_total_reply_count":0,"_bbp_voice_count":0,"_bbp_anonymous_reply_count":0,"_bbp_topic_count_hidden":0,"_bbp_reply_count_hidden":0,"_bbp_forum_subforum_count":0,"footnotes":""},"categories":[74,70,83,1,75,4,85,84],"tags":[],"class_list":["post-2435","post","type-post","status-publish","format-standard","has-post-thumbnail","hentry","category-abril","category-curs-2023-24","category-eso","category-general","category-maig","category-portada","category-sensorial","category-tva"],"post_mailing_queue_ids":[],"_links":{"self":[{"href":"https:\/\/agora.xtec.cat\/escolajeronidemoragas\/wp-json\/wp\/v2\/posts\/2435","targetHints":{"allow":["GET"]}}],"collection":[{"href":"https:\/\/agora.xtec.cat\/escolajeronidemoragas\/wp-json\/wp\/v2\/posts"}],"about":[{"href":"https:\/\/agora.xtec.cat\/escolajeronidemoragas\/wp-json\/wp\/v2\/types\/post"}],"author":[{"embeddable":true,"href":"https:\/\/agora.xtec.cat\/escolajeronidemoragas\/wp-json\/wp\/v2\/users\/1"}],"replies":[{"embeddable":true,"href":"https:\/\/agora.xtec.cat\/escolajeronidemoragas\/wp-json\/wp\/v2\/comments?post=2435"}],"version-history":[{"count":6,"href":"https:\/\/agora.xtec.cat\/escolajeronidemoragas\/wp-json\/wp\/v2\/posts\/2435\/revisions"}],"predecessor-version":[{"id":2739,"href":"https:\/\/agora.xtec.cat\/escolajeronidemoragas\/wp-json\/wp\/v2\/posts\/2435\/revisions\/2739"}],"wp:featuredmedia":[{"embeddable":true,"href":"https:\/\/agora.xtec.cat\/escolajeronidemoragas\/wp-json\/wp\/v2\/media\/2442"}],"wp:attachment":[{"href":"https:\/\/agora.xtec.cat\/escolajeronidemoragas\/wp-json\/wp\/v2\/media?parent=2435"}],"wp:term":[{"taxonomy":"category","embeddable":true,"href":"https:\/\/agora.xtec.cat\/escolajeronidemoragas\/wp-json\/wp\/v2\/categories?post=2435"},{"taxonomy":"post_tag","embeddable":true,"href":"https:\/\/agora.xtec.cat\/escolajeronidemoragas\/wp-json\/wp\/v2\/tags?post=2435"}],"curies":[{"name":"wp","href":"https:\/\/api.w.org\/{rel}","templated":true}]}}