{"id":2428,"date":"2024-04-22T13:36:52","date_gmt":"2024-04-22T11:36:52","guid":{"rendered":"https:\/\/agora.xtec.cat\/escolajeronidemoragas\/?p=2428"},"modified":"2024-04-22T13:38:52","modified_gmt":"2024-04-22T11:38:52","slug":"preparatius-per-la-diada-de-sant-jordi","status":"publish","type":"post","link":"https:\/\/agora.xtec.cat\/escolajeronidemoragas\/general\/preparatius-per-la-diada-de-sant-jordi\/","title":{"rendered":"SANT JORDI 2024"},"content":{"rendered":"<p><strong>El 23 d&#8217;abril \u00e9s un dels dies m\u00e9s esperats de l&#8217;any.<\/strong> Des de l&#8217;escola ja fa dies que preparen roses, llibres i creacions art\u00edstiques relacionades amb aquest dia.<\/p>\n<p><a href=\"https:\/\/agora.xtec.cat\/escolajeronidemoragas\/wp-content\/uploads\/usu2509\/2024\/04\/drac-i-rosa.jpg\"><img loading=\"lazy\" decoding=\"async\" class=\"alignleft wp-image-2432\" src=\"https:\/\/agora.xtec.cat\/escolajeronidemoragas\/wp-content\/uploads\/usu2509\/2024\/04\/drac-i-rosa-1024x597.jpg\" alt=\"\" width=\"262\" height=\"153\" srcset=\"https:\/\/agora.xtec.cat\/escolajeronidemoragas\/wp-content\/uploads\/usu2509\/2024\/04\/drac-i-rosa-1024x597.jpg 1024w, https:\/\/agora.xtec.cat\/escolajeronidemoragas\/wp-content\/uploads\/usu2509\/2024\/04\/drac-i-rosa-300x175.jpg 300w, https:\/\/agora.xtec.cat\/escolajeronidemoragas\/wp-content\/uploads\/usu2509\/2024\/04\/drac-i-rosa-768x447.jpg 768w, https:\/\/agora.xtec.cat\/escolajeronidemoragas\/wp-content\/uploads\/usu2509\/2024\/04\/drac-i-rosa.jpg 1181w\" sizes=\"auto, (max-width: 262px) 100vw, 262px\" \/><\/a><\/p>\n<p>Durant tot el mat\u00ed s&#8217;oferiran paradetes, tallers i activitats pels alumnes de l&#8217;escola. Algunes aules preparen una paradeta per vendre treballs manuals i creacions que els mateixos alumnes han elaborat; d&#8217;altres paradetes amb llibres per compartir. Els alumnes d&#8217;FE preparen i impulsen tallers pels alumnes m\u00e9s petits de l&#8217;escola, d&#8217;altres preparen els Jocs Florals a trav\u00e9s dels quals han conegut grans escriptores i grans obres. La coral tamb\u00e9 prepara alguna can\u00e7\u00f3 per acabar la matinal de Sant Jordi amb m\u00fasica i ambient!<\/p>\n<p><span class=\"hiddenGrammarError\" style=\"padding-bottom: 2px; background-image: url('..\/..\/..\/..\/..\/images\/squiggle.png'); background-repeat: repeat-x; background-position: left bottom; cursor: default; color: #000000; font-family: 'Open Sans', Helvetica, Arial, sans-serif; font-size: 16px; font-style: normal; font-variant-ligatures: normal; font-variant-caps: normal; font-weight: 300; letter-spacing: normal; orphans: 2; text-align: start; text-indent: 0px; text-transform: none; widows: 2; word-spacing: 0px; -webkit-text-stroke-width: 0px; white-space: normal; text-decoration-thickness: initial; text-decoration-style: initial; text-decoration-color: initial;\">Us compartim<\/span>, doncs, el cartell que han realitzat els mateixos alumnes d&#8217;IFE, on hi ha tota la planificaci\u00f3 i horari d&#8217;aquesta gran diada.<\/p>\n<p><strong>Bona diada a tothom!<\/strong><\/p>\n<p><a href=\"https:\/\/agora.xtec.cat\/escolajeronidemoragas\/wp-content\/uploads\/usu2509\/2024\/04\/sant-jordi-24_page-0001-scaled.jpg\"><img loading=\"lazy\" decoding=\"async\" class=\"size-large wp-image-2430 aligncenter\" src=\"https:\/\/agora.xtec.cat\/escolajeronidemoragas\/wp-content\/uploads\/usu2509\/2024\/04\/sant-jordi-24_page-0001-724x1024.jpg\" alt=\"\" width=\"724\" height=\"1024\" srcset=\"https:\/\/agora.xtec.cat\/escolajeronidemoragas\/wp-content\/uploads\/usu2509\/2024\/04\/sant-jordi-24_page-0001-724x1024.jpg 724w, https:\/\/agora.xtec.cat\/escolajeronidemoragas\/wp-content\/uploads\/usu2509\/2024\/04\/sant-jordi-24_page-0001-212x300.jpg 212w, https:\/\/agora.xtec.cat\/escolajeronidemoragas\/wp-content\/uploads\/usu2509\/2024\/04\/sant-jordi-24_page-0001-768x1086.jpg 768w, https:\/\/agora.xtec.cat\/escolajeronidemoragas\/wp-content\/uploads\/usu2509\/2024\/04\/sant-jordi-24_page-0001-1086x1536.jpg 1086w, https:\/\/agora.xtec.cat\/escolajeronidemoragas\/wp-content\/uploads\/usu2509\/2024\/04\/sant-jordi-24_page-0001-1448x2048.jpg 1448w, https:\/\/agora.xtec.cat\/escolajeronidemoragas\/wp-content\/uploads\/usu2509\/2024\/04\/sant-jordi-24_page-0001-scaled.jpg 1810w\" sizes=\"auto, (max-width: 724px) 100vw, 724px\" \/><\/a><\/p>\n<p>&nbsp;<\/p>\n<p>&nbsp;<\/p>\n<p>&nbsp;<\/p>\n<p>&nbsp;<\/p>\n<p>&nbsp;<\/p>\n<p>&nbsp;<\/p>\n<p>&nbsp;<\/p>\n<p>&nbsp;<\/p>\n<p>&nbsp;<\/p>\n<p>&nbsp;<\/p>\n<p>&nbsp;<\/p>\n<p>&nbsp;<\/p>\n<p>&nbsp;<\/p>\n<p>&nbsp;<\/p>\n<p>&nbsp;<\/p>\n<p>&nbsp;<\/p>\n<p>&nbsp;<\/p>\n<p>&nbsp;<\/p>\n<p>&nbsp;<\/p>\n<p>&nbsp;<\/p>\n<p>&nbsp;<\/p>\n<p>&nbsp;<\/p>\n<p>&nbsp;<\/p>\n<p>&nbsp;<\/p>\n","protected":false},"excerpt":{"rendered":"<p>El 23 d&#8217;abril \u00e9s un dels dies m\u00e9s esperats de l&#8217;any. Des de l&#8217;escola ja fa dies que preparen roses, llibres i creacions art\u00edstiques relacionades amb aquest dia.<br \/>\n<a href=\"https:\/\/agora.xtec.cat\/escolajeronidemoragas\/wp-content\/uploads\/usu2509\/2024\/04\/drac-i-rosa.jpg\"><\/a><br \/>\nDurant tot el mat\u00ed s&#8217;oferiran paradetes, tallers i activitats pels alumnes de l&#8217;escola. Algunes aules preparen una&hellip;  <a href=\"https:\/\/agora.xtec.cat\/escolajeronidemoragas\/general\/preparatius-per-la-diada-de-sant-jordi\/\" title=\"Read SANT JORDI 2024\">Llegeix m\u00e9s\u00bb<\/a><\/p>\n","protected":false},"author":1,"featured_media":2430,"comment_status":"open","ping_status":"closed","sticky":false,"template":"","format":"standard","meta":{"_bbp_topic_count":0,"_bbp_reply_count":0,"_bbp_total_topic_count":0,"_bbp_total_reply_count":0,"_bbp_voice_count":0,"_bbp_anonymous_reply_count":0,"_bbp_topic_count_hidden":0,"_bbp_reply_count_hidden":0,"_bbp_forum_subforum_count":0,"footnotes":""},"categories":[10,11,12,13,14,15,74,7,70,83,1,2,4,85,84],"tags":[],"class_list":["post-2428","post","type-post","status-publish","format-standard","has-post-thumbnail","hentry","category-1r","category-2n","category-3r","category-4t","category-5e","category-6e","category-abril","category-ampa","category-curs-2023-24","category-eso","category-general","category-infantil-i-primaria","category-portada","category-sensorial","category-tva"],"post_mailing_queue_ids":[],"_links":{"self":[{"href":"https:\/\/agora.xtec.cat\/escolajeronidemoragas\/wp-json\/wp\/v2\/posts\/2428","targetHints":{"allow":["GET"]}}],"collection":[{"href":"https:\/\/agora.xtec.cat\/escolajeronidemoragas\/wp-json\/wp\/v2\/posts"}],"about":[{"href":"https:\/\/agora.xtec.cat\/escolajeronidemoragas\/wp-json\/wp\/v2\/types\/post"}],"author":[{"embeddable":true,"href":"https:\/\/agora.xtec.cat\/escolajeronidemoragas\/wp-json\/wp\/v2\/users\/1"}],"replies":[{"embeddable":true,"href":"https:\/\/agora.xtec.cat\/escolajeronidemoragas\/wp-json\/wp\/v2\/comments?post=2428"}],"version-history":[{"count":2,"href":"https:\/\/agora.xtec.cat\/escolajeronidemoragas\/wp-json\/wp\/v2\/posts\/2428\/revisions"}],"predecessor-version":[{"id":2434,"href":"https:\/\/agora.xtec.cat\/escolajeronidemoragas\/wp-json\/wp\/v2\/posts\/2428\/revisions\/2434"}],"wp:featuredmedia":[{"embeddable":true,"href":"https:\/\/agora.xtec.cat\/escolajeronidemoragas\/wp-json\/wp\/v2\/media\/2430"}],"wp:attachment":[{"href":"https:\/\/agora.xtec.cat\/escolajeronidemoragas\/wp-json\/wp\/v2\/media?parent=2428"}],"wp:term":[{"taxonomy":"category","embeddable":true,"href":"https:\/\/agora.xtec.cat\/escolajeronidemoragas\/wp-json\/wp\/v2\/categories?post=2428"},{"taxonomy":"post_tag","embeddable":true,"href":"https:\/\/agora.xtec.cat\/escolajeronidemoragas\/wp-json\/wp\/v2\/tags?post=2428"}],"curies":[{"name":"wp","href":"https:\/\/api.w.org\/{rel}","templated":true}]}}