{"id":2424,"date":"2024-04-22T13:10:02","date_gmt":"2024-04-22T11:10:02","guid":{"rendered":"https:\/\/agora.xtec.cat\/escolajeronidemoragas\/?p=2424"},"modified":"2024-04-22T13:10:44","modified_gmt":"2024-04-22T11:10:44","slug":"stop-bulling","status":"publish","type":"post","link":"https:\/\/agora.xtec.cat\/escolajeronidemoragas\/general\/stop-bulling\/","title":{"rendered":"CICLE DE XERRADES: STOP BULLING!"},"content":{"rendered":"<p>Compartim amb vosaltres\u00a0la\u00a0pr\u00f2xima sessi\u00f3\u00a0que ofereix el Cicle de xerrades per a fam\u00edlies <strong>&#8220;Sensibilitzaci\u00f3 i prevenci\u00f3 contra el\u00a0Bullying&#8221;<\/strong>, gestionada per l&#8217;Ajuntament de Manresa.<\/p>\n<ul>\n<li style=\"list-style-type: none;\">\n<ul>\n<li><strong>QUAN?<\/strong> Dimarts 7 de maig del 2024<\/li>\n<li><strong>HORARI?<\/strong> A les 18:30\u202fh.<\/li>\n<li><strong>ON?<\/strong> A l&#8217;Escola Muntanya del Drac, Habitatges pare Ignasi Puig S\/N (barri del Xup).<\/li>\n<\/ul>\n<\/li>\n<\/ul>\n<p>Us animem a venir i reflexionar sobre els factors que inicien, mantenen i prevenen el bullying. Quin ha de ser el nostre paper com a adults en la resoluci\u00f3 i prevenci\u00f3 del conflicte?<\/p>\n<p>Us hi esperem, compartir opinions i relflexionar ens fa cr\u00e9ixer i aprendre!<\/p>\n<p><a href=\"https:\/\/agora.xtec.cat\/escolajeronidemoragas\/wp-content\/uploads\/usu2509\/2024\/04\/Xerrada-Sensibilitzacio-i-prevencio-contra-el-bulling-maig-2023-24-1-scaled.jpg\"><br \/>\n<img loading=\"lazy\" decoding=\"async\" class=\"size-large wp-image-2425 aligncenter\" src=\"https:\/\/agora.xtec.cat\/escolajeronidemoragas\/wp-content\/uploads\/usu2509\/2024\/04\/Xerrada-Sensibilitzacio-i-prevencio-contra-el-bulling-maig-2023-24-1-724x1024.jpg\" alt=\"\" width=\"724\" height=\"1024\" srcset=\"https:\/\/agora.xtec.cat\/escolajeronidemoragas\/wp-content\/uploads\/usu2509\/2024\/04\/Xerrada-Sensibilitzacio-i-prevencio-contra-el-bulling-maig-2023-24-1-724x1024.jpg 724w, https:\/\/agora.xtec.cat\/escolajeronidemoragas\/wp-content\/uploads\/usu2509\/2024\/04\/Xerrada-Sensibilitzacio-i-prevencio-contra-el-bulling-maig-2023-24-1-212x300.jpg 212w, https:\/\/agora.xtec.cat\/escolajeronidemoragas\/wp-content\/uploads\/usu2509\/2024\/04\/Xerrada-Sensibilitzacio-i-prevencio-contra-el-bulling-maig-2023-24-1-768x1086.jpg 768w, https:\/\/agora.xtec.cat\/escolajeronidemoragas\/wp-content\/uploads\/usu2509\/2024\/04\/Xerrada-Sensibilitzacio-i-prevencio-contra-el-bulling-maig-2023-24-1-1086x1536.jpg 1086w, https:\/\/agora.xtec.cat\/escolajeronidemoragas\/wp-content\/uploads\/usu2509\/2024\/04\/Xerrada-Sensibilitzacio-i-prevencio-contra-el-bulling-maig-2023-24-1-1449x2048.jpg 1449w, https:\/\/agora.xtec.cat\/escolajeronidemoragas\/wp-content\/uploads\/usu2509\/2024\/04\/Xerrada-Sensibilitzacio-i-prevencio-contra-el-bulling-maig-2023-24-1-scaled.jpg 1811w\" sizes=\"auto, (max-width: 724px) 100vw, 724px\" \/><\/a><\/p>\n<div>\n<p>&nbsp;<\/p>\n<\/div>\n","protected":false},"excerpt":{"rendered":"<p>Compartim amb vosaltres\u00a0la\u00a0pr\u00f2xima sessi\u00f3\u00a0que ofereix el Cicle de xerrades per a fam\u00edlies &#8220;Sensibilitzaci\u00f3 i prevenci\u00f3 contra el\u00a0Bullying&#8221;, gestionada per l&#8217;Ajuntament de Manresa.<\/p>\n<ul>\n<li style=\"list-style-type: none;\">\n<ul>\n<li>QUAN? Dimarts 7 de maig del 2024<\/li>\n<li>HORARI? A les 18:30\u202fh.<\/li>\n<li>ON? A l&#8217;Escola Muntanya del Drac, Habitatges pare Ignasi Puig S\/N (barri del&hellip;  <a href=\"https:\/\/agora.xtec.cat\/escolajeronidemoragas\/general\/stop-bulling\/\" title=\"Read CICLE DE XERRADES: STOP BULLING!\">Llegeix m\u00e9s\u00bb<\/a><br \/>\n","protected":false},"author":1,"featured_media":2425,"comment_status":"open","ping_status":"closed","sticky":false,"template":"","format":"standard","meta":{"_bbp_topic_count":0,"_bbp_reply_count":0,"_bbp_total_topic_count":0,"_bbp_total_reply_count":0,"_bbp_voice_count":0,"_bbp_anonymous_reply_count":0,"_bbp_topic_count_hidden":0,"_bbp_reply_count_hidden":0,"_bbp_forum_subforum_count":0,"footnotes":""},"categories":[10,11,12,13,14,15,74,7,70,83,1,2,76,75,4,85,84],"tags":[],"class_list":["post-2424","post","type-post","status-publish","format-standard","has-post-thumbnail","hentry","category-1r","category-2n","category-3r","category-4t","category-5e","category-6e","category-abril","category-ampa","category-curs-2023-24","category-eso","category-general","category-infantil-i-primaria","category-juny","category-maig","category-portada","category-sensorial","category-tva"],"post_mailing_queue_ids":[],"_links":{"self":[{"href":"https:\/\/agora.xtec.cat\/escolajeronidemoragas\/wp-json\/wp\/v2\/posts\/2424","targetHints":{"allow":["GET"]}}],"collection":[{"href":"https:\/\/agora.xtec.cat\/escolajeronidemoragas\/wp-json\/wp\/v2\/posts"}],"about":[{"href":"https:\/\/agora.xtec.cat\/escolajeronidemoragas\/wp-json\/wp\/v2\/types\/post"}],"author":[{"embeddable":true,"href":"https:\/\/agora.xtec.cat\/escolajeronidemoragas\/wp-json\/wp\/v2\/users\/1"}],"replies":[{"embeddable":true,"href":"https:\/\/agora.xtec.cat\/escolajeronidemoragas\/wp-json\/wp\/v2\/comments?post=2424"}],"version-history":[{"count":2,"href":"https:\/\/agora.xtec.cat\/escolajeronidemoragas\/wp-json\/wp\/v2\/posts\/2424\/revisions"}],"predecessor-version":[{"id":2427,"href":"https:\/\/agora.xtec.cat\/escolajeronidemoragas\/wp-json\/wp\/v2\/posts\/2424\/revisions\/2427"}],"wp:featuredmedia":[{"embeddable":true,"href":"https:\/\/agora.xtec.cat\/escolajeronidemoragas\/wp-json\/wp\/v2\/media\/2425"}],"wp:attachment":[{"href":"https:\/\/agora.xtec.cat\/escolajeronidemoragas\/wp-json\/wp\/v2\/media?parent=2424"}],"wp:term":[{"taxonomy":"category","embeddable":true,"href":"https:\/\/agora.xtec.cat\/escolajeronidemoragas\/wp-json\/wp\/v2\/categories?post=2424"},{"taxonomy":"post_tag","embeddable":true,"href":"https:\/\/agora.xtec.cat\/escolajeronidemoragas\/wp-json\/wp\/v2\/tags?post=2424"}],"curies":[{"name":"wp","href":"https:\/\/api.w.org\/{rel}","templated":true}]}}