{"id":2416,"date":"2024-04-20T09:18:13","date_gmt":"2024-04-20T07:18:13","guid":{"rendered":"https:\/\/agora.xtec.cat\/escolajeronidemoragas\/?p=2416"},"modified":"2024-04-20T14:08:29","modified_gmt":"2024-04-20T12:08:29","slug":"portes-obertes-ife-i-pfi","status":"publish","type":"post","link":"https:\/\/agora.xtec.cat\/escolajeronidemoragas\/general\/portes-obertes-ife-i-pfi\/","title":{"rendered":"PORTES OBERTES DE POSTOBLIGAT\u00d2RIA"},"content":{"rendered":"<p>ATENCI\u00d3!! Has acabat l&#8217;ESO i busques alternatives? Doncs guarda&#8217;t\u00a0el pr\u00f2xim dijous\u00a025 d&#8217;abril!!!<\/p>\n<p>Els <strong>Programes de Formaci\u00f3 i Inserci\u00f3 (PFI)<\/strong> i els <strong>Itineraris de Formaci\u00f3 Espec\u00edfics (IFE)<\/strong> de l&#8217;etapa postobligat\u00f2ria, duran a terme la Jornada de Portes Obertes aquest proper dijous!<\/p>\n<p>&#8211; <strong>Quan?<\/strong> Dijous 25 d&#8217;abril<br \/>\n&#8211; <strong>Hora:<\/strong> de 18\u202fh a 20\u202fh.<br \/>\n&#8211; <strong>On?<\/strong> A l&#8217;Escola Jeroni de Moragas (<span class=\"hiddenSpellError\">AMPANS<\/span>), a l&#8217;edifici que queda a m\u00e0 dreta del p\u00e0rquing de l&#8217;escola.<\/p>\n<p>Recordeu que la Jornada de Portes Obertes s\u00f3n\u00a0l&#8217;oportunitat\u00a0per poder con\u00e8ixer de primera m\u00e0, l&#8217;oferta educativa del centre, preguntar i resoldre dubtes i inquietuds, con\u00e8ixer els espais i instal\u00b7lacions, l&#8217;equip docent, alumnes, entre d&#8217;altres.<\/p>\n<p>Us adjuntem el cartell de la Jornada!<\/p>\n<p>Us hi esperem! <a href=\"https:\/\/agora.xtec.cat\/escolajeronidemoragas\/wp-content\/uploads\/usu2509\/2024\/04\/Jornades-de-portes-OBERTES-2-scaled.jpg\"><img loading=\"lazy\" decoding=\"async\" class=\"wp-image-2419 aligncenter\" src=\"https:\/\/agora.xtec.cat\/escolajeronidemoragas\/wp-content\/uploads\/usu2509\/2024\/04\/Jornades-de-portes-OBERTES-2-724x1024.jpg\" alt=\"\" width=\"553\" height=\"782\" srcset=\"https:\/\/agora.xtec.cat\/escolajeronidemoragas\/wp-content\/uploads\/usu2509\/2024\/04\/Jornades-de-portes-OBERTES-2-724x1024.jpg 724w, https:\/\/agora.xtec.cat\/escolajeronidemoragas\/wp-content\/uploads\/usu2509\/2024\/04\/Jornades-de-portes-OBERTES-2-212x300.jpg 212w, https:\/\/agora.xtec.cat\/escolajeronidemoragas\/wp-content\/uploads\/usu2509\/2024\/04\/Jornades-de-portes-OBERTES-2-768x1086.jpg 768w, https:\/\/agora.xtec.cat\/escolajeronidemoragas\/wp-content\/uploads\/usu2509\/2024\/04\/Jornades-de-portes-OBERTES-2-1086x1536.jpg 1086w, https:\/\/agora.xtec.cat\/escolajeronidemoragas\/wp-content\/uploads\/usu2509\/2024\/04\/Jornades-de-portes-OBERTES-2-1449x2048.jpg 1449w, https:\/\/agora.xtec.cat\/escolajeronidemoragas\/wp-content\/uploads\/usu2509\/2024\/04\/Jornades-de-portes-OBERTES-2-scaled.jpg 1811w\" sizes=\"auto, (max-width: 553px) 100vw, 553px\" \/><\/a><\/p>\n<p>&nbsp;<\/p>\n<p>&nbsp;<\/p>\n<p>&nbsp;<\/p>\n<p>&nbsp;<\/p>\n<p>&nbsp;<\/p>\n<p>&nbsp;<\/p>\n<p>&nbsp;<\/p>\n<p>&nbsp;<\/p>\n","protected":false},"excerpt":{"rendered":"<p>ATENCI\u00d3!! Has acabat l&#8217;ESO i busques alternatives? Doncs guarda&#8217;t\u00a0el pr\u00f2xim dijous\u00a025 d&#8217;abril!!!<br \/>\nEls Programes de Formaci\u00f3 i Inserci\u00f3 (PFI) i els Itineraris de Formaci\u00f3 Espec\u00edfics (IFE) de l&#8217;etapa postobligat\u00f2ria, duran a terme la Jornada de Portes Obertes aquest proper dijous!<br \/>\n&#8211; Quan? Dijous 25 d&#8217;abril<br \/>\n&#8211; Hora: de&hellip;  <a href=\"https:\/\/agora.xtec.cat\/escolajeronidemoragas\/general\/portes-obertes-ife-i-pfi\/\" title=\"Read PORTES OBERTES DE POSTOBLIGAT\u00d2RIA\">Llegeix m\u00e9s\u00bb<\/a><\/p>\n","protected":false},"author":1,"featured_media":2419,"comment_status":"open","ping_status":"closed","sticky":false,"template":"","format":"standard","meta":{"_bbp_topic_count":0,"_bbp_reply_count":0,"_bbp_total_topic_count":0,"_bbp_total_reply_count":0,"_bbp_voice_count":0,"_bbp_anonymous_reply_count":0,"_bbp_topic_count_hidden":0,"_bbp_reply_count_hidden":0,"_bbp_forum_subforum_count":0,"footnotes":""},"categories":[74,70,83,1,4,84],"tags":[],"class_list":["post-2416","post","type-post","status-publish","format-standard","has-post-thumbnail","hentry","category-abril","category-curs-2023-24","category-eso","category-general","category-portada","category-tva"],"post_mailing_queue_ids":[],"_links":{"self":[{"href":"https:\/\/agora.xtec.cat\/escolajeronidemoragas\/wp-json\/wp\/v2\/posts\/2416","targetHints":{"allow":["GET"]}}],"collection":[{"href":"https:\/\/agora.xtec.cat\/escolajeronidemoragas\/wp-json\/wp\/v2\/posts"}],"about":[{"href":"https:\/\/agora.xtec.cat\/escolajeronidemoragas\/wp-json\/wp\/v2\/types\/post"}],"author":[{"embeddable":true,"href":"https:\/\/agora.xtec.cat\/escolajeronidemoragas\/wp-json\/wp\/v2\/users\/1"}],"replies":[{"embeddable":true,"href":"https:\/\/agora.xtec.cat\/escolajeronidemoragas\/wp-json\/wp\/v2\/comments?post=2416"}],"version-history":[{"count":4,"href":"https:\/\/agora.xtec.cat\/escolajeronidemoragas\/wp-json\/wp\/v2\/posts\/2416\/revisions"}],"predecessor-version":[{"id":2423,"href":"https:\/\/agora.xtec.cat\/escolajeronidemoragas\/wp-json\/wp\/v2\/posts\/2416\/revisions\/2423"}],"wp:featuredmedia":[{"embeddable":true,"href":"https:\/\/agora.xtec.cat\/escolajeronidemoragas\/wp-json\/wp\/v2\/media\/2419"}],"wp:attachment":[{"href":"https:\/\/agora.xtec.cat\/escolajeronidemoragas\/wp-json\/wp\/v2\/media?parent=2416"}],"wp:term":[{"taxonomy":"category","embeddable":true,"href":"https:\/\/agora.xtec.cat\/escolajeronidemoragas\/wp-json\/wp\/v2\/categories?post=2416"},{"taxonomy":"post_tag","embeddable":true,"href":"https:\/\/agora.xtec.cat\/escolajeronidemoragas\/wp-json\/wp\/v2\/tags?post=2416"}],"curies":[{"name":"wp","href":"https:\/\/api.w.org\/{rel}","templated":true}]}}