{"id":2393,"date":"2024-04-17T22:37:01","date_gmt":"2024-04-17T20:37:01","guid":{"rendered":"https:\/\/agora.xtec.cat\/escolajeronidemoragas\/?p=2393"},"modified":"2024-04-17T22:39:05","modified_gmt":"2024-04-17T20:39:05","slug":"montserrat-el-nostre-entorn","status":"publish","type":"post","link":"https:\/\/agora.xtec.cat\/escolajeronidemoragas\/general\/montserrat-el-nostre-entorn\/","title":{"rendered":"MONTSERRAT, EL NOSTRE ENTORN"},"content":{"rendered":"<p>Aquest dimecres, un grup d&#8217;alumnes de <strong>Transici\u00f3 a la Vida Adulta<\/strong>, han pogut envoltar-se\u00a0de\u00a0l&#8217;entorn\u00a0tan\u00a0espectacular que hi ha\u00a0al voltant de\u00a0l&#8217;escola. Han gaudit d&#8217;un guiatge per l&#8217;emblem\u00e0tica <strong>muntanya de Montserrat<\/strong>. Han pujat amb el funicular fins a Sant Joan, un cop all\u00e0 han recorregut la muntanya i han estat atents de tot el que el guia de muntanya els explicava.<\/p>\n<p>Han apr\u00e8s com es va formar la muntanya de Montserrat, observant la natura, les plantes, els arbres i les flors de la zona, identificant-les i diferenciant-les. I a trav\u00e9s de jocs, han conegut els animals que viuen en aquest entorn.<\/p>\n<p>Aix\u00ed doncs, han compartit un mat\u00ed ple d&#8217;aprenentatges, sensacions i emocions. Con\u00e8ixer l&#8217;entorn proper \u00e9s un aprenentatge b\u00e0sic i essencial en el proc\u00e9s d&#8217;aprenentatge dels nostres alumnes.<br \/>\nDonen les gr\u00e0cies al Patronat de la muntanya de Montserrat; al Xavier, al Koldo, al David i a l&#8217;empresa <span class=\"hiddenSpellError\">Cellnex<\/span>.<\/p>\n<p>Moltes gr\u00e0cies per aquest dia tan especial, els ha encantat descobrir i con\u00e8ixer m\u00e9s a fons l&#8217;entorn que els envolta.<\/p>\n\n\t\t<style type=\"text\/css\">\n\t\t\t#gallery-1 {\n\t\t\t\tmargin: auto;\n\t\t\t}\n\t\t\t#gallery-1 .gallery-item {\n\t\t\t\tfloat: left;\n\t\t\t\tmargin-top: 10px;\n\t\t\t\ttext-align: center;\n\t\t\t\twidth: 33%;\n\t\t\t}\n\t\t\t#gallery-1 img {\n\t\t\t\tborder: 2px solid #cfcfcf;\n\t\t\t}\n\t\t\t#gallery-1 .gallery-caption {\n\t\t\t\tmargin-left: 0;\n\t\t\t}\n\t\t\t\/* see gallery_shortcode() in wp-includes\/media.php *\/\n\t\t<\/style>\n\t\t<div id='gallery-1' class='gallery galleryid-2393 gallery-columns-3 gallery-size-large'><dl class='gallery-item'>\n\t\t\t<dt class='gallery-icon portrait'>\n\t\t\t\t<a href='https:\/\/agora.xtec.cat\/escolajeronidemoragas\/general\/montserrat-el-nostre-entorn\/attachment\/whatsapp-image-2024-04-17-at-17-50-25\/'><img loading=\"lazy\" decoding=\"async\" width=\"461\" height=\"1024\" src=\"https:\/\/agora.xtec.cat\/escolajeronidemoragas\/wp-content\/uploads\/usu2509\/2024\/04\/WhatsApp-Image-2024-04-17-at-17.50.25-461x1024.jpeg\" class=\"attachment-large size-large\" alt=\"\" srcset=\"https:\/\/agora.xtec.cat\/escolajeronidemoragas\/wp-content\/uploads\/usu2509\/2024\/04\/WhatsApp-Image-2024-04-17-at-17.50.25-461x1024.jpeg 461w, https:\/\/agora.xtec.cat\/escolajeronidemoragas\/wp-content\/uploads\/usu2509\/2024\/04\/WhatsApp-Image-2024-04-17-at-17.50.25-135x300.jpeg 135w, https:\/\/agora.xtec.cat\/escolajeronidemoragas\/wp-content\/uploads\/usu2509\/2024\/04\/WhatsApp-Image-2024-04-17-at-17.50.25-691x1536.jpeg 691w, https:\/\/agora.xtec.cat\/escolajeronidemoragas\/wp-content\/uploads\/usu2509\/2024\/04\/WhatsApp-Image-2024-04-17-at-17.50.25.jpeg 720w\" sizes=\"auto, (max-width: 461px) 100vw, 461px\" \/><\/a>\n\t\t\t<\/dt><\/dl><dl class='gallery-item'>\n\t\t\t<dt class='gallery-icon portrait'>\n\t\t\t\t<a href='https:\/\/agora.xtec.cat\/escolajeronidemoragas\/general\/montserrat-el-nostre-entorn\/attachment\/whatsapp-image-2024-04-17-at-17-49-59\/'><img loading=\"lazy\" decoding=\"async\" width=\"461\" height=\"1024\" src=\"https:\/\/agora.xtec.cat\/escolajeronidemoragas\/wp-content\/uploads\/usu2509\/2024\/04\/WhatsApp-Image-2024-04-17-at-17.49.59-461x1024.jpeg\" class=\"attachment-large size-large\" alt=\"\" srcset=\"https:\/\/agora.xtec.cat\/escolajeronidemoragas\/wp-content\/uploads\/usu2509\/2024\/04\/WhatsApp-Image-2024-04-17-at-17.49.59-461x1024.jpeg 461w, https:\/\/agora.xtec.cat\/escolajeronidemoragas\/wp-content\/uploads\/usu2509\/2024\/04\/WhatsApp-Image-2024-04-17-at-17.49.59-135x300.jpeg 135w, https:\/\/agora.xtec.cat\/escolajeronidemoragas\/wp-content\/uploads\/usu2509\/2024\/04\/WhatsApp-Image-2024-04-17-at-17.49.59-691x1536.jpeg 691w, https:\/\/agora.xtec.cat\/escolajeronidemoragas\/wp-content\/uploads\/usu2509\/2024\/04\/WhatsApp-Image-2024-04-17-at-17.49.59.jpeg 720w\" sizes=\"auto, (max-width: 461px) 100vw, 461px\" \/><\/a>\n\t\t\t<\/dt><\/dl><dl class='gallery-item'>\n\t\t\t<dt class='gallery-icon landscape'>\n\t\t\t\t<a href='https:\/\/agora.xtec.cat\/escolajeronidemoragas\/general\/montserrat-el-nostre-entorn\/attachment\/whatsapp-image-2024-04-17-at-17-49-31\/'><img loading=\"lazy\" decoding=\"async\" width=\"1024\" height=\"594\" src=\"https:\/\/agora.xtec.cat\/escolajeronidemoragas\/wp-content\/uploads\/usu2509\/2024\/04\/WhatsApp-Image-2024-04-17-at-17.49.31-1024x594.jpeg\" class=\"attachment-large size-large\" alt=\"\" srcset=\"https:\/\/agora.xtec.cat\/escolajeronidemoragas\/wp-content\/uploads\/usu2509\/2024\/04\/WhatsApp-Image-2024-04-17-at-17.49.31-1024x594.jpeg 1024w, https:\/\/agora.xtec.cat\/escolajeronidemoragas\/wp-content\/uploads\/usu2509\/2024\/04\/WhatsApp-Image-2024-04-17-at-17.49.31-300x174.jpeg 300w, https:\/\/agora.xtec.cat\/escolajeronidemoragas\/wp-content\/uploads\/usu2509\/2024\/04\/WhatsApp-Image-2024-04-17-at-17.49.31-768x445.jpeg 768w, https:\/\/agora.xtec.cat\/escolajeronidemoragas\/wp-content\/uploads\/usu2509\/2024\/04\/WhatsApp-Image-2024-04-17-at-17.49.31-1536x891.jpeg 1536w, https:\/\/agora.xtec.cat\/escolajeronidemoragas\/wp-content\/uploads\/usu2509\/2024\/04\/WhatsApp-Image-2024-04-17-at-17.49.31.jpeg 1600w\" sizes=\"auto, (max-width: 1024px) 100vw, 1024px\" \/><\/a>\n\t\t\t<\/dt><\/dl><br style=\"clear: both\" \/><dl class='gallery-item'>\n\t\t\t<dt class='gallery-icon landscape'>\n\t\t\t\t<a href='https:\/\/agora.xtec.cat\/escolajeronidemoragas\/general\/montserrat-el-nostre-entorn\/attachment\/whatsapp-image-2024-04-17-at-17-48-35\/'><img loading=\"lazy\" decoding=\"async\" width=\"1024\" height=\"461\" src=\"https:\/\/agora.xtec.cat\/escolajeronidemoragas\/wp-content\/uploads\/usu2509\/2024\/04\/WhatsApp-Image-2024-04-17-at-17.48.35-1024x461.jpeg\" class=\"attachment-large size-large\" alt=\"\" srcset=\"https:\/\/agora.xtec.cat\/escolajeronidemoragas\/wp-content\/uploads\/usu2509\/2024\/04\/WhatsApp-Image-2024-04-17-at-17.48.35-1024x461.jpeg 1024w, https:\/\/agora.xtec.cat\/escolajeronidemoragas\/wp-content\/uploads\/usu2509\/2024\/04\/WhatsApp-Image-2024-04-17-at-17.48.35-300x135.jpeg 300w, https:\/\/agora.xtec.cat\/escolajeronidemoragas\/wp-content\/uploads\/usu2509\/2024\/04\/WhatsApp-Image-2024-04-17-at-17.48.35-768x346.jpeg 768w, https:\/\/agora.xtec.cat\/escolajeronidemoragas\/wp-content\/uploads\/usu2509\/2024\/04\/WhatsApp-Image-2024-04-17-at-17.48.35-1536x691.jpeg 1536w, https:\/\/agora.xtec.cat\/escolajeronidemoragas\/wp-content\/uploads\/usu2509\/2024\/04\/WhatsApp-Image-2024-04-17-at-17.48.35.jpeg 1600w\" sizes=\"auto, (max-width: 1024px) 100vw, 1024px\" \/><\/a>\n\t\t\t<\/dt><\/dl><dl class='gallery-item'>\n\t\t\t<dt class='gallery-icon portrait'>\n\t\t\t\t<a href='https:\/\/agora.xtec.cat\/escolajeronidemoragas\/general\/montserrat-el-nostre-entorn\/attachment\/whatsapp-image-2024-04-17-at-17-47-55\/'><img loading=\"lazy\" decoding=\"async\" width=\"461\" height=\"1024\" src=\"https:\/\/agora.xtec.cat\/escolajeronidemoragas\/wp-content\/uploads\/usu2509\/2024\/04\/WhatsApp-Image-2024-04-17-at-17.47.55-461x1024.jpeg\" class=\"attachment-large size-large\" alt=\"\" srcset=\"https:\/\/agora.xtec.cat\/escolajeronidemoragas\/wp-content\/uploads\/usu2509\/2024\/04\/WhatsApp-Image-2024-04-17-at-17.47.55-461x1024.jpeg 461w, https:\/\/agora.xtec.cat\/escolajeronidemoragas\/wp-content\/uploads\/usu2509\/2024\/04\/WhatsApp-Image-2024-04-17-at-17.47.55-135x300.jpeg 135w, https:\/\/agora.xtec.cat\/escolajeronidemoragas\/wp-content\/uploads\/usu2509\/2024\/04\/WhatsApp-Image-2024-04-17-at-17.47.55-691x1536.jpeg 691w, https:\/\/agora.xtec.cat\/escolajeronidemoragas\/wp-content\/uploads\/usu2509\/2024\/04\/WhatsApp-Image-2024-04-17-at-17.47.55.jpeg 720w\" sizes=\"auto, (max-width: 461px) 100vw, 461px\" \/><\/a>\n\t\t\t<\/dt><\/dl><dl class='gallery-item'>\n\t\t\t<dt class='gallery-icon portrait'>\n\t\t\t\t<a href='https:\/\/agora.xtec.cat\/escolajeronidemoragas\/general\/montserrat-el-nostre-entorn\/attachment\/whatsapp-image-2024-04-17-at-17-47-34-2\/'><img loading=\"lazy\" decoding=\"async\" width=\"768\" height=\"1024\" src=\"https:\/\/agora.xtec.cat\/escolajeronidemoragas\/wp-content\/uploads\/usu2509\/2024\/04\/WhatsApp-Image-2024-04-17-at-17.47.34-2-768x1024.jpeg\" class=\"attachment-large size-large\" alt=\"\" srcset=\"https:\/\/agora.xtec.cat\/escolajeronidemoragas\/wp-content\/uploads\/usu2509\/2024\/04\/WhatsApp-Image-2024-04-17-at-17.47.34-2-768x1024.jpeg 768w, https:\/\/agora.xtec.cat\/escolajeronidemoragas\/wp-content\/uploads\/usu2509\/2024\/04\/WhatsApp-Image-2024-04-17-at-17.47.34-2-225x300.jpeg 225w, https:\/\/agora.xtec.cat\/escolajeronidemoragas\/wp-content\/uploads\/usu2509\/2024\/04\/WhatsApp-Image-2024-04-17-at-17.47.34-2-1152x1536.jpeg 1152w, https:\/\/agora.xtec.cat\/escolajeronidemoragas\/wp-content\/uploads\/usu2509\/2024\/04\/WhatsApp-Image-2024-04-17-at-17.47.34-2.jpeg 1200w\" sizes=\"auto, (max-width: 768px) 100vw, 768px\" \/><\/a>\n\t\t\t<\/dt><\/dl><br style=\"clear: both\" \/><dl class='gallery-item'>\n\t\t\t<dt class='gallery-icon landscape'>\n\t\t\t\t<a href='https:\/\/agora.xtec.cat\/escolajeronidemoragas\/general\/montserrat-el-nostre-entorn\/attachment\/whatsapp-image-2024-04-17-at-17-47-34-1\/'><img loading=\"lazy\" decoding=\"async\" width=\"1024\" height=\"768\" src=\"https:\/\/agora.xtec.cat\/escolajeronidemoragas\/wp-content\/uploads\/usu2509\/2024\/04\/WhatsApp-Image-2024-04-17-at-17.47.34-1-1024x768.jpeg\" class=\"attachment-large size-large\" alt=\"\" srcset=\"https:\/\/agora.xtec.cat\/escolajeronidemoragas\/wp-content\/uploads\/usu2509\/2024\/04\/WhatsApp-Image-2024-04-17-at-17.47.34-1-1024x768.jpeg 1024w, https:\/\/agora.xtec.cat\/escolajeronidemoragas\/wp-content\/uploads\/usu2509\/2024\/04\/WhatsApp-Image-2024-04-17-at-17.47.34-1-300x225.jpeg 300w, https:\/\/agora.xtec.cat\/escolajeronidemoragas\/wp-content\/uploads\/usu2509\/2024\/04\/WhatsApp-Image-2024-04-17-at-17.47.34-1-768x576.jpeg 768w, https:\/\/agora.xtec.cat\/escolajeronidemoragas\/wp-content\/uploads\/usu2509\/2024\/04\/WhatsApp-Image-2024-04-17-at-17.47.34-1-1536x1152.jpeg 1536w, https:\/\/agora.xtec.cat\/escolajeronidemoragas\/wp-content\/uploads\/usu2509\/2024\/04\/WhatsApp-Image-2024-04-17-at-17.47.34-1-200x150.jpeg 200w, https:\/\/agora.xtec.cat\/escolajeronidemoragas\/wp-content\/uploads\/usu2509\/2024\/04\/WhatsApp-Image-2024-04-17-at-17.47.34-1.jpeg 1600w\" sizes=\"auto, (max-width: 1024px) 100vw, 1024px\" \/><\/a>\n\t\t\t<\/dt><\/dl><dl class='gallery-item'>\n\t\t\t<dt class='gallery-icon landscape'>\n\t\t\t\t<a href='https:\/\/agora.xtec.cat\/escolajeronidemoragas\/general\/montserrat-el-nostre-entorn\/attachment\/whatsapp-image-2024-04-17-at-17-47-34\/'><img loading=\"lazy\" decoding=\"async\" width=\"1024\" height=\"768\" src=\"https:\/\/agora.xtec.cat\/escolajeronidemoragas\/wp-content\/uploads\/usu2509\/2024\/04\/WhatsApp-Image-2024-04-17-at-17.47.34-1024x768.jpeg\" class=\"attachment-large size-large\" alt=\"\" srcset=\"https:\/\/agora.xtec.cat\/escolajeronidemoragas\/wp-content\/uploads\/usu2509\/2024\/04\/WhatsApp-Image-2024-04-17-at-17.47.34-1024x768.jpeg 1024w, https:\/\/agora.xtec.cat\/escolajeronidemoragas\/wp-content\/uploads\/usu2509\/2024\/04\/WhatsApp-Image-2024-04-17-at-17.47.34-300x225.jpeg 300w, https:\/\/agora.xtec.cat\/escolajeronidemoragas\/wp-content\/uploads\/usu2509\/2024\/04\/WhatsApp-Image-2024-04-17-at-17.47.34-768x576.jpeg 768w, https:\/\/agora.xtec.cat\/escolajeronidemoragas\/wp-content\/uploads\/usu2509\/2024\/04\/WhatsApp-Image-2024-04-17-at-17.47.34-1536x1152.jpeg 1536w, https:\/\/agora.xtec.cat\/escolajeronidemoragas\/wp-content\/uploads\/usu2509\/2024\/04\/WhatsApp-Image-2024-04-17-at-17.47.34-200x150.jpeg 200w, https:\/\/agora.xtec.cat\/escolajeronidemoragas\/wp-content\/uploads\/usu2509\/2024\/04\/WhatsApp-Image-2024-04-17-at-17.47.34.jpeg 1600w\" sizes=\"auto, (max-width: 1024px) 100vw, 1024px\" \/><\/a>\n\t\t\t<\/dt><\/dl>\n\t\t\t<br style='clear: both' \/>\n\t\t<\/div>\n\n","protected":false},"excerpt":{"rendered":"<p>Aquest dimecres, un grup d&#8217;alumnes de Transici\u00f3 a la Vida Adulta, han pogut envoltar-se\u00a0de\u00a0l&#8217;entorn\u00a0tan\u00a0espectacular que hi ha\u00a0al voltant de\u00a0l&#8217;escola. Han gaudit d&#8217;un guiatge per l&#8217;emblem\u00e0tica muntanya de Montserrat. Han pujat amb el funicular fins a Sant Joan, un cop all\u00e0 han recorregut la muntanya i&hellip;  <a href=\"https:\/\/agora.xtec.cat\/escolajeronidemoragas\/general\/montserrat-el-nostre-entorn\/\" title=\"Read MONTSERRAT, EL NOSTRE ENTORN\">Llegeix m\u00e9s\u00bb<\/a><\/p>\n","protected":false},"author":1,"featured_media":2402,"comment_status":"open","ping_status":"closed","sticky":false,"template":"","format":"standard","meta":{"_bbp_topic_count":0,"_bbp_reply_count":0,"_bbp_total_topic_count":0,"_bbp_total_reply_count":0,"_bbp_voice_count":0,"_bbp_anonymous_reply_count":0,"_bbp_topic_count_hidden":0,"_bbp_reply_count_hidden":0,"_bbp_forum_subforum_count":0,"footnotes":""},"categories":[74,7,70,83,1,4,84],"tags":[],"class_list":["post-2393","post","type-post","status-publish","format-standard","has-post-thumbnail","hentry","category-abril","category-ampa","category-curs-2023-24","category-eso","category-general","category-portada","category-tva"],"post_mailing_queue_ids":[],"_links":{"self":[{"href":"https:\/\/agora.xtec.cat\/escolajeronidemoragas\/wp-json\/wp\/v2\/posts\/2393","targetHints":{"allow":["GET"]}}],"collection":[{"href":"https:\/\/agora.xtec.cat\/escolajeronidemoragas\/wp-json\/wp\/v2\/posts"}],"about":[{"href":"https:\/\/agora.xtec.cat\/escolajeronidemoragas\/wp-json\/wp\/v2\/types\/post"}],"author":[{"embeddable":true,"href":"https:\/\/agora.xtec.cat\/escolajeronidemoragas\/wp-json\/wp\/v2\/users\/1"}],"replies":[{"embeddable":true,"href":"https:\/\/agora.xtec.cat\/escolajeronidemoragas\/wp-json\/wp\/v2\/comments?post=2393"}],"version-history":[{"count":2,"href":"https:\/\/agora.xtec.cat\/escolajeronidemoragas\/wp-json\/wp\/v2\/posts\/2393\/revisions"}],"predecessor-version":[{"id":2403,"href":"https:\/\/agora.xtec.cat\/escolajeronidemoragas\/wp-json\/wp\/v2\/posts\/2393\/revisions\/2403"}],"wp:featuredmedia":[{"embeddable":true,"href":"https:\/\/agora.xtec.cat\/escolajeronidemoragas\/wp-json\/wp\/v2\/media\/2402"}],"wp:attachment":[{"href":"https:\/\/agora.xtec.cat\/escolajeronidemoragas\/wp-json\/wp\/v2\/media?parent=2393"}],"wp:term":[{"taxonomy":"category","embeddable":true,"href":"https:\/\/agora.xtec.cat\/escolajeronidemoragas\/wp-json\/wp\/v2\/categories?post=2393"},{"taxonomy":"post_tag","embeddable":true,"href":"https:\/\/agora.xtec.cat\/escolajeronidemoragas\/wp-json\/wp\/v2\/tags?post=2393"}],"curies":[{"name":"wp","href":"https:\/\/api.w.org\/{rel}","templated":true}]}}