{"id":2383,"date":"2024-04-16T20:29:00","date_gmt":"2024-04-16T18:29:00","guid":{"rendered":"https:\/\/agora.xtec.cat\/escolajeronidemoragas\/?p=2383"},"modified":"2024-04-16T20:31:22","modified_gmt":"2024-04-16T18:31:22","slug":"visita-al-mercat-puigmercadal","status":"publish","type":"post","link":"https:\/\/agora.xtec.cat\/escolajeronidemoragas\/general\/visita-al-mercat-puigmercadal\/","title":{"rendered":"VISITA AL MERCAT PUIGMERCADAL"},"content":{"rendered":"<p>Avui al mat\u00ed, un grup d&#8217;alumnes de Transici\u00f3 a la Vida Adulta (<span class=\"hiddenSpellError\">TVA<\/span>), han fet una sortida al <strong>\u00a0<a href=\"https:\/\/blog.puigmercadal.cat\/\">Mercat Puigmercadal <\/a>de Manresa .\u00a0<\/strong> Els han explicat la hist\u00f2ria del mercat, els seus or\u00edgens i l&#8217;evoluci\u00f3 al pas dels anys.<\/p>\n<p>Tamb\u00e9 han gaudit de les parades del mercat, coneixent els comer\u00e7os, productes, comerciants i venedors i compartint converses. Fins i tot els han deixat entrat a les cambres frigor\u00edfiques! Aquesta sortida forma part del treball que fan dins l<strong>&#8216;\u00e0mbit personal i social<\/strong>.<\/p>\n<p>Ha estat una gran experi\u00e8ncia, han gaudit molt de la visita i han apr\u00e8s molta hist\u00f2ria del Mercat Municipal de Manresa.<\/p>\n<p>Us deixem un recull de fotografies d&#8217;aquest dia!<\/p>\n\n\t\t<style type=\"text\/css\">\n\t\t\t#gallery-1 {\n\t\t\t\tmargin: auto;\n\t\t\t}\n\t\t\t#gallery-1 .gallery-item {\n\t\t\t\tfloat: left;\n\t\t\t\tmargin-top: 10px;\n\t\t\t\ttext-align: center;\n\t\t\t\twidth: 33%;\n\t\t\t}\n\t\t\t#gallery-1 img {\n\t\t\t\tborder: 2px solid #cfcfcf;\n\t\t\t}\n\t\t\t#gallery-1 .gallery-caption {\n\t\t\t\tmargin-left: 0;\n\t\t\t}\n\t\t\t\/* see gallery_shortcode() in wp-includes\/media.php *\/\n\t\t<\/style>\n\t\t<div id='gallery-1' class='gallery galleryid-2383 gallery-columns-3 gallery-size-large'><dl class='gallery-item'>\n\t\t\t<dt class='gallery-icon landscape'>\n\t\t\t\t<a href='https:\/\/agora.xtec.cat\/escolajeronidemoragas\/general\/visita-al-mercat-puigmercadal\/attachment\/whatsapp-image-2024-04-16-at-18-42-47\/'><img loading=\"lazy\" decoding=\"async\" width=\"1024\" height=\"768\" src=\"https:\/\/agora.xtec.cat\/escolajeronidemoragas\/wp-content\/uploads\/usu2509\/2024\/04\/WhatsApp-Image-2024-04-16-at-18.42.47-1024x768.jpeg\" class=\"attachment-large size-large\" alt=\"\" srcset=\"https:\/\/agora.xtec.cat\/escolajeronidemoragas\/wp-content\/uploads\/usu2509\/2024\/04\/WhatsApp-Image-2024-04-16-at-18.42.47-1024x768.jpeg 1024w, https:\/\/agora.xtec.cat\/escolajeronidemoragas\/wp-content\/uploads\/usu2509\/2024\/04\/WhatsApp-Image-2024-04-16-at-18.42.47-300x225.jpeg 300w, https:\/\/agora.xtec.cat\/escolajeronidemoragas\/wp-content\/uploads\/usu2509\/2024\/04\/WhatsApp-Image-2024-04-16-at-18.42.47-768x576.jpeg 768w, https:\/\/agora.xtec.cat\/escolajeronidemoragas\/wp-content\/uploads\/usu2509\/2024\/04\/WhatsApp-Image-2024-04-16-at-18.42.47-1536x1152.jpeg 1536w, https:\/\/agora.xtec.cat\/escolajeronidemoragas\/wp-content\/uploads\/usu2509\/2024\/04\/WhatsApp-Image-2024-04-16-at-18.42.47-200x150.jpeg 200w, https:\/\/agora.xtec.cat\/escolajeronidemoragas\/wp-content\/uploads\/usu2509\/2024\/04\/WhatsApp-Image-2024-04-16-at-18.42.47.jpeg 2048w\" sizes=\"auto, (max-width: 1024px) 100vw, 1024px\" \/><\/a>\n\t\t\t<\/dt><\/dl><dl class='gallery-item'>\n\t\t\t<dt class='gallery-icon portrait'>\n\t\t\t\t<a href='https:\/\/agora.xtec.cat\/escolajeronidemoragas\/general\/visita-al-mercat-puigmercadal\/attachment\/whatsapp-image-2024-04-16-at-18-10-10\/'><img loading=\"lazy\" decoding=\"async\" width=\"768\" height=\"1024\" src=\"https:\/\/agora.xtec.cat\/escolajeronidemoragas\/wp-content\/uploads\/usu2509\/2024\/04\/WhatsApp-Image-2024-04-16-at-18.10.10-768x1024.jpeg\" class=\"attachment-large size-large\" alt=\"\" srcset=\"https:\/\/agora.xtec.cat\/escolajeronidemoragas\/wp-content\/uploads\/usu2509\/2024\/04\/WhatsApp-Image-2024-04-16-at-18.10.10-768x1024.jpeg 768w, https:\/\/agora.xtec.cat\/escolajeronidemoragas\/wp-content\/uploads\/usu2509\/2024\/04\/WhatsApp-Image-2024-04-16-at-18.10.10-225x300.jpeg 225w, https:\/\/agora.xtec.cat\/escolajeronidemoragas\/wp-content\/uploads\/usu2509\/2024\/04\/WhatsApp-Image-2024-04-16-at-18.10.10-1152x1536.jpeg 1152w, https:\/\/agora.xtec.cat\/escolajeronidemoragas\/wp-content\/uploads\/usu2509\/2024\/04\/WhatsApp-Image-2024-04-16-at-18.10.10.jpeg 1536w\" sizes=\"auto, (max-width: 768px) 100vw, 768px\" \/><\/a>\n\t\t\t<\/dt><\/dl><dl class='gallery-item'>\n\t\t\t<dt class='gallery-icon landscape'>\n\t\t\t\t<a href='https:\/\/agora.xtec.cat\/escolajeronidemoragas\/general\/visita-al-mercat-puigmercadal\/attachment\/whatsapp-image-2024-04-16-at-17-27-05\/'><img loading=\"lazy\" decoding=\"async\" width=\"1024\" height=\"501\" src=\"https:\/\/agora.xtec.cat\/escolajeronidemoragas\/wp-content\/uploads\/usu2509\/2024\/04\/WhatsApp-Image-2024-04-16-at-17.27.05-1024x501.jpeg\" class=\"attachment-large size-large\" alt=\"\" srcset=\"https:\/\/agora.xtec.cat\/escolajeronidemoragas\/wp-content\/uploads\/usu2509\/2024\/04\/WhatsApp-Image-2024-04-16-at-17.27.05-1024x501.jpeg 1024w, https:\/\/agora.xtec.cat\/escolajeronidemoragas\/wp-content\/uploads\/usu2509\/2024\/04\/WhatsApp-Image-2024-04-16-at-17.27.05-300x147.jpeg 300w, https:\/\/agora.xtec.cat\/escolajeronidemoragas\/wp-content\/uploads\/usu2509\/2024\/04\/WhatsApp-Image-2024-04-16-at-17.27.05-768x376.jpeg 768w, https:\/\/agora.xtec.cat\/escolajeronidemoragas\/wp-content\/uploads\/usu2509\/2024\/04\/WhatsApp-Image-2024-04-16-at-17.27.05-1536x752.jpeg 1536w, https:\/\/agora.xtec.cat\/escolajeronidemoragas\/wp-content\/uploads\/usu2509\/2024\/04\/WhatsApp-Image-2024-04-16-at-17.27.05.jpeg 1600w\" sizes=\"auto, (max-width: 1024px) 100vw, 1024px\" \/><\/a>\n\t\t\t<\/dt><\/dl><br style=\"clear: both\" \/><dl class='gallery-item'>\n\t\t\t<dt class='gallery-icon landscape'>\n\t\t\t\t<a href='https:\/\/agora.xtec.cat\/escolajeronidemoragas\/general\/visita-al-mercat-puigmercadal\/attachment\/whatsapp-image-2024-04-16-at-17-26-04\/'><img loading=\"lazy\" decoding=\"async\" width=\"1024\" height=\"461\" src=\"https:\/\/agora.xtec.cat\/escolajeronidemoragas\/wp-content\/uploads\/usu2509\/2024\/04\/WhatsApp-Image-2024-04-16-at-17.26.04-1024x461.jpeg\" class=\"attachment-large size-large\" alt=\"\" srcset=\"https:\/\/agora.xtec.cat\/escolajeronidemoragas\/wp-content\/uploads\/usu2509\/2024\/04\/WhatsApp-Image-2024-04-16-at-17.26.04-1024x461.jpeg 1024w, https:\/\/agora.xtec.cat\/escolajeronidemoragas\/wp-content\/uploads\/usu2509\/2024\/04\/WhatsApp-Image-2024-04-16-at-17.26.04-300x135.jpeg 300w, https:\/\/agora.xtec.cat\/escolajeronidemoragas\/wp-content\/uploads\/usu2509\/2024\/04\/WhatsApp-Image-2024-04-16-at-17.26.04-768x346.jpeg 768w, https:\/\/agora.xtec.cat\/escolajeronidemoragas\/wp-content\/uploads\/usu2509\/2024\/04\/WhatsApp-Image-2024-04-16-at-17.26.04-1536x691.jpeg 1536w, https:\/\/agora.xtec.cat\/escolajeronidemoragas\/wp-content\/uploads\/usu2509\/2024\/04\/WhatsApp-Image-2024-04-16-at-17.26.04.jpeg 1600w\" sizes=\"auto, (max-width: 1024px) 100vw, 1024px\" \/><\/a>\n\t\t\t<\/dt><\/dl><dl class='gallery-item'>\n\t\t\t<dt class='gallery-icon landscape'>\n\t\t\t\t<a href='https:\/\/agora.xtec.cat\/escolajeronidemoragas\/general\/visita-al-mercat-puigmercadal\/attachment\/whatsapp-image-2024-04-16-at-17-25-55\/'><img loading=\"lazy\" decoding=\"async\" width=\"1024\" height=\"461\" src=\"https:\/\/agora.xtec.cat\/escolajeronidemoragas\/wp-content\/uploads\/usu2509\/2024\/04\/WhatsApp-Image-2024-04-16-at-17.25.55-1024x461.jpeg\" class=\"attachment-large size-large\" alt=\"\" srcset=\"https:\/\/agora.xtec.cat\/escolajeronidemoragas\/wp-content\/uploads\/usu2509\/2024\/04\/WhatsApp-Image-2024-04-16-at-17.25.55-1024x461.jpeg 1024w, https:\/\/agora.xtec.cat\/escolajeronidemoragas\/wp-content\/uploads\/usu2509\/2024\/04\/WhatsApp-Image-2024-04-16-at-17.25.55-300x135.jpeg 300w, https:\/\/agora.xtec.cat\/escolajeronidemoragas\/wp-content\/uploads\/usu2509\/2024\/04\/WhatsApp-Image-2024-04-16-at-17.25.55-768x346.jpeg 768w, https:\/\/agora.xtec.cat\/escolajeronidemoragas\/wp-content\/uploads\/usu2509\/2024\/04\/WhatsApp-Image-2024-04-16-at-17.25.55-1536x691.jpeg 1536w, https:\/\/agora.xtec.cat\/escolajeronidemoragas\/wp-content\/uploads\/usu2509\/2024\/04\/WhatsApp-Image-2024-04-16-at-17.25.55.jpeg 1600w\" sizes=\"auto, (max-width: 1024px) 100vw, 1024px\" \/><\/a>\n\t\t\t<\/dt><\/dl>\n\t\t\t<br style='clear: both' \/>\n\t\t<\/div>\n\n","protected":false},"excerpt":{"rendered":"<p>Avui al mat\u00ed, un grup d&#8217;alumnes de Transici\u00f3 a la Vida Adulta (TVA), han fet una sortida al \u00a0<a href=\"https:\/\/blog.puigmercadal.cat\/\">Mercat Puigmercadal <\/a>de Manresa .\u00a0 Els han explicat la hist\u00f2ria del mercat, els seus or\u00edgens i l&#8217;evoluci\u00f3 al pas dels anys.<br \/>\nTamb\u00e9 han gaudit de les parades&hellip;  <a href=\"https:\/\/agora.xtec.cat\/escolajeronidemoragas\/general\/visita-al-mercat-puigmercadal\/\" title=\"Read VISITA AL MERCAT PUIGMERCADAL\">Llegeix m\u00e9s\u00bb<\/a><\/p>\n","protected":false},"author":1,"featured_media":2384,"comment_status":"open","ping_status":"closed","sticky":false,"template":"","format":"standard","meta":{"_bbp_topic_count":0,"_bbp_reply_count":0,"_bbp_total_topic_count":0,"_bbp_total_reply_count":0,"_bbp_voice_count":0,"_bbp_anonymous_reply_count":0,"_bbp_topic_count_hidden":0,"_bbp_reply_count_hidden":0,"_bbp_forum_subforum_count":0,"footnotes":""},"categories":[74,70,83,1,4,84],"tags":[],"class_list":["post-2383","post","type-post","status-publish","format-standard","has-post-thumbnail","hentry","category-abril","category-curs-2023-24","category-eso","category-general","category-portada","category-tva"],"post_mailing_queue_ids":[],"_links":{"self":[{"href":"https:\/\/agora.xtec.cat\/escolajeronidemoragas\/wp-json\/wp\/v2\/posts\/2383","targetHints":{"allow":["GET"]}}],"collection":[{"href":"https:\/\/agora.xtec.cat\/escolajeronidemoragas\/wp-json\/wp\/v2\/posts"}],"about":[{"href":"https:\/\/agora.xtec.cat\/escolajeronidemoragas\/wp-json\/wp\/v2\/types\/post"}],"author":[{"embeddable":true,"href":"https:\/\/agora.xtec.cat\/escolajeronidemoragas\/wp-json\/wp\/v2\/users\/1"}],"replies":[{"embeddable":true,"href":"https:\/\/agora.xtec.cat\/escolajeronidemoragas\/wp-json\/wp\/v2\/comments?post=2383"}],"version-history":[{"count":4,"href":"https:\/\/agora.xtec.cat\/escolajeronidemoragas\/wp-json\/wp\/v2\/posts\/2383\/revisions"}],"predecessor-version":[{"id":2392,"href":"https:\/\/agora.xtec.cat\/escolajeronidemoragas\/wp-json\/wp\/v2\/posts\/2383\/revisions\/2392"}],"wp:featuredmedia":[{"embeddable":true,"href":"https:\/\/agora.xtec.cat\/escolajeronidemoragas\/wp-json\/wp\/v2\/media\/2384"}],"wp:attachment":[{"href":"https:\/\/agora.xtec.cat\/escolajeronidemoragas\/wp-json\/wp\/v2\/media?parent=2383"}],"wp:term":[{"taxonomy":"category","embeddable":true,"href":"https:\/\/agora.xtec.cat\/escolajeronidemoragas\/wp-json\/wp\/v2\/categories?post=2383"},{"taxonomy":"post_tag","embeddable":true,"href":"https:\/\/agora.xtec.cat\/escolajeronidemoragas\/wp-json\/wp\/v2\/tags?post=2383"}],"curies":[{"name":"wp","href":"https:\/\/api.w.org\/{rel}","templated":true}]}}