{"id":2373,"date":"2024-04-11T21:56:48","date_gmt":"2024-04-11T19:56:48","guid":{"rendered":"https:\/\/agora.xtec.cat\/escolajeronidemoragas\/?p=2373"},"modified":"2024-04-11T22:01:05","modified_gmt":"2024-04-11T20:01:05","slug":"contacontes","status":"publish","type":"post","link":"https:\/\/agora.xtec.cat\/escolajeronidemoragas\/infantil-i-primaria\/contacontes\/","title":{"rendered":"CONTACONTES"},"content":{"rendered":"<p>L&#8217;alumnat de Transici\u00f3 a la Vida Adulta (TVA), cada dijous, du a terme l&#8217;activitat de monitoratge a escoles i llars d&#8217;infants del voltant del centre Jeroni de Moragas. Es preparen contes, els adapten per atendre totes les necessitats, sons, textures,&#8230; els treballen i assagen per poder explicar-los amb tots els detalls.<\/p>\n<p>Aquesta setmana s&#8217;han dirigit a l&#8217;escola Barnola d&#8217;Aviny\u00f3 on han explicat i adaptat el conte &#8220;<strong><em>L&#8217;Esquirol Rapinyaire<\/em><\/strong>&#8220;. Els infants els han ajudat a enganxar les pinyes i les flors que l\u2019esquirol anava trobant pels arbres.<\/p>\n<p>Uns i altres han gaudit d&#8217;aquesta experi\u00e8ncia, compartint hist\u00f2ries, intriga, emocions i molta imaginaci\u00f3.<\/p>\n\n\t\t<style type=\"text\/css\">\n\t\t\t#gallery-1 {\n\t\t\t\tmargin: auto;\n\t\t\t}\n\t\t\t#gallery-1 .gallery-item {\n\t\t\t\tfloat: left;\n\t\t\t\tmargin-top: 10px;\n\t\t\t\ttext-align: center;\n\t\t\t\twidth: 33%;\n\t\t\t}\n\t\t\t#gallery-1 img {\n\t\t\t\tborder: 2px solid #cfcfcf;\n\t\t\t}\n\t\t\t#gallery-1 .gallery-caption {\n\t\t\t\tmargin-left: 0;\n\t\t\t}\n\t\t\t\/* see gallery_shortcode() in wp-includes\/media.php *\/\n\t\t<\/style>\n\t\t<div id='gallery-1' class='gallery galleryid-2373 gallery-columns-3 gallery-size-large'><dl class='gallery-item'>\n\t\t\t<dt class='gallery-icon portrait'>\n\t\t\t\t<a href='https:\/\/agora.xtec.cat\/escolajeronidemoragas\/infantil-i-primaria\/contacontes\/attachment\/whatsapp-image-2024-04-11-at-16-30-57\/'><img loading=\"lazy\" decoding=\"async\" width=\"461\" height=\"1024\" src=\"https:\/\/agora.xtec.cat\/escolajeronidemoragas\/wp-content\/uploads\/usu2509\/2024\/04\/WhatsApp-Image-2024-04-11-at-16.30.57-461x1024.jpeg\" class=\"attachment-large size-large\" alt=\"\" srcset=\"https:\/\/agora.xtec.cat\/escolajeronidemoragas\/wp-content\/uploads\/usu2509\/2024\/04\/WhatsApp-Image-2024-04-11-at-16.30.57-461x1024.jpeg 461w, https:\/\/agora.xtec.cat\/escolajeronidemoragas\/wp-content\/uploads\/usu2509\/2024\/04\/WhatsApp-Image-2024-04-11-at-16.30.57-135x300.jpeg 135w, https:\/\/agora.xtec.cat\/escolajeronidemoragas\/wp-content\/uploads\/usu2509\/2024\/04\/WhatsApp-Image-2024-04-11-at-16.30.57-691x1536.jpeg 691w, https:\/\/agora.xtec.cat\/escolajeronidemoragas\/wp-content\/uploads\/usu2509\/2024\/04\/WhatsApp-Image-2024-04-11-at-16.30.57.jpeg 720w\" sizes=\"auto, (max-width: 461px) 100vw, 461px\" \/><\/a>\n\t\t\t<\/dt><\/dl><dl class='gallery-item'>\n\t\t\t<dt class='gallery-icon portrait'>\n\t\t\t\t<a href='https:\/\/agora.xtec.cat\/escolajeronidemoragas\/infantil-i-primaria\/contacontes\/attachment\/whatsapp-image-2024-04-11-at-16-30-34\/'><img loading=\"lazy\" decoding=\"async\" width=\"461\" height=\"1024\" src=\"https:\/\/agora.xtec.cat\/escolajeronidemoragas\/wp-content\/uploads\/usu2509\/2024\/04\/WhatsApp-Image-2024-04-11-at-16.30.34-461x1024.jpeg\" class=\"attachment-large size-large\" alt=\"\" srcset=\"https:\/\/agora.xtec.cat\/escolajeronidemoragas\/wp-content\/uploads\/usu2509\/2024\/04\/WhatsApp-Image-2024-04-11-at-16.30.34-461x1024.jpeg 461w, https:\/\/agora.xtec.cat\/escolajeronidemoragas\/wp-content\/uploads\/usu2509\/2024\/04\/WhatsApp-Image-2024-04-11-at-16.30.34-135x300.jpeg 135w, https:\/\/agora.xtec.cat\/escolajeronidemoragas\/wp-content\/uploads\/usu2509\/2024\/04\/WhatsApp-Image-2024-04-11-at-16.30.34-691x1536.jpeg 691w, https:\/\/agora.xtec.cat\/escolajeronidemoragas\/wp-content\/uploads\/usu2509\/2024\/04\/WhatsApp-Image-2024-04-11-at-16.30.34.jpeg 720w\" sizes=\"auto, (max-width: 461px) 100vw, 461px\" \/><\/a>\n\t\t\t<\/dt><\/dl><dl class='gallery-item'>\n\t\t\t<dt class='gallery-icon portrait'>\n\t\t\t\t<a href='https:\/\/agora.xtec.cat\/escolajeronidemoragas\/infantil-i-primaria\/contacontes\/attachment\/whatsapp-image-2024-04-11-at-16-29-47\/'><img loading=\"lazy\" decoding=\"async\" width=\"461\" height=\"1024\" src=\"https:\/\/agora.xtec.cat\/escolajeronidemoragas\/wp-content\/uploads\/usu2509\/2024\/04\/WhatsApp-Image-2024-04-11-at-16.29.47-461x1024.jpeg\" class=\"attachment-large size-large\" alt=\"\" srcset=\"https:\/\/agora.xtec.cat\/escolajeronidemoragas\/wp-content\/uploads\/usu2509\/2024\/04\/WhatsApp-Image-2024-04-11-at-16.29.47-461x1024.jpeg 461w, https:\/\/agora.xtec.cat\/escolajeronidemoragas\/wp-content\/uploads\/usu2509\/2024\/04\/WhatsApp-Image-2024-04-11-at-16.29.47-135x300.jpeg 135w, https:\/\/agora.xtec.cat\/escolajeronidemoragas\/wp-content\/uploads\/usu2509\/2024\/04\/WhatsApp-Image-2024-04-11-at-16.29.47-691x1536.jpeg 691w, https:\/\/agora.xtec.cat\/escolajeronidemoragas\/wp-content\/uploads\/usu2509\/2024\/04\/WhatsApp-Image-2024-04-11-at-16.29.47.jpeg 720w\" sizes=\"auto, (max-width: 461px) 100vw, 461px\" \/><\/a>\n\t\t\t<\/dt><\/dl><br style=\"clear: both\" \/><dl class='gallery-item'>\n\t\t\t<dt class='gallery-icon landscape'>\n\t\t\t\t<a href='https:\/\/agora.xtec.cat\/escolajeronidemoragas\/infantil-i-primaria\/contacontes\/attachment\/whatsapp-image-2024-04-11-at-16-29-17\/'><img loading=\"lazy\" decoding=\"async\" width=\"1024\" height=\"461\" src=\"https:\/\/agora.xtec.cat\/escolajeronidemoragas\/wp-content\/uploads\/usu2509\/2024\/04\/WhatsApp-Image-2024-04-11-at-16.29.17-1024x461.jpeg\" class=\"attachment-large size-large\" alt=\"\" srcset=\"https:\/\/agora.xtec.cat\/escolajeronidemoragas\/wp-content\/uploads\/usu2509\/2024\/04\/WhatsApp-Image-2024-04-11-at-16.29.17-1024x461.jpeg 1024w, https:\/\/agora.xtec.cat\/escolajeronidemoragas\/wp-content\/uploads\/usu2509\/2024\/04\/WhatsApp-Image-2024-04-11-at-16.29.17-300x135.jpeg 300w, https:\/\/agora.xtec.cat\/escolajeronidemoragas\/wp-content\/uploads\/usu2509\/2024\/04\/WhatsApp-Image-2024-04-11-at-16.29.17-768x346.jpeg 768w, https:\/\/agora.xtec.cat\/escolajeronidemoragas\/wp-content\/uploads\/usu2509\/2024\/04\/WhatsApp-Image-2024-04-11-at-16.29.17-1536x691.jpeg 1536w, https:\/\/agora.xtec.cat\/escolajeronidemoragas\/wp-content\/uploads\/usu2509\/2024\/04\/WhatsApp-Image-2024-04-11-at-16.29.17.jpeg 1600w\" sizes=\"auto, (max-width: 1024px) 100vw, 1024px\" \/><\/a>\n\t\t\t<\/dt><\/dl><dl class='gallery-item'>\n\t\t\t<dt class='gallery-icon landscape'>\n\t\t\t\t<a href='https:\/\/agora.xtec.cat\/escolajeronidemoragas\/infantil-i-primaria\/contacontes\/attachment\/whatsapp-image-2024-04-11-at-16-32-44\/'><img loading=\"lazy\" decoding=\"async\" width=\"1024\" height=\"461\" src=\"https:\/\/agora.xtec.cat\/escolajeronidemoragas\/wp-content\/uploads\/usu2509\/2024\/04\/WhatsApp-Image-2024-04-11-at-16.32.44-1024x461.jpeg\" class=\"attachment-large size-large\" alt=\"\" srcset=\"https:\/\/agora.xtec.cat\/escolajeronidemoragas\/wp-content\/uploads\/usu2509\/2024\/04\/WhatsApp-Image-2024-04-11-at-16.32.44-1024x461.jpeg 1024w, https:\/\/agora.xtec.cat\/escolajeronidemoragas\/wp-content\/uploads\/usu2509\/2024\/04\/WhatsApp-Image-2024-04-11-at-16.32.44-300x135.jpeg 300w, https:\/\/agora.xtec.cat\/escolajeronidemoragas\/wp-content\/uploads\/usu2509\/2024\/04\/WhatsApp-Image-2024-04-11-at-16.32.44-768x346.jpeg 768w, https:\/\/agora.xtec.cat\/escolajeronidemoragas\/wp-content\/uploads\/usu2509\/2024\/04\/WhatsApp-Image-2024-04-11-at-16.32.44-1536x691.jpeg 1536w, https:\/\/agora.xtec.cat\/escolajeronidemoragas\/wp-content\/uploads\/usu2509\/2024\/04\/WhatsApp-Image-2024-04-11-at-16.32.44.jpeg 1600w\" sizes=\"auto, (max-width: 1024px) 100vw, 1024px\" \/><\/a>\n\t\t\t<\/dt><\/dl><dl class='gallery-item'>\n\t\t\t<dt class='gallery-icon portrait'>\n\t\t\t\t<a href='https:\/\/agora.xtec.cat\/escolajeronidemoragas\/infantil-i-primaria\/contacontes\/attachment\/whatsapp-image-2024-04-11-at-16-33-54\/'><img loading=\"lazy\" decoding=\"async\" width=\"461\" height=\"1024\" src=\"https:\/\/agora.xtec.cat\/escolajeronidemoragas\/wp-content\/uploads\/usu2509\/2024\/04\/WhatsApp-Image-2024-04-11-at-16.33.54-461x1024.jpeg\" class=\"attachment-large size-large\" alt=\"\" srcset=\"https:\/\/agora.xtec.cat\/escolajeronidemoragas\/wp-content\/uploads\/usu2509\/2024\/04\/WhatsApp-Image-2024-04-11-at-16.33.54-461x1024.jpeg 461w, https:\/\/agora.xtec.cat\/escolajeronidemoragas\/wp-content\/uploads\/usu2509\/2024\/04\/WhatsApp-Image-2024-04-11-at-16.33.54-135x300.jpeg 135w, https:\/\/agora.xtec.cat\/escolajeronidemoragas\/wp-content\/uploads\/usu2509\/2024\/04\/WhatsApp-Image-2024-04-11-at-16.33.54-691x1536.jpeg 691w, https:\/\/agora.xtec.cat\/escolajeronidemoragas\/wp-content\/uploads\/usu2509\/2024\/04\/WhatsApp-Image-2024-04-11-at-16.33.54.jpeg 720w\" sizes=\"auto, (max-width: 461px) 100vw, 461px\" \/><\/a>\n\t\t\t<\/dt><\/dl><br style=\"clear: both\" \/>\n\t\t<\/div>\n\n","protected":false},"excerpt":{"rendered":"<p>L&#8217;alumnat de Transici\u00f3 a la Vida Adulta (TVA), cada dijous, du a terme l&#8217;activitat de monitoratge a escoles i llars d&#8217;infants del voltant del centre Jeroni de Moragas. Es preparen contes, els adapten per atendre totes les necessitats, sons, textures,&#8230; els treballen i assagen per&hellip;  <a href=\"https:\/\/agora.xtec.cat\/escolajeronidemoragas\/infantil-i-primaria\/contacontes\/\" title=\"Read CONTACONTES\">Llegeix m\u00e9s\u00bb<\/a><\/p>\n","protected":false},"author":1,"featured_media":2379,"comment_status":"open","ping_status":"closed","sticky":false,"template":"","format":"standard","meta":{"_bbp_topic_count":0,"_bbp_reply_count":0,"_bbp_total_topic_count":0,"_bbp_total_reply_count":0,"_bbp_voice_count":0,"_bbp_anonymous_reply_count":0,"_bbp_topic_count_hidden":0,"_bbp_reply_count_hidden":0,"_bbp_forum_subforum_count":0,"footnotes":""},"categories":[10,11,12,13,14,15,74,7,70,83,2,4,85,84],"tags":[],"class_list":["post-2373","post","type-post","status-publish","format-standard","has-post-thumbnail","hentry","category-1r","category-2n","category-3r","category-4t","category-5e","category-6e","category-abril","category-ampa","category-curs-2023-24","category-eso","category-infantil-i-primaria","category-portada","category-sensorial","category-tva"],"post_mailing_queue_ids":[],"_links":{"self":[{"href":"https:\/\/agora.xtec.cat\/escolajeronidemoragas\/wp-json\/wp\/v2\/posts\/2373","targetHints":{"allow":["GET"]}}],"collection":[{"href":"https:\/\/agora.xtec.cat\/escolajeronidemoragas\/wp-json\/wp\/v2\/posts"}],"about":[{"href":"https:\/\/agora.xtec.cat\/escolajeronidemoragas\/wp-json\/wp\/v2\/types\/post"}],"author":[{"embeddable":true,"href":"https:\/\/agora.xtec.cat\/escolajeronidemoragas\/wp-json\/wp\/v2\/users\/1"}],"replies":[{"embeddable":true,"href":"https:\/\/agora.xtec.cat\/escolajeronidemoragas\/wp-json\/wp\/v2\/comments?post=2373"}],"version-history":[{"count":3,"href":"https:\/\/agora.xtec.cat\/escolajeronidemoragas\/wp-json\/wp\/v2\/posts\/2373\/revisions"}],"predecessor-version":[{"id":2382,"href":"https:\/\/agora.xtec.cat\/escolajeronidemoragas\/wp-json\/wp\/v2\/posts\/2373\/revisions\/2382"}],"wp:featuredmedia":[{"embeddable":true,"href":"https:\/\/agora.xtec.cat\/escolajeronidemoragas\/wp-json\/wp\/v2\/media\/2379"}],"wp:attachment":[{"href":"https:\/\/agora.xtec.cat\/escolajeronidemoragas\/wp-json\/wp\/v2\/media?parent=2373"}],"wp:term":[{"taxonomy":"category","embeddable":true,"href":"https:\/\/agora.xtec.cat\/escolajeronidemoragas\/wp-json\/wp\/v2\/categories?post=2373"},{"taxonomy":"post_tag","embeddable":true,"href":"https:\/\/agora.xtec.cat\/escolajeronidemoragas\/wp-json\/wp\/v2\/tags?post=2373"}],"curies":[{"name":"wp","href":"https:\/\/api.w.org\/{rel}","templated":true}]}}