{"id":2357,"date":"2024-04-11T15:40:16","date_gmt":"2024-04-11T13:40:16","guid":{"rendered":"https:\/\/agora.xtec.cat\/escolajeronidemoragas\/?p=2357"},"modified":"2024-04-11T15:40:47","modified_gmt":"2024-04-11T13:40:47","slug":"premis-drac-2024","status":"publish","type":"post","link":"https:\/\/agora.xtec.cat\/escolajeronidemoragas\/general\/premis-drac-2024\/","title":{"rendered":"PREMIS DRAC 2024"},"content":{"rendered":"<p>Aquest curs 2023-24 s&#8217;ha portat a terme la<strong> Segona Edici\u00f3 dels Premis Drac<\/strong>, fent-los extensius a tots els centres educatius de Santpedor, i enguany est\u00e0 dedicada a les <strong>faules<\/strong>.<\/p>\n<p>Ja es coneixen les obres guanyadores d&#8217;aquesta 2a edici\u00f3 dels Premis Drac. La data prevista era el 5 d&#8217;abril, per\u00f2 el jurat ha necessitat m\u00e9s temps per deliberar a causa de la gran qualitat de les obres presentades.<\/p>\n<p>Les <strong>obres guanyadores<\/strong> d&#8217;aquesta segona edici\u00f3 s\u00f3n:<\/p>\n<ul>\n<li style=\"list-style-type: none;\">\n<ul>\n<li>CICLE INICIAL: El cuc menjat (escrita per Els Futbolistes), de l&#8217;escola Olivar de Castellnou.<\/li>\n<li>CICLE MITJ\u00c0: Els animals del bosc (escrita per Els boscos de la rosa), de l&#8217;escola Olivar de Castellnou.<\/li>\n<li>CICLE SUPERIOR: El desig del Nim (escrita per Els mals literaris), de l&#8217;escola Olivar de Castellnou.<\/li>\n<li>ESO: La hist\u00f2ria de la foca Jennie (escrita per Les foques), de l&#8217;escola Jeroni de Moragas.<\/li>\n<\/ul>\n<\/li>\n<\/ul>\n<p>L<strong>&#8216;entrega de premis<\/strong> es far\u00e0 el pr\u00f2xim <strong>dijous dia 25 d&#8217;abril<\/strong> a la<strong> capella de Sant Andreu,<\/strong> a Santpedor, a les <strong>11\u202fh.<\/strong><\/p>\n<p>Cal agrair i destacar la col\u00b7laboraci\u00f3 de l&#8217;Ajuntament de Santpedor i Abacus, que s\u00f3n els que doten els premis amb 100 euros cada una de les 4 categories que hi ha.<\/p>\n<p>Tamb\u00e9 agrair la col\u00b7laboraci\u00f3 del jurat, compost per:\u00a0Mireia Vall (regidora educaci\u00f3 Ajuntament de Santpedor), Lis Escol\u00e0 (Responsable Abacus Manresa), Pilar Go\u00f1i (Periodista) i Eduard Mata (Comissi\u00f3 Organitzadora).<\/p>\n<p>Esperem que tots els premiats puguin gaudir de l&#8217;acte i l&#8217;entrega de premis i reconeixements.<\/p>\n<p><strong>Enhorabona i les millors felicitacions a tots els participants i premiats. Moltes gr\u00e0cies a tothom per participar!<\/strong><\/p>\n<p><a href=\"https:\/\/agora.xtec.cat\/escolajeronidemoragas\/wp-content\/uploads\/usu2509\/2024\/04\/JERONI.png\"><img loading=\"lazy\" decoding=\"async\" class=\"wp-image-2370 alignleft\" src=\"https:\/\/agora.xtec.cat\/escolajeronidemoragas\/wp-content\/uploads\/usu2509\/2024\/04\/JERONI.png\" alt=\"\" width=\"88\" height=\"88\" srcset=\"https:\/\/agora.xtec.cat\/escolajeronidemoragas\/wp-content\/uploads\/usu2509\/2024\/04\/JERONI.png 421w, https:\/\/agora.xtec.cat\/escolajeronidemoragas\/wp-content\/uploads\/usu2509\/2024\/04\/JERONI-300x300.png 300w, https:\/\/agora.xtec.cat\/escolajeronidemoragas\/wp-content\/uploads\/usu2509\/2024\/04\/JERONI-150x150.png 150w\" sizes=\"auto, (max-width: 88px) 100vw, 88px\" \/><\/a><\/p>\n<p style=\"text-align: right;\"><strong>&#8220;<em>El poder de la imaginaci\u00f3 ens fa infinits<\/em>&#8220;, John Muir<\/strong><\/p>\n<p>&nbsp;<\/p>\n<p>&nbsp;<\/p>\n<p>Us adjuntem les obres premiades, per tal que pogueu gaudir de la imaginaci\u00f3 i creativitat de tots els nens i nenes!<\/p>\n<p><a href=\"https:\/\/agora.xtec.cat\/escolajeronidemoragas\/wp-content\/uploads\/usu2509\/2024\/04\/El-cuc-menjat-Els-futbolistes_CICLE-INICIAL.pdf\">El cuc menjat &#8211; Els futbolistes_CICLE INICIAL<\/a><\/p>\n<p><a href=\"https:\/\/agora.xtec.cat\/escolajeronidemoragas\/wp-content\/uploads\/usu2509\/2024\/04\/El-desig-del-Nim-Els-mals-literaris_CICLE-SUPERIOR.pdf\">El desig del Nim &#8211; Els mals literaris_CICLE SUPERIOR<\/a><\/p>\n<p><a href=\"https:\/\/agora.xtec.cat\/escolajeronidemoragas\/wp-content\/uploads\/usu2509\/2024\/04\/El-gorilla-i-el-tigre-Anguiles-Boges_CICLE-SUPERIOR.pdf\">El goril\u00b7la i el tigre &#8211; Anguiles Boges_CICLE SUPERIOR<\/a><\/p>\n<p><a href=\"https:\/\/agora.xtec.cat\/escolajeronidemoragas\/wp-content\/uploads\/usu2509\/2024\/04\/EL-PANDA-I-EL-COALA-Els-astronautes_CICLE-INICIAL.pdf\">EL PANDA I EL COALA &#8211; Els astronautes_CICLE INICIAL<\/a><\/p>\n<p><a href=\"https:\/\/agora.xtec.cat\/escolajeronidemoragas\/wp-content\/uploads\/usu2509\/2024\/04\/Els-animals-del-bosc-els-boscos-de-la-rosa_CICLE-MITJA.pdf\">Els animals del bosc &#8211; els boscos de la rosa_CICLE MITJ\u00c0<\/a><\/p>\n<p><a href=\"https:\/\/agora.xtec.cat\/escolajeronidemoragas\/wp-content\/uploads\/usu2509\/2024\/04\/HISTORIA-DE-LA-FOCA-JENNIE_SECUNDARIA.pdf\">HIST\u00d2RIA DE LA FOCA JENNIE_SECUND\u00c0RIA<\/a><\/p>\n<p><a href=\"https:\/\/agora.xtec.cat\/escolajeronidemoragas\/wp-content\/uploads\/usu2509\/2024\/04\/LESQUIROL-I-LERICO-Peperoni_CICLE-MITJA.pdf\">L\u2019ESQUIROL I L\u2019ERI\u00c7\u00d3 &#8211; Peperoni_CICLE MITJ\u00c0<\/a><\/p>\n<p><a href=\"https:\/\/agora.xtec.cat\/escolajeronidemoragas\/wp-content\/uploads\/usu2509\/2024\/04\/LA-CORAL-DINSECTES.-PRINCESA-TORTUGA_SECUNDARIA.pdf\">LA CORAL D&#8217;INSECTES. PRINCESA TORTUGA_SECUND\u00c0RIA<\/a><\/p>\n<p><a href=\"https:\/\/agora.xtec.cat\/escolajeronidemoragas\/wp-content\/uploads\/usu2509\/2024\/04\/LA-TORTUGA-LELEFANT-I-LA-LIBEL\u00b7LULA-Els-llibres_CICLE-MITJA.pdf\">LA TORTUGA, L&#8217;ELEFANT I LA LIB\u00c8L\u00b7LULA &#8211; Els llibres_CICLE MITJ\u00c0<\/a><\/p>\n<p><a href=\"https:\/\/agora.xtec.cat\/escolajeronidemoragas\/wp-content\/uploads\/usu2509\/2024\/04\/LARANYA-I-EL-RIU_SECUNDARIA.pdf\">L&#8217;ARANYA I EL RIU_SECUND\u00c0RIA<\/a><\/p>\n<p><a href=\"https:\/\/agora.xtec.cat\/escolajeronidemoragas\/wp-content\/uploads\/usu2509\/2024\/04\/Los-que-es-trobava-sol-Animals_CICLE-SUPERIOR.pdf\">L&#8217;os que es trobava sol &#8211; Animals_CICLE SUPERIOR<\/a><\/p>\n<p><a href=\"https:\/\/agora.xtec.cat\/escolajeronidemoragas\/wp-content\/uploads\/usu2509\/2024\/04\/UN-GAT-SENSE-NOM_SECUNDARIA.pdf\">UN GAT SENSE NOM_SECUND\u00c0RIA<\/a><\/p>\n","protected":false},"excerpt":{"rendered":"<p>Aquest curs 2023-24 s&#8217;ha portat a terme la Segona Edici\u00f3 dels Premis Drac, fent-los extensius a tots els centres educatius de Santpedor, i enguany est\u00e0 dedicada a les faules.<br \/>\nJa es coneixen les obres guanyadores d&#8217;aquesta 2a edici\u00f3 dels Premis Drac. La data prevista era el&hellip;  <a href=\"https:\/\/agora.xtec.cat\/escolajeronidemoragas\/general\/premis-drac-2024\/\" title=\"Read PREMIS DRAC 2024\">Llegeix m\u00e9s\u00bb<\/a><\/p>\n","protected":false},"author":1,"featured_media":2371,"comment_status":"open","ping_status":"closed","sticky":false,"template":"","format":"standard","meta":{"_bbp_topic_count":0,"_bbp_reply_count":0,"_bbp_total_topic_count":0,"_bbp_total_reply_count":0,"_bbp_voice_count":0,"_bbp_anonymous_reply_count":0,"_bbp_topic_count_hidden":0,"_bbp_reply_count_hidden":0,"_bbp_forum_subforum_count":0,"footnotes":""},"categories":[10,11,12,13,14,15,74,70,83,1,2,4,85,84],"tags":[],"class_list":["post-2357","post","type-post","status-publish","format-standard","has-post-thumbnail","hentry","category-1r","category-2n","category-3r","category-4t","category-5e","category-6e","category-abril","category-curs-2023-24","category-eso","category-general","category-infantil-i-primaria","category-portada","category-sensorial","category-tva"],"post_mailing_queue_ids":[],"_links":{"self":[{"href":"https:\/\/agora.xtec.cat\/escolajeronidemoragas\/wp-json\/wp\/v2\/posts\/2357","targetHints":{"allow":["GET"]}}],"collection":[{"href":"https:\/\/agora.xtec.cat\/escolajeronidemoragas\/wp-json\/wp\/v2\/posts"}],"about":[{"href":"https:\/\/agora.xtec.cat\/escolajeronidemoragas\/wp-json\/wp\/v2\/types\/post"}],"author":[{"embeddable":true,"href":"https:\/\/agora.xtec.cat\/escolajeronidemoragas\/wp-json\/wp\/v2\/users\/1"}],"replies":[{"embeddable":true,"href":"https:\/\/agora.xtec.cat\/escolajeronidemoragas\/wp-json\/wp\/v2\/comments?post=2357"}],"version-history":[{"count":1,"href":"https:\/\/agora.xtec.cat\/escolajeronidemoragas\/wp-json\/wp\/v2\/posts\/2357\/revisions"}],"predecessor-version":[{"id":2372,"href":"https:\/\/agora.xtec.cat\/escolajeronidemoragas\/wp-json\/wp\/v2\/posts\/2357\/revisions\/2372"}],"wp:featuredmedia":[{"embeddable":true,"href":"https:\/\/agora.xtec.cat\/escolajeronidemoragas\/wp-json\/wp\/v2\/media\/2371"}],"wp:attachment":[{"href":"https:\/\/agora.xtec.cat\/escolajeronidemoragas\/wp-json\/wp\/v2\/media?parent=2357"}],"wp:term":[{"taxonomy":"category","embeddable":true,"href":"https:\/\/agora.xtec.cat\/escolajeronidemoragas\/wp-json\/wp\/v2\/categories?post=2357"},{"taxonomy":"post_tag","embeddable":true,"href":"https:\/\/agora.xtec.cat\/escolajeronidemoragas\/wp-json\/wp\/v2\/tags?post=2357"}],"curies":[{"name":"wp","href":"https:\/\/api.w.org\/{rel}","templated":true}]}}