{"id":2184,"date":"2024-03-10T13:18:29","date_gmt":"2024-03-10T12:18:29","guid":{"rendered":"https:\/\/agora.xtec.cat\/escolajeronidemoragas\/?p=2184"},"modified":"2024-03-10T13:20:59","modified_gmt":"2024-03-10T12:20:59","slug":"8-marc-seguim-bategant","status":"publish","type":"post","link":"https:\/\/agora.xtec.cat\/escolajeronidemoragas\/general\/8-marc-seguim-bategant\/","title":{"rendered":"8 MAR\u00c7, SEGUIM BATEGANT"},"content":{"rendered":"<p>Aquest 8 de mar\u00e7, amb motiu del dia de la Dona, tota l&#8217;escola s&#8217;ha reunit davant l&#8217;escola per celebrar aquest dia tan especial. La coral d&#8217;alumnes i mestres ha cantat per posar veu a les dones que ja no en tenen, s&#8217;han pogut llegir i sentir paraules boniques d&#8217;alumnes cap a les dones que son importants per ells i elles. Durant la setmana, les aules han treballat algunes de les dones m\u00e9s importants de la hist\u00f2ria, algunes aules han indagat en con\u00e8ixer hist\u00f2ries de fa molts anys, d&#8217;altres han treballat les dones rellevants per ells, etc. Entre totes, al hall de l&#8217;escola, hem creat un mur amb cubs on hi ha representades les dones importants de cada alumne. Aix\u00ed doncs, hem pogut crear un mur ple de dones valuoses, que son llum per alg\u00fa i per qui cal continuar lluitant.Tamb\u00e9 han elaborat un gran cub amb tots els noms de les alumnes i mestres de l&#8217;escola, exposant-lo al centre de l&#8217;acta.<\/p>\n<p>Ha estat un dia molt intens, \u00e9s per aix\u00f2, que us volem recomanar l&#8217;exposici\u00f3 &#8220;Barreres: Trencant cadenes&#8221; com una expressi\u00f3 dels reptes i obstacles que les dones han hagut de superar al llarg de la hist\u00f2ria i com a un acte de resist\u00e8ncia i empoderament.<\/p>\n\n\t\t<style type=\"text\/css\">\n\t\t\t#gallery-1 {\n\t\t\t\tmargin: auto;\n\t\t\t}\n\t\t\t#gallery-1 .gallery-item {\n\t\t\t\tfloat: left;\n\t\t\t\tmargin-top: 10px;\n\t\t\t\ttext-align: center;\n\t\t\t\twidth: 33%;\n\t\t\t}\n\t\t\t#gallery-1 img {\n\t\t\t\tborder: 2px solid #cfcfcf;\n\t\t\t}\n\t\t\t#gallery-1 .gallery-caption {\n\t\t\t\tmargin-left: 0;\n\t\t\t}\n\t\t\t\/* see gallery_shortcode() in wp-includes\/media.php *\/\n\t\t<\/style>\n\t\t<div id='gallery-1' class='gallery galleryid-2184 gallery-columns-3 gallery-size-large'><dl class='gallery-item'>\n\t\t\t<dt class='gallery-icon landscape'>\n\t\t\t\t<a href='https:\/\/agora.xtec.cat\/escolajeronidemoragas\/general\/8-marc-seguim-bategant\/attachment\/whatsapp-image-2024-03-08-at-18-10-26\/'><img loading=\"lazy\" decoding=\"async\" width=\"1024\" height=\"768\" src=\"https:\/\/agora.xtec.cat\/escolajeronidemoragas\/wp-content\/uploads\/usu2509\/2024\/03\/WhatsApp-Image-2024-03-08-at-18.10.26-1024x768.jpeg\" class=\"attachment-large size-large\" alt=\"\" srcset=\"https:\/\/agora.xtec.cat\/escolajeronidemoragas\/wp-content\/uploads\/usu2509\/2024\/03\/WhatsApp-Image-2024-03-08-at-18.10.26-1024x768.jpeg 1024w, https:\/\/agora.xtec.cat\/escolajeronidemoragas\/wp-content\/uploads\/usu2509\/2024\/03\/WhatsApp-Image-2024-03-08-at-18.10.26-300x225.jpeg 300w, https:\/\/agora.xtec.cat\/escolajeronidemoragas\/wp-content\/uploads\/usu2509\/2024\/03\/WhatsApp-Image-2024-03-08-at-18.10.26-768x576.jpeg 768w, https:\/\/agora.xtec.cat\/escolajeronidemoragas\/wp-content\/uploads\/usu2509\/2024\/03\/WhatsApp-Image-2024-03-08-at-18.10.26-1536x1152.jpeg 1536w, https:\/\/agora.xtec.cat\/escolajeronidemoragas\/wp-content\/uploads\/usu2509\/2024\/03\/WhatsApp-Image-2024-03-08-at-18.10.26-200x150.jpeg 200w, https:\/\/agora.xtec.cat\/escolajeronidemoragas\/wp-content\/uploads\/usu2509\/2024\/03\/WhatsApp-Image-2024-03-08-at-18.10.26.jpeg 2048w\" sizes=\"auto, (max-width: 1024px) 100vw, 1024px\" \/><\/a>\n\t\t\t<\/dt><\/dl><dl class='gallery-item'>\n\t\t\t<dt class='gallery-icon portrait'>\n\t\t\t\t<a href='https:\/\/agora.xtec.cat\/escolajeronidemoragas\/general\/8-marc-seguim-bategant\/attachment\/whatsapp-image-2024-03-08-at-18-13-53\/'><img loading=\"lazy\" decoding=\"async\" width=\"768\" height=\"1024\" src=\"https:\/\/agora.xtec.cat\/escolajeronidemoragas\/wp-content\/uploads\/usu2509\/2024\/03\/WhatsApp-Image-2024-03-08-at-18.13.53-768x1024.jpeg\" class=\"attachment-large size-large\" alt=\"\" srcset=\"https:\/\/agora.xtec.cat\/escolajeronidemoragas\/wp-content\/uploads\/usu2509\/2024\/03\/WhatsApp-Image-2024-03-08-at-18.13.53-768x1024.jpeg 768w, https:\/\/agora.xtec.cat\/escolajeronidemoragas\/wp-content\/uploads\/usu2509\/2024\/03\/WhatsApp-Image-2024-03-08-at-18.13.53-225x300.jpeg 225w, https:\/\/agora.xtec.cat\/escolajeronidemoragas\/wp-content\/uploads\/usu2509\/2024\/03\/WhatsApp-Image-2024-03-08-at-18.13.53-1152x1536.jpeg 1152w, https:\/\/agora.xtec.cat\/escolajeronidemoragas\/wp-content\/uploads\/usu2509\/2024\/03\/WhatsApp-Image-2024-03-08-at-18.13.53.jpeg 1536w\" sizes=\"auto, (max-width: 768px) 100vw, 768px\" \/><\/a>\n\t\t\t<\/dt><\/dl><dl class='gallery-item'>\n\t\t\t<dt class='gallery-icon portrait'>\n\t\t\t\t<a href='https:\/\/agora.xtec.cat\/escolajeronidemoragas\/general\/8-marc-seguim-bategant\/attachment\/whatsapp-image-2024-03-08-at-18-13-54-2\/'><img loading=\"lazy\" decoding=\"async\" width=\"768\" height=\"1024\" src=\"https:\/\/agora.xtec.cat\/escolajeronidemoragas\/wp-content\/uploads\/usu2509\/2024\/03\/WhatsApp-Image-2024-03-08-at-18.13.54-2-768x1024.jpeg\" class=\"attachment-large size-large\" alt=\"\" srcset=\"https:\/\/agora.xtec.cat\/escolajeronidemoragas\/wp-content\/uploads\/usu2509\/2024\/03\/WhatsApp-Image-2024-03-08-at-18.13.54-2-768x1024.jpeg 768w, https:\/\/agora.xtec.cat\/escolajeronidemoragas\/wp-content\/uploads\/usu2509\/2024\/03\/WhatsApp-Image-2024-03-08-at-18.13.54-2-225x300.jpeg 225w, https:\/\/agora.xtec.cat\/escolajeronidemoragas\/wp-content\/uploads\/usu2509\/2024\/03\/WhatsApp-Image-2024-03-08-at-18.13.54-2-1152x1536.jpeg 1152w, https:\/\/agora.xtec.cat\/escolajeronidemoragas\/wp-content\/uploads\/usu2509\/2024\/03\/WhatsApp-Image-2024-03-08-at-18.13.54-2.jpeg 1536w\" sizes=\"auto, (max-width: 768px) 100vw, 768px\" \/><\/a>\n\t\t\t<\/dt><\/dl><br style=\"clear: both\" \/><dl class='gallery-item'>\n\t\t\t<dt class='gallery-icon portrait'>\n\t\t\t\t<a href='https:\/\/agora.xtec.cat\/escolajeronidemoragas\/general\/8-marc-seguim-bategant\/attachment\/whatsapp-image-2024-03-08-at-18-13-54\/'><img loading=\"lazy\" decoding=\"async\" width=\"768\" height=\"1024\" src=\"https:\/\/agora.xtec.cat\/escolajeronidemoragas\/wp-content\/uploads\/usu2509\/2024\/03\/WhatsApp-Image-2024-03-08-at-18.13.54-768x1024.jpeg\" class=\"attachment-large size-large\" alt=\"\" srcset=\"https:\/\/agora.xtec.cat\/escolajeronidemoragas\/wp-content\/uploads\/usu2509\/2024\/03\/WhatsApp-Image-2024-03-08-at-18.13.54-768x1024.jpeg 768w, https:\/\/agora.xtec.cat\/escolajeronidemoragas\/wp-content\/uploads\/usu2509\/2024\/03\/WhatsApp-Image-2024-03-08-at-18.13.54-225x300.jpeg 225w, https:\/\/agora.xtec.cat\/escolajeronidemoragas\/wp-content\/uploads\/usu2509\/2024\/03\/WhatsApp-Image-2024-03-08-at-18.13.54-1152x1536.jpeg 1152w, https:\/\/agora.xtec.cat\/escolajeronidemoragas\/wp-content\/uploads\/usu2509\/2024\/03\/WhatsApp-Image-2024-03-08-at-18.13.54.jpeg 1536w\" sizes=\"auto, (max-width: 768px) 100vw, 768px\" \/><\/a>\n\t\t\t<\/dt><\/dl><dl class='gallery-item'>\n\t\t\t<dt class='gallery-icon portrait'>\n\t\t\t\t<a href='https:\/\/agora.xtec.cat\/escolajeronidemoragas\/general\/8-marc-seguim-bategant\/attachment\/whatsapp-image-2024-03-08-at-18-22-09\/'><img loading=\"lazy\" decoding=\"async\" width=\"768\" height=\"1024\" src=\"https:\/\/agora.xtec.cat\/escolajeronidemoragas\/wp-content\/uploads\/usu2509\/2024\/03\/WhatsApp-Image-2024-03-08-at-18.22.09-768x1024.jpeg\" class=\"attachment-large size-large\" alt=\"\" srcset=\"https:\/\/agora.xtec.cat\/escolajeronidemoragas\/wp-content\/uploads\/usu2509\/2024\/03\/WhatsApp-Image-2024-03-08-at-18.22.09-768x1024.jpeg 768w, https:\/\/agora.xtec.cat\/escolajeronidemoragas\/wp-content\/uploads\/usu2509\/2024\/03\/WhatsApp-Image-2024-03-08-at-18.22.09-225x300.jpeg 225w, https:\/\/agora.xtec.cat\/escolajeronidemoragas\/wp-content\/uploads\/usu2509\/2024\/03\/WhatsApp-Image-2024-03-08-at-18.22.09-1152x1536.jpeg 1152w, https:\/\/agora.xtec.cat\/escolajeronidemoragas\/wp-content\/uploads\/usu2509\/2024\/03\/WhatsApp-Image-2024-03-08-at-18.22.09.jpeg 1200w\" sizes=\"auto, (max-width: 768px) 100vw, 768px\" \/><\/a>\n\t\t\t<\/dt><\/dl><dl class='gallery-item'>\n\t\t\t<dt class='gallery-icon portrait'>\n\t\t\t\t<a href='https:\/\/agora.xtec.cat\/escolajeronidemoragas\/general\/8-marc-seguim-bategant\/attachment\/whatsapp-image-2024-03-08-at-18-22-47\/'><img loading=\"lazy\" decoding=\"async\" width=\"577\" height=\"1024\" src=\"https:\/\/agora.xtec.cat\/escolajeronidemoragas\/wp-content\/uploads\/usu2509\/2024\/03\/WhatsApp-Image-2024-03-08-at-18.22.47-577x1024.jpeg\" class=\"attachment-large size-large\" alt=\"\" srcset=\"https:\/\/agora.xtec.cat\/escolajeronidemoragas\/wp-content\/uploads\/usu2509\/2024\/03\/WhatsApp-Image-2024-03-08-at-18.22.47-577x1024.jpeg 577w, https:\/\/agora.xtec.cat\/escolajeronidemoragas\/wp-content\/uploads\/usu2509\/2024\/03\/WhatsApp-Image-2024-03-08-at-18.22.47-169x300.jpeg 169w, https:\/\/agora.xtec.cat\/escolajeronidemoragas\/wp-content\/uploads\/usu2509\/2024\/03\/WhatsApp-Image-2024-03-08-at-18.22.47-768x1364.jpeg 768w, https:\/\/agora.xtec.cat\/escolajeronidemoragas\/wp-content\/uploads\/usu2509\/2024\/03\/WhatsApp-Image-2024-03-08-at-18.22.47-865x1536.jpeg 865w, https:\/\/agora.xtec.cat\/escolajeronidemoragas\/wp-content\/uploads\/usu2509\/2024\/03\/WhatsApp-Image-2024-03-08-at-18.22.47.jpeg 901w\" sizes=\"auto, (max-width: 577px) 100vw, 577px\" \/><\/a>\n\t\t\t<\/dt><\/dl><br style=\"clear: both\" \/><dl class='gallery-item'>\n\t\t\t<dt class='gallery-icon portrait'>\n\t\t\t\t<a href='https:\/\/agora.xtec.cat\/escolajeronidemoragas\/general\/8-marc-seguim-bategant\/attachment\/whatsapp-image-2024-03-08-at-18-22-49-1\/'><img loading=\"lazy\" decoding=\"async\" width=\"577\" height=\"1024\" src=\"https:\/\/agora.xtec.cat\/escolajeronidemoragas\/wp-content\/uploads\/usu2509\/2024\/03\/WhatsApp-Image-2024-03-08-at-18.22.49-1-577x1024.jpeg\" class=\"attachment-large size-large\" alt=\"\" srcset=\"https:\/\/agora.xtec.cat\/escolajeronidemoragas\/wp-content\/uploads\/usu2509\/2024\/03\/WhatsApp-Image-2024-03-08-at-18.22.49-1-577x1024.jpeg 577w, https:\/\/agora.xtec.cat\/escolajeronidemoragas\/wp-content\/uploads\/usu2509\/2024\/03\/WhatsApp-Image-2024-03-08-at-18.22.49-1-169x300.jpeg 169w, https:\/\/agora.xtec.cat\/escolajeronidemoragas\/wp-content\/uploads\/usu2509\/2024\/03\/WhatsApp-Image-2024-03-08-at-18.22.49-1-768x1364.jpeg 768w, https:\/\/agora.xtec.cat\/escolajeronidemoragas\/wp-content\/uploads\/usu2509\/2024\/03\/WhatsApp-Image-2024-03-08-at-18.22.49-1-865x1536.jpeg 865w, https:\/\/agora.xtec.cat\/escolajeronidemoragas\/wp-content\/uploads\/usu2509\/2024\/03\/WhatsApp-Image-2024-03-08-at-18.22.49-1.jpeg 1153w\" sizes=\"auto, (max-width: 577px) 100vw, 577px\" \/><\/a>\n\t\t\t<\/dt><\/dl><dl class='gallery-item'>\n\t\t\t<dt class='gallery-icon portrait'>\n\t\t\t\t<a href='https:\/\/agora.xtec.cat\/escolajeronidemoragas\/general\/8-marc-seguim-bategant\/attachment\/whatsapp-image-2024-03-08-at-19-04-51\/'><img loading=\"lazy\" decoding=\"async\" width=\"576\" height=\"1024\" src=\"https:\/\/agora.xtec.cat\/escolajeronidemoragas\/wp-content\/uploads\/usu2509\/2024\/03\/WhatsApp-Image-2024-03-08-at-19.04.51-576x1024.jpeg\" class=\"attachment-large size-large\" alt=\"\" srcset=\"https:\/\/agora.xtec.cat\/escolajeronidemoragas\/wp-content\/uploads\/usu2509\/2024\/03\/WhatsApp-Image-2024-03-08-at-19.04.51-576x1024.jpeg 576w, https:\/\/agora.xtec.cat\/escolajeronidemoragas\/wp-content\/uploads\/usu2509\/2024\/03\/WhatsApp-Image-2024-03-08-at-19.04.51-169x300.jpeg 169w, https:\/\/agora.xtec.cat\/escolajeronidemoragas\/wp-content\/uploads\/usu2509\/2024\/03\/WhatsApp-Image-2024-03-08-at-19.04.51-768x1365.jpeg 768w, https:\/\/agora.xtec.cat\/escolajeronidemoragas\/wp-content\/uploads\/usu2509\/2024\/03\/WhatsApp-Image-2024-03-08-at-19.04.51-864x1536.jpeg 864w, https:\/\/agora.xtec.cat\/escolajeronidemoragas\/wp-content\/uploads\/usu2509\/2024\/03\/WhatsApp-Image-2024-03-08-at-19.04.51.jpeg 1080w\" sizes=\"auto, (max-width: 576px) 100vw, 576px\" \/><\/a>\n\t\t\t<\/dt><\/dl><dl class='gallery-item'>\n\t\t\t<dt class='gallery-icon landscape'>\n\t\t\t\t<a href='https:\/\/agora.xtec.cat\/escolajeronidemoragas\/general\/8-marc-seguim-bategant\/attachment\/whatsapp-image-2024-03-10-at-13-16-21\/'><img loading=\"lazy\" decoding=\"async\" width=\"1024\" height=\"768\" src=\"https:\/\/agora.xtec.cat\/escolajeronidemoragas\/wp-content\/uploads\/usu2509\/2024\/03\/WhatsApp-Image-2024-03-10-at-13.16.21-1024x768.jpeg\" class=\"attachment-large size-large\" alt=\"\" srcset=\"https:\/\/agora.xtec.cat\/escolajeronidemoragas\/wp-content\/uploads\/usu2509\/2024\/03\/WhatsApp-Image-2024-03-10-at-13.16.21-1024x768.jpeg 1024w, https:\/\/agora.xtec.cat\/escolajeronidemoragas\/wp-content\/uploads\/usu2509\/2024\/03\/WhatsApp-Image-2024-03-10-at-13.16.21-300x225.jpeg 300w, https:\/\/agora.xtec.cat\/escolajeronidemoragas\/wp-content\/uploads\/usu2509\/2024\/03\/WhatsApp-Image-2024-03-10-at-13.16.21-768x576.jpeg 768w, https:\/\/agora.xtec.cat\/escolajeronidemoragas\/wp-content\/uploads\/usu2509\/2024\/03\/WhatsApp-Image-2024-03-10-at-13.16.21-1536x1152.jpeg 1536w, https:\/\/agora.xtec.cat\/escolajeronidemoragas\/wp-content\/uploads\/usu2509\/2024\/03\/WhatsApp-Image-2024-03-10-at-13.16.21-200x150.jpeg 200w, https:\/\/agora.xtec.cat\/escolajeronidemoragas\/wp-content\/uploads\/usu2509\/2024\/03\/WhatsApp-Image-2024-03-10-at-13.16.21.jpeg 2040w\" sizes=\"auto, (max-width: 1024px) 100vw, 1024px\" \/><\/a>\n\t\t\t<\/dt><\/dl><br style=\"clear: both\" \/><dl class='gallery-item'>\n\t\t\t<dt class='gallery-icon landscape'>\n\t\t\t\t<a href='https:\/\/agora.xtec.cat\/escolajeronidemoragas\/general\/8-marc-seguim-bategant\/attachment\/whatsapp-image-2024-03-10-at-13-16-22\/'><img loading=\"lazy\" decoding=\"async\" width=\"1024\" height=\"768\" src=\"https:\/\/agora.xtec.cat\/escolajeronidemoragas\/wp-content\/uploads\/usu2509\/2024\/03\/WhatsApp-Image-2024-03-10-at-13.16.22-1024x768.jpeg\" class=\"attachment-large size-large\" alt=\"\" srcset=\"https:\/\/agora.xtec.cat\/escolajeronidemoragas\/wp-content\/uploads\/usu2509\/2024\/03\/WhatsApp-Image-2024-03-10-at-13.16.22-1024x768.jpeg 1024w, https:\/\/agora.xtec.cat\/escolajeronidemoragas\/wp-content\/uploads\/usu2509\/2024\/03\/WhatsApp-Image-2024-03-10-at-13.16.22-300x225.jpeg 300w, https:\/\/agora.xtec.cat\/escolajeronidemoragas\/wp-content\/uploads\/usu2509\/2024\/03\/WhatsApp-Image-2024-03-10-at-13.16.22-768x576.jpeg 768w, https:\/\/agora.xtec.cat\/escolajeronidemoragas\/wp-content\/uploads\/usu2509\/2024\/03\/WhatsApp-Image-2024-03-10-at-13.16.22-1536x1152.jpeg 1536w, https:\/\/agora.xtec.cat\/escolajeronidemoragas\/wp-content\/uploads\/usu2509\/2024\/03\/WhatsApp-Image-2024-03-10-at-13.16.22-200x150.jpeg 200w, https:\/\/agora.xtec.cat\/escolajeronidemoragas\/wp-content\/uploads\/usu2509\/2024\/03\/WhatsApp-Image-2024-03-10-at-13.16.22.jpeg 2040w\" sizes=\"auto, (max-width: 1024px) 100vw, 1024px\" \/><\/a>\n\t\t\t<\/dt><\/dl>\n\t\t\t<br style='clear: both' \/>\n\t\t<\/div>\n\n","protected":false},"excerpt":{"rendered":"<p>Aquest 8 de mar\u00e7, amb motiu del dia de la Dona, tota l&#8217;escola s&#8217;ha reunit davant l&#8217;escola per celebrar aquest dia tan especial. La coral d&#8217;alumnes i mestres ha cantat per posar veu a les dones que ja no en tenen, s&#8217;han pogut llegir i&hellip;  <a href=\"https:\/\/agora.xtec.cat\/escolajeronidemoragas\/general\/8-marc-seguim-bategant\/\" title=\"Read 8 MAR\u00c7, SEGUIM BATEGANT\">Llegeix m\u00e9s\u00bb<\/a><\/p>\n","protected":false},"author":1,"featured_media":2192,"comment_status":"open","ping_status":"closed","sticky":false,"template":"","format":"standard","meta":{"_bbp_topic_count":0,"_bbp_reply_count":0,"_bbp_total_topic_count":0,"_bbp_total_reply_count":0,"_bbp_voice_count":0,"_bbp_anonymous_reply_count":0,"_bbp_topic_count_hidden":0,"_bbp_reply_count_hidden":0,"_bbp_forum_subforum_count":0,"footnotes":""},"categories":[10,11,12,13,14,15,70,83,1,2,73,4,84],"tags":[],"class_list":["post-2184","post","type-post","status-publish","format-standard","has-post-thumbnail","hentry","category-1r","category-2n","category-3r","category-4t","category-5e","category-6e","category-curs-2023-24","category-eso","category-general","category-infantil-i-primaria","category-marc","category-portada","category-tva"],"post_mailing_queue_ids":[],"_links":{"self":[{"href":"https:\/\/agora.xtec.cat\/escolajeronidemoragas\/wp-json\/wp\/v2\/posts\/2184","targetHints":{"allow":["GET"]}}],"collection":[{"href":"https:\/\/agora.xtec.cat\/escolajeronidemoragas\/wp-json\/wp\/v2\/posts"}],"about":[{"href":"https:\/\/agora.xtec.cat\/escolajeronidemoragas\/wp-json\/wp\/v2\/types\/post"}],"author":[{"embeddable":true,"href":"https:\/\/agora.xtec.cat\/escolajeronidemoragas\/wp-json\/wp\/v2\/users\/1"}],"replies":[{"embeddable":true,"href":"https:\/\/agora.xtec.cat\/escolajeronidemoragas\/wp-json\/wp\/v2\/comments?post=2184"}],"version-history":[{"count":3,"href":"https:\/\/agora.xtec.cat\/escolajeronidemoragas\/wp-json\/wp\/v2\/posts\/2184\/revisions"}],"predecessor-version":[{"id":2198,"href":"https:\/\/agora.xtec.cat\/escolajeronidemoragas\/wp-json\/wp\/v2\/posts\/2184\/revisions\/2198"}],"wp:featuredmedia":[{"embeddable":true,"href":"https:\/\/agora.xtec.cat\/escolajeronidemoragas\/wp-json\/wp\/v2\/media\/2192"}],"wp:attachment":[{"href":"https:\/\/agora.xtec.cat\/escolajeronidemoragas\/wp-json\/wp\/v2\/media?parent=2184"}],"wp:term":[{"taxonomy":"category","embeddable":true,"href":"https:\/\/agora.xtec.cat\/escolajeronidemoragas\/wp-json\/wp\/v2\/categories?post=2184"},{"taxonomy":"post_tag","embeddable":true,"href":"https:\/\/agora.xtec.cat\/escolajeronidemoragas\/wp-json\/wp\/v2\/tags?post=2184"}],"curies":[{"name":"wp","href":"https:\/\/api.w.org\/{rel}","templated":true}]}}