{"id":2027,"date":"2024-01-30T19:35:32","date_gmt":"2024-01-30T18:35:32","guid":{"rendered":"https:\/\/agora.xtec.cat\/escolajeronidemoragas\/?p=2027"},"modified":"2024-01-30T19:37:31","modified_gmt":"2024-01-30T18:37:31","slug":"dia-de-la-pau","status":"publish","type":"post","link":"https:\/\/agora.xtec.cat\/escolajeronidemoragas\/general\/dia-de-la-pau\/","title":{"rendered":"DIA DE LA PAU"},"content":{"rendered":"<p><strong>Avui 30 de gener<\/strong> \u00e9s el<strong> Dia Escolar de la No-Viol\u00e8ncia i la Pau.<\/strong> Se celebra en aquesta data perqu\u00e8 \u00e9s quan va morir Mahatma Gandhi, un important l\u00edder pol\u00edtic que defensava la resist\u00e8ncia pac\u00edfica davant la injust\u00edcia.<\/p>\n<p>Per commemorar aquest dia, l&#8217;alumnat de l&#8217;escola ha preparat un v\u00eddeo amb una can\u00e7\u00f3 ben especial. Veureu que els diferents alumnes col\u00b7loquen estrelles en un cel fosc, per simbolitzar en forma d&#8217;estrella, la llum de l&#8217;esperan\u00e7a i la Pau.<\/p>\n<p>Us deixem l&#8217;enlla\u00e7 del v\u00eddeo: <a href=\"https:\/\/fundampans.sharepoint.com\/:v:\/r\/sites\/ESCOLA\/FOTOS_VIDEOS\/FV_CURS%202023-2024\/DENIP\/DENIP%202024.mp4?csf=1&amp;web=1&amp;e=TtiDpy&amp;nav=eyJyZWZlcnJhbEluZm8iOnsicmVmZXJyYWxBcHAiOiJTdHJlYW1XZWJBcHAiLCJyZWZlcnJhbFZpZXciOiJTaGFyZURpYWxvZy1MaW5rIiwicmVmZXJyYWxBcHBQbGF0Zm9ybSI6IldlYiIsInJlZmVycmFsTW9kZSI6InZpZXcifX0%3D\">DENIP 2024.mp4<\/a><\/p>\n<p>&nbsp;<\/p>\n<p><em>\u201cNo hi ha cam\u00ed per a la pau, la pau \u00e9s el cam\u00ed\u201d &#8211; Mahatma Gandhi.\u00a0<\/em><\/p>\n<p>&nbsp;<\/p>\n","protected":false},"excerpt":{"rendered":"<p>Avui 30 de gener \u00e9s el Dia Escolar de la No-Viol\u00e8ncia i la Pau. Se celebra en aquesta data perqu\u00e8 \u00e9s quan va morir Mahatma Gandhi, un important l\u00edder pol\u00edtic que defensava la resist\u00e8ncia pac\u00edfica davant la injust\u00edcia.<br \/>\nPer commemorar aquest dia, l&#8217;alumnat de l&#8217;escola ha&hellip;  <a href=\"https:\/\/agora.xtec.cat\/escolajeronidemoragas\/general\/dia-de-la-pau\/\" title=\"Read DIA DE LA PAU\">Llegeix m\u00e9s\u00bb<\/a><\/p>\n","protected":false},"author":1,"featured_media":0,"comment_status":"open","ping_status":"closed","sticky":false,"template":"","format":"standard","meta":{"_bbp_topic_count":0,"_bbp_reply_count":0,"_bbp_total_topic_count":0,"_bbp_total_reply_count":0,"_bbp_voice_count":0,"_bbp_anonymous_reply_count":0,"_bbp_topic_count_hidden":0,"_bbp_reply_count_hidden":0,"_bbp_forum_subforum_count":0,"footnotes":""},"categories":[10,11,12,13,14,15,7,1,2,4],"tags":[],"class_list":["post-2027","post","type-post","status-publish","format-standard","hentry","category-1r","category-2n","category-3r","category-4t","category-5e","category-6e","category-ampa","category-general","category-infantil-i-primaria","category-portada"],"post_mailing_queue_ids":[],"_links":{"self":[{"href":"https:\/\/agora.xtec.cat\/escolajeronidemoragas\/wp-json\/wp\/v2\/posts\/2027","targetHints":{"allow":["GET"]}}],"collection":[{"href":"https:\/\/agora.xtec.cat\/escolajeronidemoragas\/wp-json\/wp\/v2\/posts"}],"about":[{"href":"https:\/\/agora.xtec.cat\/escolajeronidemoragas\/wp-json\/wp\/v2\/types\/post"}],"author":[{"embeddable":true,"href":"https:\/\/agora.xtec.cat\/escolajeronidemoragas\/wp-json\/wp\/v2\/users\/1"}],"replies":[{"embeddable":true,"href":"https:\/\/agora.xtec.cat\/escolajeronidemoragas\/wp-json\/wp\/v2\/comments?post=2027"}],"version-history":[{"count":3,"href":"https:\/\/agora.xtec.cat\/escolajeronidemoragas\/wp-json\/wp\/v2\/posts\/2027\/revisions"}],"predecessor-version":[{"id":2030,"href":"https:\/\/agora.xtec.cat\/escolajeronidemoragas\/wp-json\/wp\/v2\/posts\/2027\/revisions\/2030"}],"wp:attachment":[{"href":"https:\/\/agora.xtec.cat\/escolajeronidemoragas\/wp-json\/wp\/v2\/media?parent=2027"}],"wp:term":[{"taxonomy":"category","embeddable":true,"href":"https:\/\/agora.xtec.cat\/escolajeronidemoragas\/wp-json\/wp\/v2\/categories?post=2027"},{"taxonomy":"post_tag","embeddable":true,"href":"https:\/\/agora.xtec.cat\/escolajeronidemoragas\/wp-json\/wp\/v2\/tags?post=2027"}],"curies":[{"name":"wp","href":"https:\/\/api.w.org\/{rel}","templated":true}]}}