{"id":1970,"date":"2023-12-15T16:55:10","date_gmt":"2023-12-15T15:55:10","guid":{"rendered":"https:\/\/agora.xtec.cat\/escolajeronidemoragas\/?p=1970"},"modified":"2023-12-15T16:55:15","modified_gmt":"2023-12-15T15:55:15","slug":"el-diari-den-jeroni","status":"publish","type":"post","link":"https:\/\/agora.xtec.cat\/escolajeronidemoragas\/general\/el-diari-den-jeroni\/","title":{"rendered":"EL DIARI D&#8217;EN JERONI"},"content":{"rendered":"<p>Us presentem el primer n\u00famero de la revista de l&#8217;escola.<\/p>\n<p>La revista ha estat elaborada per l&#8217;alumnat de TVA. En aquest primer n\u00famero hi trobareu un recull de not\u00edcies, activitats, ,entrevistes i altres esdeveniments d&#8217;inter\u00e8s.<\/p>\n<p>Us animem a llegir-la: <a href=\"https:\/\/agora.xtec.cat\/escolajeronidemoragas\/wp-content\/uploads\/usu2509\/2023\/12\/EL-DIARI-DEN-JERONI.pdf\">EL DIARI D&#8217;EN JERONI<\/a><\/p>\n<p>&nbsp;<\/p>\n","protected":false},"excerpt":{"rendered":"<p>Us presentem el primer n\u00famero de la revista de l&#8217;escola.<br \/>\nLa revista ha estat elaborada per l&#8217;alumnat de TVA. En aquest primer n\u00famero hi trobareu un recull de not\u00edcies, activitats, ,entrevistes i altres esdeveniments d&#8217;inter\u00e8s.<br \/>\nUs animem a llegir-la: <a href=\"https:\/\/agora.xtec.cat\/escolajeronidemoragas\/wp-content\/uploads\/usu2509\/2023\/12\/EL-DIARI-DEN-JERONI.pdf\">EL DIARI D&#8217;EN JERONI<\/a><br \/>\n&nbsp;<\/p>\n","protected":false},"author":1,"featured_media":0,"comment_status":"open","ping_status":"closed","sticky":false,"template":"","format":"standard","meta":{"_bbp_topic_count":0,"_bbp_reply_count":0,"_bbp_total_topic_count":0,"_bbp_total_reply_count":0,"_bbp_voice_count":0,"_bbp_anonymous_reply_count":0,"_bbp_topic_count_hidden":0,"_bbp_reply_count_hidden":0,"_bbp_forum_subforum_count":0,"footnotes":""},"categories":[1,4],"tags":[],"class_list":["post-1970","post","type-post","status-publish","format-standard","hentry","category-general","category-portada"],"post_mailing_queue_ids":[],"_links":{"self":[{"href":"https:\/\/agora.xtec.cat\/escolajeronidemoragas\/wp-json\/wp\/v2\/posts\/1970","targetHints":{"allow":["GET"]}}],"collection":[{"href":"https:\/\/agora.xtec.cat\/escolajeronidemoragas\/wp-json\/wp\/v2\/posts"}],"about":[{"href":"https:\/\/agora.xtec.cat\/escolajeronidemoragas\/wp-json\/wp\/v2\/types\/post"}],"author":[{"embeddable":true,"href":"https:\/\/agora.xtec.cat\/escolajeronidemoragas\/wp-json\/wp\/v2\/users\/1"}],"replies":[{"embeddable":true,"href":"https:\/\/agora.xtec.cat\/escolajeronidemoragas\/wp-json\/wp\/v2\/comments?post=1970"}],"version-history":[{"count":1,"href":"https:\/\/agora.xtec.cat\/escolajeronidemoragas\/wp-json\/wp\/v2\/posts\/1970\/revisions"}],"predecessor-version":[{"id":1971,"href":"https:\/\/agora.xtec.cat\/escolajeronidemoragas\/wp-json\/wp\/v2\/posts\/1970\/revisions\/1971"}],"wp:attachment":[{"href":"https:\/\/agora.xtec.cat\/escolajeronidemoragas\/wp-json\/wp\/v2\/media?parent=1970"}],"wp:term":[{"taxonomy":"category","embeddable":true,"href":"https:\/\/agora.xtec.cat\/escolajeronidemoragas\/wp-json\/wp\/v2\/categories?post=1970"},{"taxonomy":"post_tag","embeddable":true,"href":"https:\/\/agora.xtec.cat\/escolajeronidemoragas\/wp-json\/wp\/v2\/tags?post=1970"}],"curies":[{"name":"wp","href":"https:\/\/api.w.org\/{rel}","templated":true}]}}