{"id":1949,"date":"2023-12-13T19:42:59","date_gmt":"2023-12-13T18:42:59","guid":{"rendered":"https:\/\/agora.xtec.cat\/escolajeronidemoragas\/?p=1949"},"modified":"2024-02-14T21:24:31","modified_gmt":"2024-02-14T20:24:31","slug":"anem-a-buscar-el-tio","status":"publish","type":"post","link":"https:\/\/agora.xtec.cat\/escolajeronidemoragas\/general\/anem-a-buscar-el-tio\/","title":{"rendered":"ANEM A BUSCAR EL TI\u00d3!"},"content":{"rendered":"<p><a href=\"https:\/\/agora.xtec.cat\/escolajeronidemoragas\/wp-content\/uploads\/usu2509\/2023\/12\/WhatsApp-Image-2023-12-11-at-13.29.24.jpeg\"><img loading=\"lazy\" decoding=\"async\" class=\"alignleft wp-image-1957\" src=\"https:\/\/agora.xtec.cat\/escolajeronidemoragas\/wp-content\/uploads\/usu2509\/2023\/12\/WhatsApp-Image-2023-12-11-at-13.29.24-1024x768.jpeg\" alt=\"\" width=\"535\" height=\"401\" srcset=\"https:\/\/agora.xtec.cat\/escolajeronidemoragas\/wp-content\/uploads\/usu2509\/2023\/12\/WhatsApp-Image-2023-12-11-at-13.29.24-1024x768.jpeg 1024w, https:\/\/agora.xtec.cat\/escolajeronidemoragas\/wp-content\/uploads\/usu2509\/2023\/12\/WhatsApp-Image-2023-12-11-at-13.29.24-300x225.jpeg 300w, https:\/\/agora.xtec.cat\/escolajeronidemoragas\/wp-content\/uploads\/usu2509\/2023\/12\/WhatsApp-Image-2023-12-11-at-13.29.24-768x576.jpeg 768w, https:\/\/agora.xtec.cat\/escolajeronidemoragas\/wp-content\/uploads\/usu2509\/2023\/12\/WhatsApp-Image-2023-12-11-at-13.29.24-1536x1152.jpeg 1536w, https:\/\/agora.xtec.cat\/escolajeronidemoragas\/wp-content\/uploads\/usu2509\/2023\/12\/WhatsApp-Image-2023-12-11-at-13.29.24-200x150.jpeg 200w, https:\/\/agora.xtec.cat\/escolajeronidemoragas\/wp-content\/uploads\/usu2509\/2023\/12\/WhatsApp-Image-2023-12-11-at-13.29.24.jpeg 1600w\" sizes=\"auto, (max-width: 535px) 100vw, 535px\" \/><\/a><\/p>\n<p>&nbsp;<\/p>\n<p>&nbsp;<\/p>\n<p>&nbsp;<\/p>\n<p>&nbsp;<\/p>\n<p>&nbsp;<\/p>\n<p>&nbsp;<\/p>\n<p>&nbsp;<\/p>\n<p>&nbsp;<\/p>\n<p>&nbsp;<\/p>\n<p>El Nadal est\u00e0 a punt d&#8217;arribar i el protagonista de la nostra tradici\u00f3 encara no ha arribat a l&#8217;escola. Aix\u00ed doncs, aquest dilluns al mat\u00ed algunes aules d&#8217;infantil i prim\u00e0ria han sortit al bosc a buscar el Ti\u00f3! I no us ho creureu, despr\u00e9s de buscar i rebuscar enmig del bosc, entre arbres i esbarzers han trobat el Ti\u00f3!!!<\/p>\n<p>Va ser un dia de molts nervis i moltes emocions!! El Ti\u00f3 descansa a l&#8217;escola, envoltat d&#8217;il\u00b7lusi\u00f3, tendresa, alegria i amor. Ara nom\u00e9s queda cuidar-lo i donar-li menjar per tal que cagui de valent!<\/p>\n<p><a href=\"https:\/\/agora.xtec.cat\/escolajeronidemoragas\/wp-content\/uploads\/usu2509\/2023\/12\/WhatsApp-Image-2023-12-11-at-13.29.31.jpeg\"><img loading=\"lazy\" decoding=\"async\" class=\"alignleft wp-image-1959\" src=\"https:\/\/agora.xtec.cat\/escolajeronidemoragas\/wp-content\/uploads\/usu2509\/2023\/12\/WhatsApp-Image-2023-12-11-at-13.29.31-1024x768.jpeg\" alt=\"\" width=\"502\" height=\"376\" srcset=\"https:\/\/agora.xtec.cat\/escolajeronidemoragas\/wp-content\/uploads\/usu2509\/2023\/12\/WhatsApp-Image-2023-12-11-at-13.29.31-1024x768.jpeg 1024w, https:\/\/agora.xtec.cat\/escolajeronidemoragas\/wp-content\/uploads\/usu2509\/2023\/12\/WhatsApp-Image-2023-12-11-at-13.29.31-300x225.jpeg 300w, https:\/\/agora.xtec.cat\/escolajeronidemoragas\/wp-content\/uploads\/usu2509\/2023\/12\/WhatsApp-Image-2023-12-11-at-13.29.31-768x576.jpeg 768w, https:\/\/agora.xtec.cat\/escolajeronidemoragas\/wp-content\/uploads\/usu2509\/2023\/12\/WhatsApp-Image-2023-12-11-at-13.29.31-1536x1152.jpeg 1536w, https:\/\/agora.xtec.cat\/escolajeronidemoragas\/wp-content\/uploads\/usu2509\/2023\/12\/WhatsApp-Image-2023-12-11-at-13.29.31-200x150.jpeg 200w, https:\/\/agora.xtec.cat\/escolajeronidemoragas\/wp-content\/uploads\/usu2509\/2023\/12\/WhatsApp-Image-2023-12-11-at-13.29.31.jpeg 1600w\" sizes=\"auto, (max-width: 502px) 100vw, 502px\" \/><\/a> <a href=\"https:\/\/agora.xtec.cat\/escolajeronidemoragas\/wp-content\/uploads\/usu2509\/2023\/12\/IMG-20231211-WA0019.jpg\"><img loading=\"lazy\" decoding=\"async\" class=\"alignleft wp-image-1950\" src=\"https:\/\/agora.xtec.cat\/escolajeronidemoragas\/wp-content\/uploads\/usu2509\/2023\/12\/IMG-20231211-WA0019.jpg\" alt=\"\" width=\"282\" height=\"376\" srcset=\"https:\/\/agora.xtec.cat\/escolajeronidemoragas\/wp-content\/uploads\/usu2509\/2023\/12\/IMG-20231211-WA0019.jpg 768w, https:\/\/agora.xtec.cat\/escolajeronidemoragas\/wp-content\/uploads\/usu2509\/2023\/12\/IMG-20231211-WA0019-225x300.jpg 225w\" sizes=\"auto, (max-width: 282px) 100vw, 282px\" \/><\/a><\/p>\n<p>&nbsp;<\/p>\n<p><a href=\"https:\/\/agora.xtec.cat\/escolajeronidemoragas\/wp-content\/uploads\/usu2509\/2023\/12\/IMG-20231211-WA0020.jpg\"><img loading=\"lazy\" decoding=\"async\" class=\"wp-image-1951 alignnone\" src=\"https:\/\/agora.xtec.cat\/escolajeronidemoragas\/wp-content\/uploads\/usu2509\/2023\/12\/IMG-20231211-WA0020.jpg\" alt=\"\" width=\"500\" height=\"667\" srcset=\"https:\/\/agora.xtec.cat\/escolajeronidemoragas\/wp-content\/uploads\/usu2509\/2023\/12\/IMG-20231211-WA0020.jpg 768w, https:\/\/agora.xtec.cat\/escolajeronidemoragas\/wp-content\/uploads\/usu2509\/2023\/12\/IMG-20231211-WA0020-225x300.jpg 225w\" sizes=\"auto, (max-width: 500px) 100vw, 500px\" \/><\/a><\/p>\n<p>&nbsp;<\/p>\n","protected":false},"excerpt":{"rendered":"<p><a href=\"https:\/\/agora.xtec.cat\/escolajeronidemoragas\/wp-content\/uploads\/usu2509\/2023\/12\/WhatsApp-Image-2023-12-11-at-13.29.24.jpeg\"><\/a><br \/>\n&nbsp;<br \/>\n&nbsp;<br \/>\n&nbsp;<br \/>\n&nbsp;<br \/>\n&nbsp;<br \/>\n&nbsp;<br \/>\n&nbsp;<br \/>\n&nbsp;<br \/>\n&nbsp;<br \/>\nEl Nadal est\u00e0 a punt d&#8217;arribar i el protagonista de la nostra tradici\u00f3 encara no ha arribat a l&#8217;escola. Aix\u00ed doncs, aquest dilluns al mat\u00ed algunes aules d&#8217;infantil i prim\u00e0ria han sortit al bosc a buscar el Ti\u00f3! I no us ho creureu, despr\u00e9s&hellip;  <a href=\"https:\/\/agora.xtec.cat\/escolajeronidemoragas\/general\/anem-a-buscar-el-tio\/\" title=\"Read ANEM A BUSCAR EL TI\u00d3!\">Llegeix m\u00e9s\u00bb<\/a><\/p>\n","protected":false},"author":1,"featured_media":1957,"comment_status":"open","ping_status":"closed","sticky":false,"template":"","format":"standard","meta":{"_bbp_topic_count":0,"_bbp_reply_count":0,"_bbp_total_topic_count":0,"_bbp_total_reply_count":0,"_bbp_voice_count":0,"_bbp_anonymous_reply_count":0,"_bbp_topic_count_hidden":0,"_bbp_reply_count_hidden":0,"_bbp_forum_subforum_count":0,"footnotes":""},"categories":[1,2,4],"tags":[],"class_list":["post-1949","post","type-post","status-publish","format-standard","has-post-thumbnail","hentry","category-general","category-infantil-i-primaria","category-portada"],"post_mailing_queue_ids":[],"_links":{"self":[{"href":"https:\/\/agora.xtec.cat\/escolajeronidemoragas\/wp-json\/wp\/v2\/posts\/1949","targetHints":{"allow":["GET"]}}],"collection":[{"href":"https:\/\/agora.xtec.cat\/escolajeronidemoragas\/wp-json\/wp\/v2\/posts"}],"about":[{"href":"https:\/\/agora.xtec.cat\/escolajeronidemoragas\/wp-json\/wp\/v2\/types\/post"}],"author":[{"embeddable":true,"href":"https:\/\/agora.xtec.cat\/escolajeronidemoragas\/wp-json\/wp\/v2\/users\/1"}],"replies":[{"embeddable":true,"href":"https:\/\/agora.xtec.cat\/escolajeronidemoragas\/wp-json\/wp\/v2\/comments?post=1949"}],"version-history":[{"count":4,"href":"https:\/\/agora.xtec.cat\/escolajeronidemoragas\/wp-json\/wp\/v2\/posts\/1949\/revisions"}],"predecessor-version":[{"id":1963,"href":"https:\/\/agora.xtec.cat\/escolajeronidemoragas\/wp-json\/wp\/v2\/posts\/1949\/revisions\/1963"}],"wp:featuredmedia":[{"embeddable":true,"href":"https:\/\/agora.xtec.cat\/escolajeronidemoragas\/wp-json\/wp\/v2\/media\/1957"}],"wp:attachment":[{"href":"https:\/\/agora.xtec.cat\/escolajeronidemoragas\/wp-json\/wp\/v2\/media?parent=1949"}],"wp:term":[{"taxonomy":"category","embeddable":true,"href":"https:\/\/agora.xtec.cat\/escolajeronidemoragas\/wp-json\/wp\/v2\/categories?post=1949"},{"taxonomy":"post_tag","embeddable":true,"href":"https:\/\/agora.xtec.cat\/escolajeronidemoragas\/wp-json\/wp\/v2\/tags?post=1949"}],"curies":[{"name":"wp","href":"https:\/\/api.w.org\/{rel}","templated":true}]}}