{"id":1933,"date":"2023-11-28T10:54:20","date_gmt":"2023-11-28T09:54:20","guid":{"rendered":"https:\/\/agora.xtec.cat\/escolajeronidemoragas\/?p=1933"},"modified":"2024-02-14T21:25:01","modified_gmt":"2024-02-14T20:25:01","slug":"cros-escolar-de-manresa","status":"publish","type":"post","link":"https:\/\/agora.xtec.cat\/escolajeronidemoragas\/general\/cros-escolar-de-manresa\/","title":{"rendered":"CROS ESCOLAR DE MANRESA"},"content":{"rendered":"<p><a href=\"https:\/\/agora.xtec.cat\/escolajeronidemoragas\/wp-content\/uploads\/usu2509\/2023\/11\/IMG_20231126_091653-e1701159833841.jpg\"><img loading=\"lazy\" decoding=\"async\" class=\"alignleft wp-image-1934 \" src=\"https:\/\/agora.xtec.cat\/escolajeronidemoragas\/wp-content\/uploads\/usu2509\/2023\/11\/IMG_20231126_091653-e1701159833841-1024x640.jpg\" alt=\"\" width=\"472\" height=\"295\" srcset=\"https:\/\/agora.xtec.cat\/escolajeronidemoragas\/wp-content\/uploads\/usu2509\/2023\/11\/IMG_20231126_091653-e1701159833841-1024x640.jpg 1024w, https:\/\/agora.xtec.cat\/escolajeronidemoragas\/wp-content\/uploads\/usu2509\/2023\/11\/IMG_20231126_091653-e1701159833841-300x187.jpg 300w, https:\/\/agora.xtec.cat\/escolajeronidemoragas\/wp-content\/uploads\/usu2509\/2023\/11\/IMG_20231126_091653-e1701159833841-768x480.jpg 768w, https:\/\/agora.xtec.cat\/escolajeronidemoragas\/wp-content\/uploads\/usu2509\/2023\/11\/IMG_20231126_091653-e1701159833841-1536x959.jpg 1536w, https:\/\/agora.xtec.cat\/escolajeronidemoragas\/wp-content\/uploads\/usu2509\/2023\/11\/IMG_20231126_091653-e1701159833841.jpg 1550w\" sizes=\"auto, (max-width: 472px) 100vw, 472px\" \/><\/a><\/p>\n<p><a href=\"https:\/\/agora.xtec.cat\/escolajeronidemoragas\/wp-content\/uploads\/usu2509\/2023\/11\/IMG-20231126-WA0023-e1701161607315.jpg\"><img loading=\"lazy\" decoding=\"async\" class=\"alignleft wp-image-1942 \" src=\"https:\/\/agora.xtec.cat\/escolajeronidemoragas\/wp-content\/uploads\/usu2509\/2023\/11\/IMG-20231126-WA0023-e1701161607315-1024x619.jpg\" alt=\"\" width=\"459\" height=\"277\" srcset=\"https:\/\/agora.xtec.cat\/escolajeronidemoragas\/wp-content\/uploads\/usu2509\/2023\/11\/IMG-20231126-WA0023-e1701161607315-1024x619.jpg 1024w, https:\/\/agora.xtec.cat\/escolajeronidemoragas\/wp-content\/uploads\/usu2509\/2023\/11\/IMG-20231126-WA0023-e1701161607315-300x181.jpg 300w, https:\/\/agora.xtec.cat\/escolajeronidemoragas\/wp-content\/uploads\/usu2509\/2023\/11\/IMG-20231126-WA0023-e1701161607315-768x465.jpg 768w, https:\/\/agora.xtec.cat\/escolajeronidemoragas\/wp-content\/uploads\/usu2509\/2023\/11\/IMG-20231126-WA0023-e1701161607315.jpg 1192w\" sizes=\"auto, (max-width: 459px) 100vw, 459px\" \/><\/a><\/p>\n<p>&nbsp;<\/p>\n<p>&nbsp;<\/p>\n<p>&nbsp;<\/p>\n<p>&nbsp;<\/p>\n<p>&nbsp;<\/p>\n<p>&nbsp;<\/p>\n<p>&nbsp;<\/p>\n<p>Aquest diumenge 26 de novembre s&#8217;ha celebrat el <strong>18\u00e8 <\/strong><b><span class=\"markd3n9fk0dd\" data-markjs=\"true\" data-ogac=\"\" data-ogab=\"\" data-ogsc=\"\" data-ogsb=\"\"><strong>C<\/strong>ros<\/span> Escolar de Manresa <\/b>a les instal\u00b7lacions del Congost. Aquest any s&#8217;ha apostat per un cros el m\u00e0xim d&#8217;inclusiu possible, adaptant-se a les necessitats d&#8217;alguns infants i joves, realitzant sortida amb dist\u00e0ncia compensada.\u00a0Esperem i desitgem que hagi estat el primer cros inclusiu de molts!<\/p>\n<p>Els infants i joves de l&#8217;escola que hi van participar van gaudir molt de la jornada esportiva, sentint-se com aut\u00e8ntics atletes! Va ser un \u00e8xit!<\/p>\n<p>Agra\u00efm la participaci\u00f3 de les fam\u00edlies, dels joves i de les entitats que han confiat i apostat per aquesta gran oportunitat!<\/p>\n<p>Us deixem un recull de fotografies, ens retrobem ben aviat!<\/p>\n<p><a href=\"https:\/\/agora.xtec.cat\/escolajeronidemoragas\/wp-content\/uploads\/usu2509\/2023\/11\/IMG_20231126_092858-e1701159868162.jpg\"><img loading=\"lazy\" decoding=\"async\" class=\"alignleft wp-image-1935 \" src=\"https:\/\/agora.xtec.cat\/escolajeronidemoragas\/wp-content\/uploads\/usu2509\/2023\/11\/IMG_20231126_092858-e1701159868162-698x1024.jpg\" alt=\"\" width=\"241\" height=\"353\" srcset=\"https:\/\/agora.xtec.cat\/escolajeronidemoragas\/wp-content\/uploads\/usu2509\/2023\/11\/IMG_20231126_092858-e1701159868162-698x1024.jpg 698w, https:\/\/agora.xtec.cat\/escolajeronidemoragas\/wp-content\/uploads\/usu2509\/2023\/11\/IMG_20231126_092858-e1701159868162-205x300.jpg 205w, https:\/\/agora.xtec.cat\/escolajeronidemoragas\/wp-content\/uploads\/usu2509\/2023\/11\/IMG_20231126_092858-e1701159868162-768x1126.jpg 768w, https:\/\/agora.xtec.cat\/escolajeronidemoragas\/wp-content\/uploads\/usu2509\/2023\/11\/IMG_20231126_092858-e1701159868162-1047x1536.jpg 1047w, https:\/\/agora.xtec.cat\/escolajeronidemoragas\/wp-content\/uploads\/usu2509\/2023\/11\/IMG_20231126_092858-e1701159868162.jpg 1050w\" sizes=\"auto, (max-width: 241px) 100vw, 241px\" \/><\/a> <a href=\"https:\/\/agora.xtec.cat\/escolajeronidemoragas\/wp-content\/uploads\/usu2509\/2023\/11\/IMG_20231126_092907-e1701159932187.jpg\"><img loading=\"lazy\" decoding=\"async\" class=\"alignleft wp-image-1936 \" src=\"https:\/\/agora.xtec.cat\/escolajeronidemoragas\/wp-content\/uploads\/usu2509\/2023\/11\/IMG_20231126_092907-e1701159932187-730x1024.jpg\" alt=\"\" width=\"253\" height=\"354\" srcset=\"https:\/\/agora.xtec.cat\/escolajeronidemoragas\/wp-content\/uploads\/usu2509\/2023\/11\/IMG_20231126_092907-e1701159932187-730x1024.jpg 730w, https:\/\/agora.xtec.cat\/escolajeronidemoragas\/wp-content\/uploads\/usu2509\/2023\/11\/IMG_20231126_092907-e1701159932187-214x300.jpg 214w, https:\/\/agora.xtec.cat\/escolajeronidemoragas\/wp-content\/uploads\/usu2509\/2023\/11\/IMG_20231126_092907-e1701159932187-768x1077.jpg 768w, https:\/\/agora.xtec.cat\/escolajeronidemoragas\/wp-content\/uploads\/usu2509\/2023\/11\/IMG_20231126_092907-e1701159932187.jpg 989w\" sizes=\"auto, (max-width: 253px) 100vw, 253px\" \/><\/a> <a href=\"https:\/\/agora.xtec.cat\/escolajeronidemoragas\/wp-content\/uploads\/usu2509\/2023\/11\/IMG_20231126_092953-e1701159999727.jpg\"><img loading=\"lazy\" decoding=\"async\" class=\"alignleft wp-image-1937 \" src=\"https:\/\/agora.xtec.cat\/escolajeronidemoragas\/wp-content\/uploads\/usu2509\/2023\/11\/IMG_20231126_092953-e1701159999727-652x1024.jpg\" alt=\"\" width=\"226\" height=\"355\" srcset=\"https:\/\/agora.xtec.cat\/escolajeronidemoragas\/wp-content\/uploads\/usu2509\/2023\/11\/IMG_20231126_092953-e1701159999727-652x1024.jpg 652w, https:\/\/agora.xtec.cat\/escolajeronidemoragas\/wp-content\/uploads\/usu2509\/2023\/11\/IMG_20231126_092953-e1701159999727-191x300.jpg 191w, https:\/\/agora.xtec.cat\/escolajeronidemoragas\/wp-content\/uploads\/usu2509\/2023\/11\/IMG_20231126_092953-e1701159999727-768x1206.jpg 768w, https:\/\/agora.xtec.cat\/escolajeronidemoragas\/wp-content\/uploads\/usu2509\/2023\/11\/IMG_20231126_092953-e1701159999727-978x1536.jpg 978w, https:\/\/agora.xtec.cat\/escolajeronidemoragas\/wp-content\/uploads\/usu2509\/2023\/11\/IMG_20231126_092953-e1701159999727.jpg 1081w\" sizes=\"auto, (max-width: 226px) 100vw, 226px\" \/><\/a> <a href=\"https:\/\/agora.xtec.cat\/escolajeronidemoragas\/wp-content\/uploads\/usu2509\/2023\/11\/IMG_20231126_093212-e1701160053364.jpg\"><img loading=\"lazy\" decoding=\"async\" class=\"alignleft wp-image-1938 \" src=\"https:\/\/agora.xtec.cat\/escolajeronidemoragas\/wp-content\/uploads\/usu2509\/2023\/11\/IMG_20231126_093212-e1701160053364-952x1024.jpg\" alt=\"\" width=\"331\" height=\"356\" srcset=\"https:\/\/agora.xtec.cat\/escolajeronidemoragas\/wp-content\/uploads\/usu2509\/2023\/11\/IMG_20231126_093212-e1701160053364-952x1024.jpg 952w, https:\/\/agora.xtec.cat\/escolajeronidemoragas\/wp-content\/uploads\/usu2509\/2023\/11\/IMG_20231126_093212-e1701160053364-279x300.jpg 279w, https:\/\/agora.xtec.cat\/escolajeronidemoragas\/wp-content\/uploads\/usu2509\/2023\/11\/IMG_20231126_093212-e1701160053364-768x826.jpg 768w, https:\/\/agora.xtec.cat\/escolajeronidemoragas\/wp-content\/uploads\/usu2509\/2023\/11\/IMG_20231126_093212-e1701160053364.jpg 1132w\" sizes=\"auto, (max-width: 331px) 100vw, 331px\" \/><\/a> <a href=\"https:\/\/agora.xtec.cat\/escolajeronidemoragas\/wp-content\/uploads\/usu2509\/2023\/11\/IMG_20231126_093342-e1701160096981.jpg\"><img loading=\"lazy\" decoding=\"async\" class=\"alignleft wp-image-1939 \" src=\"https:\/\/agora.xtec.cat\/escolajeronidemoragas\/wp-content\/uploads\/usu2509\/2023\/11\/IMG_20231126_093342-e1701160096981-638x1024.jpg\" alt=\"\" width=\"222\" height=\"356\" srcset=\"https:\/\/agora.xtec.cat\/escolajeronidemoragas\/wp-content\/uploads\/usu2509\/2023\/11\/IMG_20231126_093342-e1701160096981-638x1024.jpg 638w, https:\/\/agora.xtec.cat\/escolajeronidemoragas\/wp-content\/uploads\/usu2509\/2023\/11\/IMG_20231126_093342-e1701160096981-187x300.jpg 187w, https:\/\/agora.xtec.cat\/escolajeronidemoragas\/wp-content\/uploads\/usu2509\/2023\/11\/IMG_20231126_093342-e1701160096981-768x1232.jpg 768w, https:\/\/agora.xtec.cat\/escolajeronidemoragas\/wp-content\/uploads\/usu2509\/2023\/11\/IMG_20231126_093342-e1701160096981-958x1536.jpg 958w, https:\/\/agora.xtec.cat\/escolajeronidemoragas\/wp-content\/uploads\/usu2509\/2023\/11\/IMG_20231126_093342-e1701160096981.jpg 1106w\" sizes=\"auto, (max-width: 222px) 100vw, 222px\" \/><\/a> <a href=\"https:\/\/agora.xtec.cat\/escolajeronidemoragas\/wp-content\/uploads\/usu2509\/2023\/11\/IMG_20231126_093420-e1701160935877.jpg\"><img loading=\"lazy\" decoding=\"async\" class=\"alignleft wp-image-1940 \" src=\"https:\/\/agora.xtec.cat\/escolajeronidemoragas\/wp-content\/uploads\/usu2509\/2023\/11\/IMG_20231126_093420-e1701160935877-795x1024.jpg\" alt=\"\" width=\"273\" height=\"351\" srcset=\"https:\/\/agora.xtec.cat\/escolajeronidemoragas\/wp-content\/uploads\/usu2509\/2023\/11\/IMG_20231126_093420-e1701160935877-795x1024.jpg 795w, https:\/\/agora.xtec.cat\/escolajeronidemoragas\/wp-content\/uploads\/usu2509\/2023\/11\/IMG_20231126_093420-e1701160935877-233x300.jpg 233w, https:\/\/agora.xtec.cat\/escolajeronidemoragas\/wp-content\/uploads\/usu2509\/2023\/11\/IMG_20231126_093420-e1701160935877-768x989.jpg 768w, https:\/\/agora.xtec.cat\/escolajeronidemoragas\/wp-content\/uploads\/usu2509\/2023\/11\/IMG_20231126_093420-e1701160935877-1193x1536.jpg 1193w, https:\/\/agora.xtec.cat\/escolajeronidemoragas\/wp-content\/uploads\/usu2509\/2023\/11\/IMG_20231126_093420-e1701160935877.jpg 1295w\" sizes=\"auto, (max-width: 273px) 100vw, 273px\" \/><\/a><a href=\"https:\/\/agora.xtec.cat\/escolajeronidemoragas\/wp-content\/uploads\/usu2509\/2023\/11\/GORKA-1.png\"><img loading=\"lazy\" decoding=\"async\" class=\"alignleft wp-image-1944\" src=\"https:\/\/agora.xtec.cat\/escolajeronidemoragas\/wp-content\/uploads\/usu2509\/2023\/11\/GORKA-1-1024x930.png\" alt=\"\" width=\"452\" height=\"411\" srcset=\"https:\/\/agora.xtec.cat\/escolajeronidemoragas\/wp-content\/uploads\/usu2509\/2023\/11\/GORKA-1-1024x930.png 1024w, https:\/\/agora.xtec.cat\/escolajeronidemoragas\/wp-content\/uploads\/usu2509\/2023\/11\/GORKA-1-300x273.png 300w, https:\/\/agora.xtec.cat\/escolajeronidemoragas\/wp-content\/uploads\/usu2509\/2023\/11\/GORKA-1-768x698.png 768w, https:\/\/agora.xtec.cat\/escolajeronidemoragas\/wp-content\/uploads\/usu2509\/2023\/11\/GORKA-1.png 1321w\" sizes=\"auto, (max-width: 452px) 100vw, 452px\" \/><\/a><a href=\"https:\/\/agora.xtec.cat\/escolajeronidemoragas\/wp-content\/uploads\/usu2509\/2023\/11\/IMG-20231126-WA0050-e1701161755911.jpg\"><img loading=\"lazy\" decoding=\"async\" class=\"wp-image-1943 alignleft\" src=\"https:\/\/agora.xtec.cat\/escolajeronidemoragas\/wp-content\/uploads\/usu2509\/2023\/11\/IMG-20231126-WA0050-768x1024.jpg\" alt=\"\" width=\"319\" height=\"425\" \/><\/a><\/p>\n<p>&nbsp;<\/p>\n","protected":false},"excerpt":{"rendered":"<p><a href=\"https:\/\/agora.xtec.cat\/escolajeronidemoragas\/wp-content\/uploads\/usu2509\/2023\/11\/IMG_20231126_091653-e1701159833841.jpg\"><\/a><br \/>\n<a href=\"https:\/\/agora.xtec.cat\/escolajeronidemoragas\/wp-content\/uploads\/usu2509\/2023\/11\/IMG-20231126-WA0023-e1701161607315.jpg\"><\/a><br \/>\n&nbsp;<br \/>\n&nbsp;<br \/>\n&nbsp;<br \/>\n&nbsp;<br \/>\n&nbsp;<br \/>\n&nbsp;<br \/>\n&nbsp;<br \/>\nAquest diumenge 26 de novembre s&#8217;ha celebrat el 18\u00e8 Cros Escolar de Manresa a les instal\u00b7lacions del Congost. Aquest any s&#8217;ha apostat per un cros el m\u00e0xim d&#8217;inclusiu possible, adaptant-se a les necessitats d&#8217;alguns infants i joves, realitzant sortida amb dist\u00e0ncia compensada.\u00a0Esperem i&hellip;  <a href=\"https:\/\/agora.xtec.cat\/escolajeronidemoragas\/general\/cros-escolar-de-manresa\/\" title=\"Read CROS ESCOLAR DE MANRESA\">Llegeix m\u00e9s\u00bb<\/a><\/p>\n","protected":false},"author":1,"featured_media":1942,"comment_status":"open","ping_status":"closed","sticky":false,"template":"","format":"standard","meta":{"_bbp_topic_count":0,"_bbp_reply_count":0,"_bbp_total_topic_count":0,"_bbp_total_reply_count":0,"_bbp_voice_count":0,"_bbp_anonymous_reply_count":0,"_bbp_topic_count_hidden":0,"_bbp_reply_count_hidden":0,"_bbp_forum_subforum_count":0,"footnotes":""},"categories":[10,11,12,13,14,15,1,2,4],"tags":[],"class_list":["post-1933","post","type-post","status-publish","format-standard","has-post-thumbnail","hentry","category-1r","category-2n","category-3r","category-4t","category-5e","category-6e","category-general","category-infantil-i-primaria","category-portada"],"post_mailing_queue_ids":[],"_links":{"self":[{"href":"https:\/\/agora.xtec.cat\/escolajeronidemoragas\/wp-json\/wp\/v2\/posts\/1933","targetHints":{"allow":["GET"]}}],"collection":[{"href":"https:\/\/agora.xtec.cat\/escolajeronidemoragas\/wp-json\/wp\/v2\/posts"}],"about":[{"href":"https:\/\/agora.xtec.cat\/escolajeronidemoragas\/wp-json\/wp\/v2\/types\/post"}],"author":[{"embeddable":true,"href":"https:\/\/agora.xtec.cat\/escolajeronidemoragas\/wp-json\/wp\/v2\/users\/1"}],"replies":[{"embeddable":true,"href":"https:\/\/agora.xtec.cat\/escolajeronidemoragas\/wp-json\/wp\/v2\/comments?post=1933"}],"version-history":[{"count":1,"href":"https:\/\/agora.xtec.cat\/escolajeronidemoragas\/wp-json\/wp\/v2\/posts\/1933\/revisions"}],"predecessor-version":[{"id":1945,"href":"https:\/\/agora.xtec.cat\/escolajeronidemoragas\/wp-json\/wp\/v2\/posts\/1933\/revisions\/1945"}],"wp:featuredmedia":[{"embeddable":true,"href":"https:\/\/agora.xtec.cat\/escolajeronidemoragas\/wp-json\/wp\/v2\/media\/1942"}],"wp:attachment":[{"href":"https:\/\/agora.xtec.cat\/escolajeronidemoragas\/wp-json\/wp\/v2\/media?parent=1933"}],"wp:term":[{"taxonomy":"category","embeddable":true,"href":"https:\/\/agora.xtec.cat\/escolajeronidemoragas\/wp-json\/wp\/v2\/categories?post=1933"},{"taxonomy":"post_tag","embeddable":true,"href":"https:\/\/agora.xtec.cat\/escolajeronidemoragas\/wp-json\/wp\/v2\/tags?post=1933"}],"curies":[{"name":"wp","href":"https:\/\/api.w.org\/{rel}","templated":true}]}}