{"id":1910,"date":"2023-11-08T20:59:12","date_gmt":"2023-11-08T19:59:12","guid":{"rendered":"https:\/\/agora.xtec.cat\/escolajeronidemoragas\/?p=1910"},"modified":"2024-02-14T21:25:31","modified_gmt":"2024-02-14T20:25:31","slug":"cami-dels-sentits","status":"publish","type":"post","link":"https:\/\/agora.xtec.cat\/escolajeronidemoragas\/general\/cami-dels-sentits\/","title":{"rendered":"CAM\u00cd DELS SENTITS"},"content":{"rendered":"<p><a href=\"https:\/\/agora.xtec.cat\/escolajeronidemoragas\/wp-content\/uploads\/usu2509\/2023\/11\/WhatsApp-Image-2023-11-06-at-16.22.08-1.jpeg\"><img loading=\"lazy\" decoding=\"async\" class=\"wp-image-1911 alignleft\" src=\"https:\/\/agora.xtec.cat\/escolajeronidemoragas\/wp-content\/uploads\/usu2509\/2023\/11\/WhatsApp-Image-2023-11-06-at-16.22.08-1-768x1024.jpeg\" alt=\"\" width=\"169\" height=\"225\" srcset=\"https:\/\/agora.xtec.cat\/escolajeronidemoragas\/wp-content\/uploads\/usu2509\/2023\/11\/WhatsApp-Image-2023-11-06-at-16.22.08-1-768x1024.jpeg 768w, https:\/\/agora.xtec.cat\/escolajeronidemoragas\/wp-content\/uploads\/usu2509\/2023\/11\/WhatsApp-Image-2023-11-06-at-16.22.08-1-225x300.jpeg 225w, https:\/\/agora.xtec.cat\/escolajeronidemoragas\/wp-content\/uploads\/usu2509\/2023\/11\/WhatsApp-Image-2023-11-06-at-16.22.08-1-1152x1536.jpeg 1152w, https:\/\/agora.xtec.cat\/escolajeronidemoragas\/wp-content\/uploads\/usu2509\/2023\/11\/WhatsApp-Image-2023-11-06-at-16.22.08-1.jpeg 1536w\" sizes=\"auto, (max-width: 169px) 100vw, 169px\" \/><\/a> <a href=\"https:\/\/agora.xtec.cat\/escolajeronidemoragas\/wp-content\/uploads\/usu2509\/2023\/11\/WhatsApp-Image-2023-11-06-at-16.22.08-2-1.jpeg\"><img loading=\"lazy\" decoding=\"async\" class=\"alignleft wp-image-1912\" src=\"https:\/\/agora.xtec.cat\/escolajeronidemoragas\/wp-content\/uploads\/usu2509\/2023\/11\/WhatsApp-Image-2023-11-06-at-16.22.08-2-1-768x1024.jpeg\" alt=\"\" width=\"167\" height=\"222\" srcset=\"https:\/\/agora.xtec.cat\/escolajeronidemoragas\/wp-content\/uploads\/usu2509\/2023\/11\/WhatsApp-Image-2023-11-06-at-16.22.08-2-1-768x1024.jpeg 768w, https:\/\/agora.xtec.cat\/escolajeronidemoragas\/wp-content\/uploads\/usu2509\/2023\/11\/WhatsApp-Image-2023-11-06-at-16.22.08-2-1-225x300.jpeg 225w, https:\/\/agora.xtec.cat\/escolajeronidemoragas\/wp-content\/uploads\/usu2509\/2023\/11\/WhatsApp-Image-2023-11-06-at-16.22.08-2-1-1152x1536.jpeg 1152w, https:\/\/agora.xtec.cat\/escolajeronidemoragas\/wp-content\/uploads\/usu2509\/2023\/11\/WhatsApp-Image-2023-11-06-at-16.22.08-2-1.jpeg 1536w\" sizes=\"auto, (max-width: 167px) 100vw, 167px\" \/><\/a><\/p>\n<p>&nbsp;<\/p>\n<p>&nbsp;<\/p>\n<p>&nbsp;<\/p>\n<p>&nbsp;<\/p>\n<p>&nbsp;<\/p>\n<p>Aquest dilluns, algunes de les aules de prim\u00e0ria han anat de sortida a Vespella, a descobrir el <strong>Cam\u00ed dels Sentits<\/strong>. Un recorregut a l&#8217;aire lliure ple d&#8217;est\u00edmuls que han despertat cadascun dels cinc sentits: el tacte, el gust, l&#8217;olfacte, l&#8217;o\u00efda i la vista. Han passat un mat\u00ed ple de sensacions, gaudint de l&#8217;entorn i jugant!<\/p>\n<p><strong>Una experi\u00e8ncia molt enriquidora!<\/strong><\/p>\n<p><a href=\"https:\/\/agora.xtec.cat\/escolajeronidemoragas\/wp-content\/uploads\/usu2509\/2023\/11\/WhatsApp-Image-2023-11-06-at-16.22.09-1.jpeg\"><img loading=\"lazy\" decoding=\"async\" class=\"alignleft wp-image-1914\" src=\"https:\/\/agora.xtec.cat\/escolajeronidemoragas\/wp-content\/uploads\/usu2509\/2023\/11\/WhatsApp-Image-2023-11-06-at-16.22.09-1-768x1024.jpeg\" alt=\"\" width=\"287\" height=\"383\" srcset=\"https:\/\/agora.xtec.cat\/escolajeronidemoragas\/wp-content\/uploads\/usu2509\/2023\/11\/WhatsApp-Image-2023-11-06-at-16.22.09-1-768x1024.jpeg 768w, https:\/\/agora.xtec.cat\/escolajeronidemoragas\/wp-content\/uploads\/usu2509\/2023\/11\/WhatsApp-Image-2023-11-06-at-16.22.09-1-225x300.jpeg 225w, https:\/\/agora.xtec.cat\/escolajeronidemoragas\/wp-content\/uploads\/usu2509\/2023\/11\/WhatsApp-Image-2023-11-06-at-16.22.09-1-1152x1536.jpeg 1152w, https:\/\/agora.xtec.cat\/escolajeronidemoragas\/wp-content\/uploads\/usu2509\/2023\/11\/WhatsApp-Image-2023-11-06-at-16.22.09-1.jpeg 1536w\" sizes=\"auto, (max-width: 287px) 100vw, 287px\" \/><\/a> <a href=\"https:\/\/agora.xtec.cat\/escolajeronidemoragas\/wp-content\/uploads\/usu2509\/2023\/11\/WhatsApp-Image-2023-11-06-at-16.23.36.jpeg\"><img loading=\"lazy\" decoding=\"async\" class=\"alignleft wp-image-1915\" src=\"https:\/\/agora.xtec.cat\/escolajeronidemoragas\/wp-content\/uploads\/usu2509\/2023\/11\/WhatsApp-Image-2023-11-06-at-16.23.36-768x1024.jpeg\" alt=\"\" width=\"287\" height=\"382\" srcset=\"https:\/\/agora.xtec.cat\/escolajeronidemoragas\/wp-content\/uploads\/usu2509\/2023\/11\/WhatsApp-Image-2023-11-06-at-16.23.36-768x1024.jpeg 768w, https:\/\/agora.xtec.cat\/escolajeronidemoragas\/wp-content\/uploads\/usu2509\/2023\/11\/WhatsApp-Image-2023-11-06-at-16.23.36-225x300.jpeg 225w, https:\/\/agora.xtec.cat\/escolajeronidemoragas\/wp-content\/uploads\/usu2509\/2023\/11\/WhatsApp-Image-2023-11-06-at-16.23.36-1152x1536.jpeg 1152w, https:\/\/agora.xtec.cat\/escolajeronidemoragas\/wp-content\/uploads\/usu2509\/2023\/11\/WhatsApp-Image-2023-11-06-at-16.23.36.jpeg 1536w\" sizes=\"auto, (max-width: 287px) 100vw, 287px\" \/><\/a><\/p>\n<p><a href=\"https:\/\/agora.xtec.cat\/escolajeronidemoragas\/wp-content\/uploads\/usu2509\/2023\/11\/WhatsApp-Image-2023-11-06-at-16.24.06.jpeg\"><img loading=\"lazy\" decoding=\"async\" class=\"wp-image-1918 alignleft\" src=\"https:\/\/agora.xtec.cat\/escolajeronidemoragas\/wp-content\/uploads\/usu2509\/2023\/11\/WhatsApp-Image-2023-11-06-at-16.24.06-768x1024.jpeg\" alt=\"\" width=\"284\" height=\"379\" srcset=\"https:\/\/agora.xtec.cat\/escolajeronidemoragas\/wp-content\/uploads\/usu2509\/2023\/11\/WhatsApp-Image-2023-11-06-at-16.24.06-768x1024.jpeg 768w, https:\/\/agora.xtec.cat\/escolajeronidemoragas\/wp-content\/uploads\/usu2509\/2023\/11\/WhatsApp-Image-2023-11-06-at-16.24.06-225x300.jpeg 225w, https:\/\/agora.xtec.cat\/escolajeronidemoragas\/wp-content\/uploads\/usu2509\/2023\/11\/WhatsApp-Image-2023-11-06-at-16.24.06-1152x1536.jpeg 1152w, https:\/\/agora.xtec.cat\/escolajeronidemoragas\/wp-content\/uploads\/usu2509\/2023\/11\/WhatsApp-Image-2023-11-06-at-16.24.06.jpeg 1536w\" sizes=\"auto, (max-width: 284px) 100vw, 284px\" \/><\/a><\/p>\n<p><a href=\"https:\/\/agora.xtec.cat\/escolajeronidemoragas\/wp-content\/uploads\/usu2509\/2023\/11\/WhatsApp-Image-2023-11-06-at-16.23.57.jpeg\"><img loading=\"lazy\" decoding=\"async\" class=\"wp-image-1916 alignleft\" src=\"https:\/\/agora.xtec.cat\/escolajeronidemoragas\/wp-content\/uploads\/usu2509\/2023\/11\/WhatsApp-Image-2023-11-06-at-16.23.57-1024x768.jpeg\" alt=\"\" width=\"378\" height=\"283\" srcset=\"https:\/\/agora.xtec.cat\/escolajeronidemoragas\/wp-content\/uploads\/usu2509\/2023\/11\/WhatsApp-Image-2023-11-06-at-16.23.57-1024x768.jpeg 1024w, https:\/\/agora.xtec.cat\/escolajeronidemoragas\/wp-content\/uploads\/usu2509\/2023\/11\/WhatsApp-Image-2023-11-06-at-16.23.57-300x225.jpeg 300w, https:\/\/agora.xtec.cat\/escolajeronidemoragas\/wp-content\/uploads\/usu2509\/2023\/11\/WhatsApp-Image-2023-11-06-at-16.23.57-768x576.jpeg 768w, https:\/\/agora.xtec.cat\/escolajeronidemoragas\/wp-content\/uploads\/usu2509\/2023\/11\/WhatsApp-Image-2023-11-06-at-16.23.57-1536x1152.jpeg 1536w, https:\/\/agora.xtec.cat\/escolajeronidemoragas\/wp-content\/uploads\/usu2509\/2023\/11\/WhatsApp-Image-2023-11-06-at-16.23.57-200x150.jpeg 200w, https:\/\/agora.xtec.cat\/escolajeronidemoragas\/wp-content\/uploads\/usu2509\/2023\/11\/WhatsApp-Image-2023-11-06-at-16.23.57.jpeg 2048w\" sizes=\"auto, (max-width: 378px) 100vw, 378px\" \/><\/a><\/p>\n<p>&nbsp;<\/p>\n<p>&nbsp;<\/p>\n<p>&nbsp;<\/p>\n<p>&nbsp;<\/p>\n","protected":false},"excerpt":{"rendered":"<p><a href=\"https:\/\/agora.xtec.cat\/escolajeronidemoragas\/wp-content\/uploads\/usu2509\/2023\/11\/WhatsApp-Image-2023-11-06-at-16.22.08-1.jpeg\"><\/a> <a href=\"https:\/\/agora.xtec.cat\/escolajeronidemoragas\/wp-content\/uploads\/usu2509\/2023\/11\/WhatsApp-Image-2023-11-06-at-16.22.08-2-1.jpeg\"><\/a><br \/>\n&nbsp;<br \/>\n&nbsp;<br \/>\n&nbsp;<br \/>\n&nbsp;<br \/>\n&nbsp;<br \/>\nAquest dilluns, algunes de les aules de prim\u00e0ria han anat de sortida a Vespella, a descobrir el Cam\u00ed dels Sentits. Un recorregut a l&#8217;aire lliure ple d&#8217;est\u00edmuls que han despertat cadascun dels cinc sentits: el tacte, el gust, l&#8217;olfacte, l&#8217;o\u00efda i la&hellip;  <a href=\"https:\/\/agora.xtec.cat\/escolajeronidemoragas\/general\/cami-dels-sentits\/\" title=\"Read CAM\u00cd DELS SENTITS\">Llegeix m\u00e9s\u00bb<\/a><\/p>\n","protected":false},"author":1,"featured_media":1915,"comment_status":"open","ping_status":"closed","sticky":false,"template":"","format":"standard","meta":{"_bbp_topic_count":0,"_bbp_reply_count":0,"_bbp_total_topic_count":0,"_bbp_total_reply_count":0,"_bbp_voice_count":0,"_bbp_anonymous_reply_count":0,"_bbp_topic_count_hidden":0,"_bbp_reply_count_hidden":0,"_bbp_forum_subforum_count":0,"footnotes":""},"categories":[1,2],"tags":[],"class_list":["post-1910","post","type-post","status-publish","format-standard","has-post-thumbnail","hentry","category-general","category-infantil-i-primaria"],"post_mailing_queue_ids":[],"_links":{"self":[{"href":"https:\/\/agora.xtec.cat\/escolajeronidemoragas\/wp-json\/wp\/v2\/posts\/1910","targetHints":{"allow":["GET"]}}],"collection":[{"href":"https:\/\/agora.xtec.cat\/escolajeronidemoragas\/wp-json\/wp\/v2\/posts"}],"about":[{"href":"https:\/\/agora.xtec.cat\/escolajeronidemoragas\/wp-json\/wp\/v2\/types\/post"}],"author":[{"embeddable":true,"href":"https:\/\/agora.xtec.cat\/escolajeronidemoragas\/wp-json\/wp\/v2\/users\/1"}],"replies":[{"embeddable":true,"href":"https:\/\/agora.xtec.cat\/escolajeronidemoragas\/wp-json\/wp\/v2\/comments?post=1910"}],"version-history":[{"count":6,"href":"https:\/\/agora.xtec.cat\/escolajeronidemoragas\/wp-json\/wp\/v2\/posts\/1910\/revisions"}],"predecessor-version":[{"id":1924,"href":"https:\/\/agora.xtec.cat\/escolajeronidemoragas\/wp-json\/wp\/v2\/posts\/1910\/revisions\/1924"}],"wp:featuredmedia":[{"embeddable":true,"href":"https:\/\/agora.xtec.cat\/escolajeronidemoragas\/wp-json\/wp\/v2\/media\/1915"}],"wp:attachment":[{"href":"https:\/\/agora.xtec.cat\/escolajeronidemoragas\/wp-json\/wp\/v2\/media?parent=1910"}],"wp:term":[{"taxonomy":"category","embeddable":true,"href":"https:\/\/agora.xtec.cat\/escolajeronidemoragas\/wp-json\/wp\/v2\/categories?post=1910"},{"taxonomy":"post_tag","embeddable":true,"href":"https:\/\/agora.xtec.cat\/escolajeronidemoragas\/wp-json\/wp\/v2\/tags?post=1910"}],"curies":[{"name":"wp","href":"https:\/\/api.w.org\/{rel}","templated":true}]}}