{"id":1794,"date":"2023-05-26T22:39:55","date_gmt":"2023-05-26T20:39:55","guid":{"rendered":"https:\/\/agora.xtec.cat\/escolajeronidemoragas\/?p=1794"},"modified":"2023-05-27T08:53:29","modified_gmt":"2023-05-27T06:53:29","slug":"entrega-dels-premis-drac","status":"publish","type":"post","link":"https:\/\/agora.xtec.cat\/escolajeronidemoragas\/general\/entrega-dels-premis-drac\/","title":{"rendered":"ENTREGA DELS PREMIS DRAC 2022-23"},"content":{"rendered":"<p><a href=\"https:\/\/agora.xtec.cat\/escolajeronidemoragas\/wp-content\/uploads\/usu2509\/2023\/05\/WhatsApp-Image-2023-05-25-at-11.54.51-1.jpeg\"><img loading=\"lazy\" decoding=\"async\" class=\"wp-image-1796 alignleft\" src=\"https:\/\/agora.xtec.cat\/escolajeronidemoragas\/wp-content\/uploads\/usu2509\/2023\/05\/WhatsApp-Image-2023-05-25-at-11.54.51-1-1024x768.jpeg\" alt=\"\" width=\"466\" height=\"350\" srcset=\"https:\/\/agora.xtec.cat\/escolajeronidemoragas\/wp-content\/uploads\/usu2509\/2023\/05\/WhatsApp-Image-2023-05-25-at-11.54.51-1-1024x768.jpeg 1024w, https:\/\/agora.xtec.cat\/escolajeronidemoragas\/wp-content\/uploads\/usu2509\/2023\/05\/WhatsApp-Image-2023-05-25-at-11.54.51-1-300x225.jpeg 300w, https:\/\/agora.xtec.cat\/escolajeronidemoragas\/wp-content\/uploads\/usu2509\/2023\/05\/WhatsApp-Image-2023-05-25-at-11.54.51-1-768x576.jpeg 768w, https:\/\/agora.xtec.cat\/escolajeronidemoragas\/wp-content\/uploads\/usu2509\/2023\/05\/WhatsApp-Image-2023-05-25-at-11.54.51-1-1536x1152.jpeg 1536w, https:\/\/agora.xtec.cat\/escolajeronidemoragas\/wp-content\/uploads\/usu2509\/2023\/05\/WhatsApp-Image-2023-05-25-at-11.54.51-1-200x150.jpeg 200w, https:\/\/agora.xtec.cat\/escolajeronidemoragas\/wp-content\/uploads\/usu2509\/2023\/05\/WhatsApp-Image-2023-05-25-at-11.54.51-1.jpeg 1600w\" sizes=\"auto, (max-width: 466px) 100vw, 466px\" \/><\/a><\/p>\n<p><a href=\"https:\/\/agora.xtec.cat\/escolajeronidemoragas\/wp-content\/uploads\/usu2509\/2023\/05\/WhatsApp-Image-2023-05-25-at-11.54.51.jpeg\"><img loading=\"lazy\" decoding=\"async\" class=\"wp-image-1797 alignnone\" src=\"https:\/\/agora.xtec.cat\/escolajeronidemoragas\/wp-content\/uploads\/usu2509\/2023\/05\/WhatsApp-Image-2023-05-25-at-11.54.51-1024x768.jpeg\" alt=\"\" width=\"467\" height=\"351\" srcset=\"https:\/\/agora.xtec.cat\/escolajeronidemoragas\/wp-content\/uploads\/usu2509\/2023\/05\/WhatsApp-Image-2023-05-25-at-11.54.51-1024x768.jpeg 1024w, https:\/\/agora.xtec.cat\/escolajeronidemoragas\/wp-content\/uploads\/usu2509\/2023\/05\/WhatsApp-Image-2023-05-25-at-11.54.51-300x225.jpeg 300w, https:\/\/agora.xtec.cat\/escolajeronidemoragas\/wp-content\/uploads\/usu2509\/2023\/05\/WhatsApp-Image-2023-05-25-at-11.54.51-768x576.jpeg 768w, https:\/\/agora.xtec.cat\/escolajeronidemoragas\/wp-content\/uploads\/usu2509\/2023\/05\/WhatsApp-Image-2023-05-25-at-11.54.51-1536x1152.jpeg 1536w, https:\/\/agora.xtec.cat\/escolajeronidemoragas\/wp-content\/uploads\/usu2509\/2023\/05\/WhatsApp-Image-2023-05-25-at-11.54.51-200x150.jpeg 200w, https:\/\/agora.xtec.cat\/escolajeronidemoragas\/wp-content\/uploads\/usu2509\/2023\/05\/WhatsApp-Image-2023-05-25-at-11.54.51.jpeg 1600w\" sizes=\"auto, (max-width: 467px) 100vw, 467px\" \/><\/a><\/p>\n<p style=\"text-align: left;\">Aquest dijous passat 25 de maig, els alumnes premiats de<strong> l&#8217;aula C1 i B7<\/strong>, van ser convidats a <strong>Santpedor<\/strong>, on se&#8217;ls va fer l&#8217;<strong>entrega dels Premis Drac<\/strong>, el certament literari que promou la nostra escola des del 2016 per Sant Jordi. La tem\u00e0tica d&#8217;enguany era el c\u00f2mic i el jurat, format per periodistes, il\u00b7lustradors i membres de la comissi\u00f3 organitzadora, ha escollit les dues propostes guanyadores.<\/p>\n<p>L&#8217;entrega del premi als dos grups guanyadors ha anat a c\u00e0rrec del subdirector de l&#8217;Escola Jeroni de\u00a0<span class=\"hiddenSpellError\">Moragas<\/span>, Eduard Mata, la responsable de la botiga\u00a0<span class=\"hiddenSpellError\">Abacus<\/span>\u00a0de Manresa, Lis Escol\u00e0, i el regidor d&#8217;educaci\u00f3 de l&#8217;Ajuntament de Santpedor, Agust\u00ed\u00a0<span class=\"hiddenSpellError\">Comas<\/span>.<\/p>\n<p>Va ser un acte molt especial i el van viure amb molt d&#8217;entusiasme! Molt\u00edssimes gr\u00e0cies per convidar-nos.<\/p>\n<p><strong><a href=\"https:\/\/agora.xtec.cat\/escolajeronidemoragas\/wp-content\/uploads\/usu2509\/2023\/05\/JERONI.png\"><img loading=\"lazy\" decoding=\"async\" class=\"alignleft wp-image-1804\" src=\"https:\/\/agora.xtec.cat\/escolajeronidemoragas\/wp-content\/uploads\/usu2509\/2023\/05\/JERONI.png\" alt=\"\" width=\"77\" height=\"77\" srcset=\"https:\/\/agora.xtec.cat\/escolajeronidemoragas\/wp-content\/uploads\/usu2509\/2023\/05\/JERONI.png 421w, https:\/\/agora.xtec.cat\/escolajeronidemoragas\/wp-content\/uploads\/usu2509\/2023\/05\/JERONI-300x300.png 300w, https:\/\/agora.xtec.cat\/escolajeronidemoragas\/wp-content\/uploads\/usu2509\/2023\/05\/JERONI-150x150.png 150w\" sizes=\"auto, (max-width: 77px) 100vw, 77px\" \/><\/a>El Jeroni aprofita per felicitar i donar l&#8217;enhorabona a tothom qui va participar d&#8217;aquests Premis Drac, continueu bategant per la literatura!!!<\/strong><\/p>\n<p><a href=\"https:\/\/agora.xtec.cat\/escolajeronidemoragas\/wp-content\/uploads\/usu2509\/2023\/05\/WhatsApp-Image-2023-05-25-at-11.54.52-1.jpeg\"><img loading=\"lazy\" decoding=\"async\" class=\"wp-image-1798 alignleft\" src=\"https:\/\/agora.xtec.cat\/escolajeronidemoragas\/wp-content\/uploads\/usu2509\/2023\/05\/WhatsApp-Image-2023-05-25-at-11.54.52-1-1024x768.jpeg\" alt=\"\" width=\"468\" height=\"351\" srcset=\"https:\/\/agora.xtec.cat\/escolajeronidemoragas\/wp-content\/uploads\/usu2509\/2023\/05\/WhatsApp-Image-2023-05-25-at-11.54.52-1-1024x768.jpeg 1024w, https:\/\/agora.xtec.cat\/escolajeronidemoragas\/wp-content\/uploads\/usu2509\/2023\/05\/WhatsApp-Image-2023-05-25-at-11.54.52-1-300x225.jpeg 300w, https:\/\/agora.xtec.cat\/escolajeronidemoragas\/wp-content\/uploads\/usu2509\/2023\/05\/WhatsApp-Image-2023-05-25-at-11.54.52-1-768x576.jpeg 768w, https:\/\/agora.xtec.cat\/escolajeronidemoragas\/wp-content\/uploads\/usu2509\/2023\/05\/WhatsApp-Image-2023-05-25-at-11.54.52-1-1536x1152.jpeg 1536w, https:\/\/agora.xtec.cat\/escolajeronidemoragas\/wp-content\/uploads\/usu2509\/2023\/05\/WhatsApp-Image-2023-05-25-at-11.54.52-1-200x150.jpeg 200w, https:\/\/agora.xtec.cat\/escolajeronidemoragas\/wp-content\/uploads\/usu2509\/2023\/05\/WhatsApp-Image-2023-05-25-at-11.54.52-1.jpeg 1600w\" sizes=\"auto, (max-width: 468px) 100vw, 468px\" \/><\/a><\/p>\n<p><a href=\"https:\/\/agora.xtec.cat\/escolajeronidemoragas\/wp-content\/uploads\/usu2509\/2023\/05\/WhatsApp-Image-2023-05-25-at-14.08.50-2.jpeg\"><img loading=\"lazy\" decoding=\"async\" class=\"wp-image-1799 alignnone\" src=\"https:\/\/agora.xtec.cat\/escolajeronidemoragas\/wp-content\/uploads\/usu2509\/2023\/05\/WhatsApp-Image-2023-05-25-at-14.08.50-2-1024x768.jpeg\" alt=\"\" width=\"460\" height=\"345\" srcset=\"https:\/\/agora.xtec.cat\/escolajeronidemoragas\/wp-content\/uploads\/usu2509\/2023\/05\/WhatsApp-Image-2023-05-25-at-14.08.50-2-1024x768.jpeg 1024w, https:\/\/agora.xtec.cat\/escolajeronidemoragas\/wp-content\/uploads\/usu2509\/2023\/05\/WhatsApp-Image-2023-05-25-at-14.08.50-2-300x225.jpeg 300w, https:\/\/agora.xtec.cat\/escolajeronidemoragas\/wp-content\/uploads\/usu2509\/2023\/05\/WhatsApp-Image-2023-05-25-at-14.08.50-2-768x576.jpeg 768w, https:\/\/agora.xtec.cat\/escolajeronidemoragas\/wp-content\/uploads\/usu2509\/2023\/05\/WhatsApp-Image-2023-05-25-at-14.08.50-2-1536x1152.jpeg 1536w, https:\/\/agora.xtec.cat\/escolajeronidemoragas\/wp-content\/uploads\/usu2509\/2023\/05\/WhatsApp-Image-2023-05-25-at-14.08.50-2-200x150.jpeg 200w, https:\/\/agora.xtec.cat\/escolajeronidemoragas\/wp-content\/uploads\/usu2509\/2023\/05\/WhatsApp-Image-2023-05-25-at-14.08.50-2.jpeg 2048w\" sizes=\"auto, (max-width: 460px) 100vw, 460px\" \/><\/a><\/p>\n","protected":false},"excerpt":{"rendered":"<p><a href=\"https:\/\/agora.xtec.cat\/escolajeronidemoragas\/wp-content\/uploads\/usu2509\/2023\/05\/WhatsApp-Image-2023-05-25-at-11.54.51-1.jpeg\"><\/a><br \/>\n<a href=\"https:\/\/agora.xtec.cat\/escolajeronidemoragas\/wp-content\/uploads\/usu2509\/2023\/05\/WhatsApp-Image-2023-05-25-at-11.54.51.jpeg\"><\/a><br \/>\nAquest dijous passat 25 de maig, els alumnes premiats de l&#8217;aula C1 i B7, van ser convidats a Santpedor, on se&#8217;ls va fer l&#8217;entrega dels Premis Drac, el certament literari que promou la nostra escola des del 2016 per Sant Jordi. La tem\u00e0tica&hellip;  <a href=\"https:\/\/agora.xtec.cat\/escolajeronidemoragas\/general\/entrega-dels-premis-drac\/\" title=\"Read ENTREGA DELS PREMIS DRAC 2022-23\">Llegeix m\u00e9s\u00bb<\/a><\/p>\n","protected":false},"author":1,"featured_media":0,"comment_status":"open","ping_status":"closed","sticky":false,"template":"","format":"standard","meta":{"_bbp_topic_count":0,"_bbp_reply_count":0,"_bbp_total_topic_count":0,"_bbp_total_reply_count":0,"_bbp_voice_count":0,"_bbp_anonymous_reply_count":0,"_bbp_topic_count_hidden":0,"_bbp_reply_count_hidden":0,"_bbp_forum_subforum_count":0,"footnotes":""},"categories":[1,4],"tags":[],"class_list":["post-1794","post","type-post","status-publish","format-standard","hentry","category-general","category-portada"],"post_mailing_queue_ids":[],"_links":{"self":[{"href":"https:\/\/agora.xtec.cat\/escolajeronidemoragas\/wp-json\/wp\/v2\/posts\/1794","targetHints":{"allow":["GET"]}}],"collection":[{"href":"https:\/\/agora.xtec.cat\/escolajeronidemoragas\/wp-json\/wp\/v2\/posts"}],"about":[{"href":"https:\/\/agora.xtec.cat\/escolajeronidemoragas\/wp-json\/wp\/v2\/types\/post"}],"author":[{"embeddable":true,"href":"https:\/\/agora.xtec.cat\/escolajeronidemoragas\/wp-json\/wp\/v2\/users\/1"}],"replies":[{"embeddable":true,"href":"https:\/\/agora.xtec.cat\/escolajeronidemoragas\/wp-json\/wp\/v2\/comments?post=1794"}],"version-history":[{"count":3,"href":"https:\/\/agora.xtec.cat\/escolajeronidemoragas\/wp-json\/wp\/v2\/posts\/1794\/revisions"}],"predecessor-version":[{"id":1807,"href":"https:\/\/agora.xtec.cat\/escolajeronidemoragas\/wp-json\/wp\/v2\/posts\/1794\/revisions\/1807"}],"wp:attachment":[{"href":"https:\/\/agora.xtec.cat\/escolajeronidemoragas\/wp-json\/wp\/v2\/media?parent=1794"}],"wp:term":[{"taxonomy":"category","embeddable":true,"href":"https:\/\/agora.xtec.cat\/escolajeronidemoragas\/wp-json\/wp\/v2\/categories?post=1794"},{"taxonomy":"post_tag","embeddable":true,"href":"https:\/\/agora.xtec.cat\/escolajeronidemoragas\/wp-json\/wp\/v2\/tags?post=1794"}],"curies":[{"name":"wp","href":"https:\/\/api.w.org\/{rel}","templated":true}]}}