{"id":1757,"date":"2023-05-16T16:27:23","date_gmt":"2023-05-16T14:27:23","guid":{"rendered":"https:\/\/agora.xtec.cat\/escolajeronidemoragas\/?p=1757"},"modified":"2023-05-16T16:27:23","modified_gmt":"2023-05-16T14:27:23","slug":"jornada-de-portes-obertes","status":"publish","type":"post","link":"https:\/\/agora.xtec.cat\/escolajeronidemoragas\/general\/jornada-de-portes-obertes\/","title":{"rendered":"JORNADA DE PORTES OBERTES"},"content":{"rendered":"<p><a href=\"https:\/\/agora.xtec.cat\/escolajeronidemoragas\/wp-content\/uploads\/usu2509\/2023\/05\/inflable.jpg\"><img loading=\"lazy\" decoding=\"async\" class=\" wp-image-1758 alignleft\" src=\"https:\/\/agora.xtec.cat\/escolajeronidemoragas\/wp-content\/uploads\/usu2509\/2023\/05\/inflable-768x1024.jpg\" alt=\"\" width=\"230\" height=\"306\" srcset=\"https:\/\/agora.xtec.cat\/escolajeronidemoragas\/wp-content\/uploads\/usu2509\/2023\/05\/inflable-768x1024.jpg 768w, https:\/\/agora.xtec.cat\/escolajeronidemoragas\/wp-content\/uploads\/usu2509\/2023\/05\/inflable-225x300.jpg 225w, https:\/\/agora.xtec.cat\/escolajeronidemoragas\/wp-content\/uploads\/usu2509\/2023\/05\/inflable.jpg 960w\" sizes=\"auto, (max-width: 230px) 100vw, 230px\" \/><\/a> <a href=\"https:\/\/agora.xtec.cat\/escolajeronidemoragas\/wp-content\/uploads\/usu2509\/2023\/05\/Portes-obertes-coral.jpg\"><img loading=\"lazy\" decoding=\"async\" class=\" wp-image-1759 alignleft\" src=\"https:\/\/agora.xtec.cat\/escolajeronidemoragas\/wp-content\/uploads\/usu2509\/2023\/05\/Portes-obertes-coral-1024x768.jpg\" alt=\"\" width=\"412\" height=\"309\" srcset=\"https:\/\/agora.xtec.cat\/escolajeronidemoragas\/wp-content\/uploads\/usu2509\/2023\/05\/Portes-obertes-coral-1024x768.jpg 1024w, https:\/\/agora.xtec.cat\/escolajeronidemoragas\/wp-content\/uploads\/usu2509\/2023\/05\/Portes-obertes-coral-300x225.jpg 300w, https:\/\/agora.xtec.cat\/escolajeronidemoragas\/wp-content\/uploads\/usu2509\/2023\/05\/Portes-obertes-coral-768x576.jpg 768w, https:\/\/agora.xtec.cat\/escolajeronidemoragas\/wp-content\/uploads\/usu2509\/2023\/05\/Portes-obertes-coral-1536x1152.jpg 1536w, https:\/\/agora.xtec.cat\/escolajeronidemoragas\/wp-content\/uploads\/usu2509\/2023\/05\/Portes-obertes-coral-200x150.jpg 200w, https:\/\/agora.xtec.cat\/escolajeronidemoragas\/wp-content\/uploads\/usu2509\/2023\/05\/Portes-obertes-coral.jpg 1600w\" sizes=\"auto, (max-width: 412px) 100vw, 412px\" \/><\/a><\/p>\n<p>&nbsp;<\/p>\n<p>&nbsp;<\/p>\n<p>&nbsp;<\/p>\n<p>&nbsp;<\/p>\n<p>&nbsp;<\/p>\n<p>&nbsp;<\/p>\n<p>&nbsp;<\/p>\n<p>El passat dissabte 13 de maig es van celebrar la jornada de portes obertes de l&#8217;escola. Des de bon mat\u00ed es van oferir\u00a0tota mena\u00a0d&#8217;activitats als assistents. Aquest curs escolar s&#8217;ha creat l&#8217;associaci\u00f3 de fam\u00edlies col\u00b7laboradores de l&#8217;escola, que han treballat conjuntament amb l&#8217;equip de professionals del centre per tal de recuperar les jornades pr\u00e8vies a la pand\u00e8mia. Durant tot el mat\u00ed, es van oferir diferents tallers i activitats a fam\u00edlies i alumnes (inflables, taller de clauers, taller de bombolles i circ, jocs de fusta, etc.).<\/p>\n<p>Al llarg de la jornada, les fam\u00edlies i alumnes podien rec\u00f3rrer cada espai de l&#8217;escola, passant per totes les aules, observant materials pedag\u00f2gics, formes d&#8217;ensenyament i recursos que s&#8217;utilitzen amb els alumnes. Tamb\u00e9 van poder conversar amb les mestres, compartir dubtes i con\u00e8ixer tots els projectes que s&#8217;estan fent a l&#8217;escola.<\/p>\n<p>El mat\u00ed va finalitzar amb una actuaci\u00f3 de la coral de mestres i alumnes de l&#8217;escola i amb un ball dels alumnes d&#8217;ESO. Va ser tot un \u00e8xit!<br \/>\nTot el personal del centre\u00a0agraeix\u00a0l&#8217;assist\u00e8ncia de totes aquelles persones que van venir a visitar l&#8217;escola.<\/p>\n<p><a href=\"https:\/\/agora.xtec.cat\/escolajeronidemoragas\/wp-content\/uploads\/usu2509\/2023\/05\/Portes-obertes.jpg\"><img loading=\"lazy\" decoding=\"async\" class=\"wp-image-1760 alignleft\" src=\"https:\/\/agora.xtec.cat\/escolajeronidemoragas\/wp-content\/uploads\/usu2509\/2023\/05\/Portes-obertes-768x1024.jpg\" alt=\"\" width=\"377\" height=\"503\" srcset=\"https:\/\/agora.xtec.cat\/escolajeronidemoragas\/wp-content\/uploads\/usu2509\/2023\/05\/Portes-obertes-768x1024.jpg 768w, https:\/\/agora.xtec.cat\/escolajeronidemoragas\/wp-content\/uploads\/usu2509\/2023\/05\/Portes-obertes-225x300.jpg 225w, https:\/\/agora.xtec.cat\/escolajeronidemoragas\/wp-content\/uploads\/usu2509\/2023\/05\/Portes-obertes.jpg 960w\" sizes=\"auto, (max-width: 377px) 100vw, 377px\" \/><\/a> <a href=\"https:\/\/agora.xtec.cat\/escolajeronidemoragas\/wp-content\/uploads\/usu2509\/2023\/05\/xerrada.jpg\"><img loading=\"lazy\" decoding=\"async\" class=\" wp-image-1761 alignleft\" src=\"https:\/\/agora.xtec.cat\/escolajeronidemoragas\/wp-content\/uploads\/usu2509\/2023\/05\/xerrada-576x1024.jpg\" alt=\"\" width=\"285\" height=\"507\" srcset=\"https:\/\/agora.xtec.cat\/escolajeronidemoragas\/wp-content\/uploads\/usu2509\/2023\/05\/xerrada-576x1024.jpg 576w, https:\/\/agora.xtec.cat\/escolajeronidemoragas\/wp-content\/uploads\/usu2509\/2023\/05\/xerrada-169x300.jpg 169w, https:\/\/agora.xtec.cat\/escolajeronidemoragas\/wp-content\/uploads\/usu2509\/2023\/05\/xerrada.jpg 720w\" sizes=\"auto, (max-width: 285px) 100vw, 285px\" \/><\/a><\/p>\n<p>&nbsp;<\/p>\n<p>&nbsp;<\/p>\n<p>&nbsp;<\/p>\n<p>&nbsp;<\/p>\n<p>&nbsp;<\/p>\n<p>&nbsp;<\/p>\n<p>&nbsp;<\/p>\n<p>&nbsp;<\/p>\n<p>&nbsp;<\/p>\n<p>&nbsp;<\/p>\n<p>&nbsp;<\/p>\n<p>&nbsp;<\/p>\n<p>&nbsp;<\/p>\n","protected":false},"excerpt":{"rendered":"<p><a href=\"https:\/\/agora.xtec.cat\/escolajeronidemoragas\/wp-content\/uploads\/usu2509\/2023\/05\/inflable.jpg\"><\/a> <a href=\"https:\/\/agora.xtec.cat\/escolajeronidemoragas\/wp-content\/uploads\/usu2509\/2023\/05\/Portes-obertes-coral.jpg\"><\/a><br \/>\n&nbsp;<br \/>\n&nbsp;<br \/>\n&nbsp;<br \/>\n&nbsp;<br \/>\n&nbsp;<br \/>\n&nbsp;<br \/>\n&nbsp;<br \/>\nEl passat dissabte 13 de maig es van celebrar la jornada de portes obertes de l&#8217;escola. Des de bon mat\u00ed es van oferir\u00a0tota mena\u00a0d&#8217;activitats als assistents. Aquest curs escolar s&#8217;ha creat l&#8217;associaci\u00f3 de fam\u00edlies col\u00b7laboradores de l&#8217;escola, que han treballat conjuntament amb&hellip;  <a href=\"https:\/\/agora.xtec.cat\/escolajeronidemoragas\/general\/jornada-de-portes-obertes\/\" title=\"Read JORNADA DE PORTES OBERTES\">Llegeix m\u00e9s\u00bb<\/a><\/p>\n","protected":false},"author":1,"featured_media":0,"comment_status":"open","ping_status":"closed","sticky":false,"template":"","format":"standard","meta":{"_bbp_topic_count":0,"_bbp_reply_count":0,"_bbp_total_topic_count":0,"_bbp_total_reply_count":0,"_bbp_voice_count":0,"_bbp_anonymous_reply_count":0,"_bbp_topic_count_hidden":0,"_bbp_reply_count_hidden":0,"_bbp_forum_subforum_count":0,"footnotes":""},"categories":[10,11,12,13,14,15,7,1,2,4],"tags":[],"class_list":["post-1757","post","type-post","status-publish","format-standard","hentry","category-1r","category-2n","category-3r","category-4t","category-5e","category-6e","category-ampa","category-general","category-infantil-i-primaria","category-portada"],"post_mailing_queue_ids":[],"_links":{"self":[{"href":"https:\/\/agora.xtec.cat\/escolajeronidemoragas\/wp-json\/wp\/v2\/posts\/1757","targetHints":{"allow":["GET"]}}],"collection":[{"href":"https:\/\/agora.xtec.cat\/escolajeronidemoragas\/wp-json\/wp\/v2\/posts"}],"about":[{"href":"https:\/\/agora.xtec.cat\/escolajeronidemoragas\/wp-json\/wp\/v2\/types\/post"}],"author":[{"embeddable":true,"href":"https:\/\/agora.xtec.cat\/escolajeronidemoragas\/wp-json\/wp\/v2\/users\/1"}],"replies":[{"embeddable":true,"href":"https:\/\/agora.xtec.cat\/escolajeronidemoragas\/wp-json\/wp\/v2\/comments?post=1757"}],"version-history":[{"count":1,"href":"https:\/\/agora.xtec.cat\/escolajeronidemoragas\/wp-json\/wp\/v2\/posts\/1757\/revisions"}],"predecessor-version":[{"id":1762,"href":"https:\/\/agora.xtec.cat\/escolajeronidemoragas\/wp-json\/wp\/v2\/posts\/1757\/revisions\/1762"}],"wp:attachment":[{"href":"https:\/\/agora.xtec.cat\/escolajeronidemoragas\/wp-json\/wp\/v2\/media?parent=1757"}],"wp:term":[{"taxonomy":"category","embeddable":true,"href":"https:\/\/agora.xtec.cat\/escolajeronidemoragas\/wp-json\/wp\/v2\/categories?post=1757"},{"taxonomy":"post_tag","embeddable":true,"href":"https:\/\/agora.xtec.cat\/escolajeronidemoragas\/wp-json\/wp\/v2\/tags?post=1757"}],"curies":[{"name":"wp","href":"https:\/\/api.w.org\/{rel}","templated":true}]}}