{"id":1737,"date":"2023-05-15T13:12:21","date_gmt":"2023-05-15T11:12:21","guid":{"rendered":"https:\/\/agora.xtec.cat\/escolajeronidemoragas\/?p=1737"},"modified":"2023-05-15T13:12:43","modified_gmt":"2023-05-15T11:12:43","slug":"jornades-lets-clean-up-europe-a-lescola","status":"publish","type":"post","link":"https:\/\/agora.xtec.cat\/escolajeronidemoragas\/general\/jornades-lets-clean-up-europe-a-lescola\/","title":{"rendered":"JORNADES &#8220;LET&#8217;S CLEAN UP EUROPE&#8221; A L&#8217;ESCOLA"},"content":{"rendered":"<p>&nbsp;<\/p>\n<p><a href=\"https:\/\/agora.xtec.cat\/escolajeronidemoragas\/wp-content\/uploads\/usu2509\/2023\/05\/thumbnail_20230505_121646.jpg\"><img loading=\"lazy\" decoding=\"async\" class=\"wp-image-1738 aligncenter\" src=\"https:\/\/agora.xtec.cat\/escolajeronidemoragas\/wp-content\/uploads\/usu2509\/2023\/05\/thumbnail_20230505_121646-1024x768.jpg\" alt=\"\" width=\"496\" height=\"372\" srcset=\"https:\/\/agora.xtec.cat\/escolajeronidemoragas\/wp-content\/uploads\/usu2509\/2023\/05\/thumbnail_20230505_121646-1024x768.jpg 1024w, https:\/\/agora.xtec.cat\/escolajeronidemoragas\/wp-content\/uploads\/usu2509\/2023\/05\/thumbnail_20230505_121646-300x225.jpg 300w, https:\/\/agora.xtec.cat\/escolajeronidemoragas\/wp-content\/uploads\/usu2509\/2023\/05\/thumbnail_20230505_121646-768x576.jpg 768w, https:\/\/agora.xtec.cat\/escolajeronidemoragas\/wp-content\/uploads\/usu2509\/2023\/05\/thumbnail_20230505_121646-200x150.jpg 200w, https:\/\/agora.xtec.cat\/escolajeronidemoragas\/wp-content\/uploads\/usu2509\/2023\/05\/thumbnail_20230505_121646.jpg 1280w\" sizes=\"auto, (max-width: 496px) 100vw, 496px\" \/><\/a><\/p>\n<p>El passat divendres 5 de maig l&#8217;alumnat de l&#8217;escola es va unir a l&#8217;acci\u00f3 comunit\u00e0ria &#8220;Let&#8217;s\u00a0<span class=\"hiddenSpellError\">clean<\/span>\u00a0up&#8221;.<\/p>\n<p>&#8220;Let&#8217;s\u00a0<span class=\"hiddenSpellError\">clean<\/span>\u00a0up&#8221; \u00e9s una acci\u00f3 comuna a tot Europa que pret\u00e9n conscienciar a la poblaci\u00f3 sobre la quantitat de residus que\u00a0llencem\u00a0de forma descontrolada als\u00a0espais\u00a0naturals. Aquesta acci\u00f3 vol sensibilitzar a la poblaci\u00f3 a trav\u00e9s de la recollida selectiva de residus que han estat llen\u00e7ats als boscos, platges,\u00a0marges\u00a0dels rius, etc. L&#8217;alumnat va recollir tots els residus dels voltants de l&#8217;escola!<\/p>\n<p><a href=\"https:\/\/agora.xtec.cat\/escolajeronidemoragas\/wp-content\/uploads\/usu2509\/2023\/05\/thumbnail_20230505_121854.jpg\"><img loading=\"lazy\" decoding=\"async\" class=\"wp-image-1739 aligncenter\" src=\"https:\/\/agora.xtec.cat\/escolajeronidemoragas\/wp-content\/uploads\/usu2509\/2023\/05\/thumbnail_20230505_121854-1024x768.jpg\" alt=\"\" width=\"494\" height=\"370\" srcset=\"https:\/\/agora.xtec.cat\/escolajeronidemoragas\/wp-content\/uploads\/usu2509\/2023\/05\/thumbnail_20230505_121854-1024x768.jpg 1024w, https:\/\/agora.xtec.cat\/escolajeronidemoragas\/wp-content\/uploads\/usu2509\/2023\/05\/thumbnail_20230505_121854-300x225.jpg 300w, https:\/\/agora.xtec.cat\/escolajeronidemoragas\/wp-content\/uploads\/usu2509\/2023\/05\/thumbnail_20230505_121854-768x576.jpg 768w, https:\/\/agora.xtec.cat\/escolajeronidemoragas\/wp-content\/uploads\/usu2509\/2023\/05\/thumbnail_20230505_121854-200x150.jpg 200w, https:\/\/agora.xtec.cat\/escolajeronidemoragas\/wp-content\/uploads\/usu2509\/2023\/05\/thumbnail_20230505_121854.jpg 1280w\" sizes=\"auto, (max-width: 494px) 100vw, 494px\" \/><\/a><\/p>\n<p><a href=\"https:\/\/agora.xtec.cat\/escolajeronidemoragas\/wp-content\/uploads\/usu2509\/2023\/05\/thumbnail_20230505_122709.jpg\"><img loading=\"lazy\" decoding=\"async\" class=\" wp-image-1740 aligncenter\" src=\"https:\/\/agora.xtec.cat\/escolajeronidemoragas\/wp-content\/uploads\/usu2509\/2023\/05\/thumbnail_20230505_122709-768x1024.jpg\" alt=\"\" width=\"472\" height=\"629\" srcset=\"https:\/\/agora.xtec.cat\/escolajeronidemoragas\/wp-content\/uploads\/usu2509\/2023\/05\/thumbnail_20230505_122709-768x1024.jpg 768w, https:\/\/agora.xtec.cat\/escolajeronidemoragas\/wp-content\/uploads\/usu2509\/2023\/05\/thumbnail_20230505_122709-225x300.jpg 225w, https:\/\/agora.xtec.cat\/escolajeronidemoragas\/wp-content\/uploads\/usu2509\/2023\/05\/thumbnail_20230505_122709.jpg 960w\" sizes=\"auto, (max-width: 472px) 100vw, 472px\" \/><\/a><\/p>\n<p><a href=\"https:\/\/agora.xtec.cat\/escolajeronidemoragas\/wp-content\/uploads\/usu2509\/2023\/05\/thumbnail_20230505_134410.jpg\"><img loading=\"lazy\" decoding=\"async\" class=\"wp-image-1741 aligncenter\" src=\"https:\/\/agora.xtec.cat\/escolajeronidemoragas\/wp-content\/uploads\/usu2509\/2023\/05\/thumbnail_20230505_134410-1024x768.jpg\" alt=\"\" width=\"478\" height=\"359\" srcset=\"https:\/\/agora.xtec.cat\/escolajeronidemoragas\/wp-content\/uploads\/usu2509\/2023\/05\/thumbnail_20230505_134410-1024x768.jpg 1024w, https:\/\/agora.xtec.cat\/escolajeronidemoragas\/wp-content\/uploads\/usu2509\/2023\/05\/thumbnail_20230505_134410-300x225.jpg 300w, https:\/\/agora.xtec.cat\/escolajeronidemoragas\/wp-content\/uploads\/usu2509\/2023\/05\/thumbnail_20230505_134410-768x576.jpg 768w, https:\/\/agora.xtec.cat\/escolajeronidemoragas\/wp-content\/uploads\/usu2509\/2023\/05\/thumbnail_20230505_134410-200x150.jpg 200w, https:\/\/agora.xtec.cat\/escolajeronidemoragas\/wp-content\/uploads\/usu2509\/2023\/05\/thumbnail_20230505_134410.jpg 1280w\" sizes=\"auto, (max-width: 478px) 100vw, 478px\" \/><\/a><\/p>\n<p>&nbsp;<\/p>\n","protected":false},"excerpt":{"rendered":"<p>&nbsp;<br \/>\n<a href=\"https:\/\/agora.xtec.cat\/escolajeronidemoragas\/wp-content\/uploads\/usu2509\/2023\/05\/thumbnail_20230505_121646.jpg\"><\/a><br \/>\nEl passat divendres 5 de maig l&#8217;alumnat de l&#8217;escola es va unir a l&#8217;acci\u00f3 comunit\u00e0ria &#8220;Let&#8217;s\u00a0clean\u00a0up&#8221;.<br \/>\n&#8220;Let&#8217;s\u00a0clean\u00a0up&#8221; \u00e9s una acci\u00f3 comuna a tot Europa que pret\u00e9n conscienciar a la poblaci\u00f3 sobre la quantitat de residus que\u00a0llencem\u00a0de forma descontrolada als\u00a0espais\u00a0naturals. Aquesta acci\u00f3 vol sensibilitzar a la&hellip;  <a href=\"https:\/\/agora.xtec.cat\/escolajeronidemoragas\/general\/jornades-lets-clean-up-europe-a-lescola\/\" title=\"Read JORNADES &#8220;LET&#8217;S CLEAN UP EUROPE&#8221; A L&#8217;ESCOLA\">Llegeix m\u00e9s\u00bb<\/a><\/p>\n","protected":false},"author":1,"featured_media":0,"comment_status":"open","ping_status":"closed","sticky":false,"template":"","format":"standard","meta":{"_bbp_topic_count":0,"_bbp_reply_count":0,"_bbp_total_topic_count":0,"_bbp_total_reply_count":0,"_bbp_voice_count":0,"_bbp_anonymous_reply_count":0,"_bbp_topic_count_hidden":0,"_bbp_reply_count_hidden":0,"_bbp_forum_subforum_count":0,"footnotes":""},"categories":[1,4],"tags":[],"class_list":["post-1737","post","type-post","status-publish","format-standard","hentry","category-general","category-portada"],"post_mailing_queue_ids":[],"_links":{"self":[{"href":"https:\/\/agora.xtec.cat\/escolajeronidemoragas\/wp-json\/wp\/v2\/posts\/1737","targetHints":{"allow":["GET"]}}],"collection":[{"href":"https:\/\/agora.xtec.cat\/escolajeronidemoragas\/wp-json\/wp\/v2\/posts"}],"about":[{"href":"https:\/\/agora.xtec.cat\/escolajeronidemoragas\/wp-json\/wp\/v2\/types\/post"}],"author":[{"embeddable":true,"href":"https:\/\/agora.xtec.cat\/escolajeronidemoragas\/wp-json\/wp\/v2\/users\/1"}],"replies":[{"embeddable":true,"href":"https:\/\/agora.xtec.cat\/escolajeronidemoragas\/wp-json\/wp\/v2\/comments?post=1737"}],"version-history":[{"count":4,"href":"https:\/\/agora.xtec.cat\/escolajeronidemoragas\/wp-json\/wp\/v2\/posts\/1737\/revisions"}],"predecessor-version":[{"id":1746,"href":"https:\/\/agora.xtec.cat\/escolajeronidemoragas\/wp-json\/wp\/v2\/posts\/1737\/revisions\/1746"}],"wp:attachment":[{"href":"https:\/\/agora.xtec.cat\/escolajeronidemoragas\/wp-json\/wp\/v2\/media?parent=1737"}],"wp:term":[{"taxonomy":"category","embeddable":true,"href":"https:\/\/agora.xtec.cat\/escolajeronidemoragas\/wp-json\/wp\/v2\/categories?post=1737"},{"taxonomy":"post_tag","embeddable":true,"href":"https:\/\/agora.xtec.cat\/escolajeronidemoragas\/wp-json\/wp\/v2\/tags?post=1737"}],"curies":[{"name":"wp","href":"https:\/\/api.w.org\/{rel}","templated":true}]}}