{"id":1721,"date":"2023-05-05T17:02:57","date_gmt":"2023-05-05T15:02:57","guid":{"rendered":"https:\/\/agora.xtec.cat\/escolajeronidemoragas\/?p=1721"},"modified":"2023-05-05T17:02:57","modified_gmt":"2023-05-05T15:02:57","slug":"la-petita-llavor","status":"publish","type":"post","link":"https:\/\/agora.xtec.cat\/escolajeronidemoragas\/general\/la-petita-llavor\/","title":{"rendered":"LA PETITA LLAVOR"},"content":{"rendered":"<p><a href=\"https:\/\/agora.xtec.cat\/escolajeronidemoragas\/wp-content\/uploads\/usu2509\/2023\/05\/IMG-20230425-WA0064.jpg\"><img loading=\"lazy\" decoding=\"async\" class=\" wp-image-1726 alignleft\" src=\"https:\/\/agora.xtec.cat\/escolajeronidemoragas\/wp-content\/uploads\/usu2509\/2023\/05\/IMG-20230425-WA0064.jpg\" alt=\"\" width=\"322\" height=\"429\" srcset=\"https:\/\/agora.xtec.cat\/escolajeronidemoragas\/wp-content\/uploads\/usu2509\/2023\/05\/IMG-20230425-WA0064.jpg 768w, https:\/\/agora.xtec.cat\/escolajeronidemoragas\/wp-content\/uploads\/usu2509\/2023\/05\/IMG-20230425-WA0064-225x300.jpg 225w\" sizes=\"auto, (max-width: 322px) 100vw, 322px\" \/><\/a> <a href=\"https:\/\/agora.xtec.cat\/escolajeronidemoragas\/wp-content\/uploads\/usu2509\/2023\/05\/IMG-20230425-WA0061.jpg\"><img loading=\"lazy\" decoding=\"async\" class=\" wp-image-1725 alignleft\" src=\"https:\/\/agora.xtec.cat\/escolajeronidemoragas\/wp-content\/uploads\/usu2509\/2023\/05\/IMG-20230425-WA0061.jpg\" alt=\"\" width=\"321\" height=\"428\" srcset=\"https:\/\/agora.xtec.cat\/escolajeronidemoragas\/wp-content\/uploads\/usu2509\/2023\/05\/IMG-20230425-WA0061.jpg 768w, https:\/\/agora.xtec.cat\/escolajeronidemoragas\/wp-content\/uploads\/usu2509\/2023\/05\/IMG-20230425-WA0061-225x300.jpg 225w\" sizes=\"auto, (max-width: 321px) 100vw, 321px\" \/><\/a><\/p>\n<p>&nbsp;<\/p>\n<p>&nbsp;<\/p>\n<p>&nbsp;<\/p>\n<p>&nbsp;<\/p>\n<p>&nbsp;<\/p>\n<p>&nbsp;<\/p>\n<p>&nbsp;<\/p>\n<p>&nbsp;<\/p>\n<p>&nbsp;<\/p>\n<p>&nbsp;<\/p>\n<p>Els alumnes de prim\u00e0ria van gaudir de la fant\u00e0stica activitat de<strong> La Petita Llavor<\/strong>, d&#8217;\u00c8ric\u00a0<span class=\"hiddenSpellError\">Carle<\/span>, que va venir a presentar la Montse. Aquesta bonica hist\u00f2ria ja la\u00a0coneixien, ja que\u00a0havien\u00a0estat treballant diversos \u00e0lbums d&#8217;aquest escriptor i il\u00b7lustrador infantil de refer\u00e8ncia.<\/p>\n<p>La Montse va explicar la hist\u00f2ria amb delicadesa i entusiasme amb el suport d&#8217;unes il\u00b7lustracions molt visuals i acolorides. Despr\u00e9s va afegir petits moviments, que van anar creixent fins a ser un moviment corporal complet. Tamb\u00e9 el van acompanyar amb una agradable m\u00fasica. Va acabar sent una activitat per tots els sentits; deixant-se portar pel so de la m\u00fasica, la veu de la Montse explicant la hist\u00f2ria i expressant amb el cos el cicle de vida de la petita llavor. Quina activitat tan bonica.<\/p>\n<p><strong>Estan molt agra\u00efts a la Montse per poder viure aquesta experi\u00e8ncia tant hol\u00edstica!<\/strong><\/p>\n<p><a href=\"https:\/\/agora.xtec.cat\/escolajeronidemoragas\/wp-content\/uploads\/usu2509\/2023\/05\/IMG-20230425-WA0060.jpg\"><img loading=\"lazy\" decoding=\"async\" class=\"wp-image-1724 alignleft\" src=\"https:\/\/agora.xtec.cat\/escolajeronidemoragas\/wp-content\/uploads\/usu2509\/2023\/05\/IMG-20230425-WA0060.jpg\" alt=\"\" width=\"323\" height=\"431\" srcset=\"https:\/\/agora.xtec.cat\/escolajeronidemoragas\/wp-content\/uploads\/usu2509\/2023\/05\/IMG-20230425-WA0060.jpg 768w, https:\/\/agora.xtec.cat\/escolajeronidemoragas\/wp-content\/uploads\/usu2509\/2023\/05\/IMG-20230425-WA0060-225x300.jpg 225w\" sizes=\"auto, (max-width: 323px) 100vw, 323px\" \/><\/a><\/p>\n<p><a href=\"https:\/\/agora.xtec.cat\/escolajeronidemoragas\/wp-content\/uploads\/usu2509\/2023\/05\/IMG_20230425_100850.jpg\"><img loading=\"lazy\" decoding=\"async\" class=\"wp-image-1723 alignleft\" src=\"https:\/\/agora.xtec.cat\/escolajeronidemoragas\/wp-content\/uploads\/usu2509\/2023\/05\/IMG_20230425_100850-1024x768.jpg\" alt=\"\" width=\"575\" height=\"432\" srcset=\"https:\/\/agora.xtec.cat\/escolajeronidemoragas\/wp-content\/uploads\/usu2509\/2023\/05\/IMG_20230425_100850-1024x768.jpg 1024w, https:\/\/agora.xtec.cat\/escolajeronidemoragas\/wp-content\/uploads\/usu2509\/2023\/05\/IMG_20230425_100850-300x225.jpg 300w, https:\/\/agora.xtec.cat\/escolajeronidemoragas\/wp-content\/uploads\/usu2509\/2023\/05\/IMG_20230425_100850-768x576.jpg 768w, https:\/\/agora.xtec.cat\/escolajeronidemoragas\/wp-content\/uploads\/usu2509\/2023\/05\/IMG_20230425_100850-1536x1152.jpg 1536w, https:\/\/agora.xtec.cat\/escolajeronidemoragas\/wp-content\/uploads\/usu2509\/2023\/05\/IMG_20230425_100850-200x150.jpg 200w, https:\/\/agora.xtec.cat\/escolajeronidemoragas\/wp-content\/uploads\/usu2509\/2023\/05\/IMG_20230425_100850.jpg 2040w\" sizes=\"auto, (max-width: 575px) 100vw, 575px\" \/><\/a><\/p>\n<p>&nbsp;<\/p>\n<p>&nbsp;<\/p>\n<p>&nbsp;<\/p>\n<p>&nbsp;<\/p>\n<p>&nbsp;<\/p>\n<p>&nbsp;<\/p>\n<p>&nbsp;<\/p>\n<p>&nbsp;<\/p>\n<p>&nbsp;<\/p>\n<p>&nbsp;<\/p>\n<p>&nbsp;<\/p>\n<p>&nbsp;<\/p>\n","protected":false},"excerpt":{"rendered":"<p><a href=\"https:\/\/agora.xtec.cat\/escolajeronidemoragas\/wp-content\/uploads\/usu2509\/2023\/05\/IMG-20230425-WA0064.jpg\"><\/a> <a href=\"https:\/\/agora.xtec.cat\/escolajeronidemoragas\/wp-content\/uploads\/usu2509\/2023\/05\/IMG-20230425-WA0061.jpg\"><\/a><br \/>\n&nbsp;<br \/>\n&nbsp;<br \/>\n&nbsp;<br \/>\n&nbsp;<br \/>\n&nbsp;<br \/>\n&nbsp;<br \/>\n&nbsp;<br \/>\n&nbsp;<br \/>\n&nbsp;<br \/>\n&nbsp;<br \/>\nEls alumnes de prim\u00e0ria van gaudir de la fant\u00e0stica activitat de La Petita Llavor, d&#8217;\u00c8ric\u00a0Carle, que va venir a presentar la Montse. Aquesta bonica hist\u00f2ria ja la\u00a0coneixien, ja que\u00a0havien\u00a0estat treballant diversos \u00e0lbums d&#8217;aquest escriptor i il\u00b7lustrador infantil de refer\u00e8ncia.<br \/>\nLa Montse va explicar&hellip;  <a href=\"https:\/\/agora.xtec.cat\/escolajeronidemoragas\/general\/la-petita-llavor\/\" title=\"Read LA PETITA LLAVOR\">Llegeix m\u00e9s\u00bb<\/a><\/p>\n","protected":false},"author":1,"featured_media":0,"comment_status":"open","ping_status":"closed","sticky":false,"template":"","format":"standard","meta":{"_bbp_topic_count":0,"_bbp_reply_count":0,"_bbp_total_topic_count":0,"_bbp_total_reply_count":0,"_bbp_voice_count":0,"_bbp_anonymous_reply_count":0,"_bbp_topic_count_hidden":0,"_bbp_reply_count_hidden":0,"_bbp_forum_subforum_count":0,"footnotes":""},"categories":[1,2,4],"tags":[],"class_list":["post-1721","post","type-post","status-publish","format-standard","hentry","category-general","category-infantil-i-primaria","category-portada"],"post_mailing_queue_ids":[],"_links":{"self":[{"href":"https:\/\/agora.xtec.cat\/escolajeronidemoragas\/wp-json\/wp\/v2\/posts\/1721","targetHints":{"allow":["GET"]}}],"collection":[{"href":"https:\/\/agora.xtec.cat\/escolajeronidemoragas\/wp-json\/wp\/v2\/posts"}],"about":[{"href":"https:\/\/agora.xtec.cat\/escolajeronidemoragas\/wp-json\/wp\/v2\/types\/post"}],"author":[{"embeddable":true,"href":"https:\/\/agora.xtec.cat\/escolajeronidemoragas\/wp-json\/wp\/v2\/users\/1"}],"replies":[{"embeddable":true,"href":"https:\/\/agora.xtec.cat\/escolajeronidemoragas\/wp-json\/wp\/v2\/comments?post=1721"}],"version-history":[{"count":1,"href":"https:\/\/agora.xtec.cat\/escolajeronidemoragas\/wp-json\/wp\/v2\/posts\/1721\/revisions"}],"predecessor-version":[{"id":1727,"href":"https:\/\/agora.xtec.cat\/escolajeronidemoragas\/wp-json\/wp\/v2\/posts\/1721\/revisions\/1727"}],"wp:attachment":[{"href":"https:\/\/agora.xtec.cat\/escolajeronidemoragas\/wp-json\/wp\/v2\/media?parent=1721"}],"wp:term":[{"taxonomy":"category","embeddable":true,"href":"https:\/\/agora.xtec.cat\/escolajeronidemoragas\/wp-json\/wp\/v2\/categories?post=1721"},{"taxonomy":"post_tag","embeddable":true,"href":"https:\/\/agora.xtec.cat\/escolajeronidemoragas\/wp-json\/wp\/v2\/tags?post=1721"}],"curies":[{"name":"wp","href":"https:\/\/api.w.org\/{rel}","templated":true}]}}