{"id":1696,"date":"2023-04-26T11:24:47","date_gmt":"2023-04-26T09:24:47","guid":{"rendered":"https:\/\/agora.xtec.cat\/escolajeronidemoragas\/?p=1696"},"modified":"2023-04-26T12:47:46","modified_gmt":"2023-04-26T10:47:46","slug":"sant-jordi-a-infantil-i-primaria","status":"publish","type":"post","link":"https:\/\/agora.xtec.cat\/escolajeronidemoragas\/general\/sant-jordi-a-infantil-i-primaria\/","title":{"rendered":"SANT JORDI A INFANTIL I PRIM\u00c0RIA"},"content":{"rendered":"<p><a href=\"https:\/\/agora.xtec.cat\/escolajeronidemoragas\/wp-content\/uploads\/usu2509\/2023\/04\/WhatsApp-Image-2023-04-21-at-12.26.40.jpeg\"><img loading=\"lazy\" decoding=\"async\" class=\"wp-image-1704 alignleft\" src=\"https:\/\/agora.xtec.cat\/escolajeronidemoragas\/wp-content\/uploads\/usu2509\/2023\/04\/WhatsApp-Image-2023-04-21-at-12.26.40.jpeg\" alt=\"\" width=\"272\" height=\"363\" srcset=\"https:\/\/agora.xtec.cat\/escolajeronidemoragas\/wp-content\/uploads\/usu2509\/2023\/04\/WhatsApp-Image-2023-04-21-at-12.26.40.jpeg 768w, https:\/\/agora.xtec.cat\/escolajeronidemoragas\/wp-content\/uploads\/usu2509\/2023\/04\/WhatsApp-Image-2023-04-21-at-12.26.40-225x300.jpeg 225w\" sizes=\"auto, (max-width: 272px) 100vw, 272px\" \/><\/a>\u00a0<a href=\"https:\/\/agora.xtec.cat\/escolajeronidemoragas\/wp-content\/uploads\/usu2509\/2023\/04\/FD27AEEB-D175-4747-AF2E-545ED7541333.jpeg\"><img loading=\"lazy\" decoding=\"async\" class=\" wp-image-1700 alignleft\" src=\"https:\/\/agora.xtec.cat\/escolajeronidemoragas\/wp-content\/uploads\/usu2509\/2023\/04\/FD27AEEB-D175-4747-AF2E-545ED7541333-1024x683.jpeg\" alt=\"\" width=\"541\" height=\"361\" srcset=\"https:\/\/agora.xtec.cat\/escolajeronidemoragas\/wp-content\/uploads\/usu2509\/2023\/04\/FD27AEEB-D175-4747-AF2E-545ED7541333-1024x683.jpeg 1024w, https:\/\/agora.xtec.cat\/escolajeronidemoragas\/wp-content\/uploads\/usu2509\/2023\/04\/FD27AEEB-D175-4747-AF2E-545ED7541333-300x200.jpeg 300w, https:\/\/agora.xtec.cat\/escolajeronidemoragas\/wp-content\/uploads\/usu2509\/2023\/04\/FD27AEEB-D175-4747-AF2E-545ED7541333-768x512.jpeg 768w, https:\/\/agora.xtec.cat\/escolajeronidemoragas\/wp-content\/uploads\/usu2509\/2023\/04\/FD27AEEB-D175-4747-AF2E-545ED7541333-1536x1024.jpeg 1536w, https:\/\/agora.xtec.cat\/escolajeronidemoragas\/wp-content\/uploads\/usu2509\/2023\/04\/FD27AEEB-D175-4747-AF2E-545ED7541333.jpeg 1620w\" sizes=\"auto, (max-width: 541px) 100vw, 541px\" \/><\/a><\/p>\n<p>&nbsp;<\/p>\n<p>&nbsp;<\/p>\n<p>&nbsp;<\/p>\n<p>&nbsp;<\/p>\n<p>&nbsp;<\/p>\n<p>&nbsp;<\/p>\n<p>&nbsp;<\/p>\n<p>Durant tota la jornada les aules de prim\u00e0ria i infantil van realitzar diferents activitats relacionades amb la Diada, algunes m\u00e9s sensorials i d&#8217;altres m\u00e9s manipulatives; punts de llibres, roses amb resina, amb pintura, materials reciclats, etc.<\/p>\n<p>Tamb\u00e9 van gaudir de totes les activitats i propostes que es van desenvolupar; l&#8217;exposici\u00f3 d&#8217;ESO, els Balls dels alumnes de <span class=\"hiddenSpellError\">TVA<\/span>, les paradetes de llibres dels alumnes m\u00e9s grans de l&#8217;escola, van poder escollir el llibre que m\u00e9s els agrad\u00e9s i emportar-se a casa; gaudir de les can\u00e7ons que va cantar la coral d&#8217;alumnes i mestres, etc.<\/p>\n<p>A la tarda, l&#8217;aula B3 i B7, va representar als seus companys la <strong>tradicional Llegenda de\u00a0sant\u00a0Jordi<\/strong> i van celebrar\u00a0la fi\u00a0de Festa amb un\u00a0<strong>berenar\u00a0ben llaminer<\/strong> fet pels xefs del\u00a0<span class=\"hiddenSpellError\">PIL<\/span>\u00a0de cuina de\u00a0<span class=\"hiddenSpellError\">TVA<\/span>, que els va preparar un pa de pessic especial per la Diada. I quin berenar, xocolata desfeta acompanyada d&#8217;un pa de pessic delici\u00f3s i\u00a0esponj\u00f3s, perfecte per\u00a0l&#8217;ocasi\u00f3!<br \/>\nQuin final de festa\u00a0tan\u00a0musical i festiu!!!<\/p>\n<p><a href=\"https:\/\/agora.xtec.cat\/escolajeronidemoragas\/wp-content\/uploads\/usu2509\/2023\/04\/WhatsApp-Image-2023-04-21-at-17.21.18.jpeg\"><img loading=\"lazy\" decoding=\"async\" class=\"wp-image-1705 alignleft\" src=\"https:\/\/agora.xtec.cat\/escolajeronidemoragas\/wp-content\/uploads\/usu2509\/2023\/04\/WhatsApp-Image-2023-04-21-at-17.21.18-768x1024.jpeg\" alt=\"\" width=\"327\" height=\"436\" srcset=\"https:\/\/agora.xtec.cat\/escolajeronidemoragas\/wp-content\/uploads\/usu2509\/2023\/04\/WhatsApp-Image-2023-04-21-at-17.21.18-768x1024.jpeg 768w, https:\/\/agora.xtec.cat\/escolajeronidemoragas\/wp-content\/uploads\/usu2509\/2023\/04\/WhatsApp-Image-2023-04-21-at-17.21.18-225x300.jpeg 225w, https:\/\/agora.xtec.cat\/escolajeronidemoragas\/wp-content\/uploads\/usu2509\/2023\/04\/WhatsApp-Image-2023-04-21-at-17.21.18-1152x1536.jpeg 1152w, https:\/\/agora.xtec.cat\/escolajeronidemoragas\/wp-content\/uploads\/usu2509\/2023\/04\/WhatsApp-Image-2023-04-21-at-17.21.18.jpeg 1536w\" sizes=\"auto, (max-width: 327px) 100vw, 327px\" \/><\/a> <a href=\"https:\/\/agora.xtec.cat\/escolajeronidemoragas\/wp-content\/uploads\/usu2509\/2023\/04\/WhatsApp-Image-2023-04-21-at-17.23.15.jpeg\"><img loading=\"lazy\" decoding=\"async\" class=\"wp-image-1707 alignnone\" src=\"https:\/\/agora.xtec.cat\/escolajeronidemoragas\/wp-content\/uploads\/usu2509\/2023\/04\/WhatsApp-Image-2023-04-21-at-17.23.15-768x1024.jpeg\" alt=\"\" width=\"335\" height=\"447\" srcset=\"https:\/\/agora.xtec.cat\/escolajeronidemoragas\/wp-content\/uploads\/usu2509\/2023\/04\/WhatsApp-Image-2023-04-21-at-17.23.15-768x1024.jpeg 768w, https:\/\/agora.xtec.cat\/escolajeronidemoragas\/wp-content\/uploads\/usu2509\/2023\/04\/WhatsApp-Image-2023-04-21-at-17.23.15-225x300.jpeg 225w, https:\/\/agora.xtec.cat\/escolajeronidemoragas\/wp-content\/uploads\/usu2509\/2023\/04\/WhatsApp-Image-2023-04-21-at-17.23.15-1152x1536.jpeg 1152w, https:\/\/agora.xtec.cat\/escolajeronidemoragas\/wp-content\/uploads\/usu2509\/2023\/04\/WhatsApp-Image-2023-04-21-at-17.23.15.jpeg 1536w\" sizes=\"auto, (max-width: 335px) 100vw, 335px\" \/><\/a><img loading=\"lazy\" decoding=\"async\" class=\"wp-image-1706 alignleft\" src=\"https:\/\/agora.xtec.cat\/escolajeronidemoragas\/wp-content\/uploads\/usu2509\/2023\/04\/WhatsApp-Image-2023-04-21-at-17.21.20-1-768x1024.jpeg\" alt=\"\" width=\"327\" height=\"436\" srcset=\"https:\/\/agora.xtec.cat\/escolajeronidemoragas\/wp-content\/uploads\/usu2509\/2023\/04\/WhatsApp-Image-2023-04-21-at-17.21.20-1-768x1024.jpeg 768w, https:\/\/agora.xtec.cat\/escolajeronidemoragas\/wp-content\/uploads\/usu2509\/2023\/04\/WhatsApp-Image-2023-04-21-at-17.21.20-1-225x300.jpeg 225w, https:\/\/agora.xtec.cat\/escolajeronidemoragas\/wp-content\/uploads\/usu2509\/2023\/04\/WhatsApp-Image-2023-04-21-at-17.21.20-1-1152x1536.jpeg 1152w, https:\/\/agora.xtec.cat\/escolajeronidemoragas\/wp-content\/uploads\/usu2509\/2023\/04\/WhatsApp-Image-2023-04-21-at-17.21.20-1.jpeg 1536w\" sizes=\"auto, (max-width: 327px) 100vw, 327px\" \/><\/p>\n<p><a href=\"https:\/\/agora.xtec.cat\/escolajeronidemoragas\/wp-content\/uploads\/usu2509\/2023\/04\/WhatsApp-Image-2023-04-21-at-11.03.49-2.jpeg\"><img loading=\"lazy\" decoding=\"async\" class=\"wp-image-1701 alignleft\" src=\"https:\/\/agora.xtec.cat\/escolajeronidemoragas\/wp-content\/uploads\/usu2509\/2023\/04\/WhatsApp-Image-2023-04-21-at-11.03.49-2-768x1024.jpeg\" alt=\"\" width=\"311\" height=\"415\" srcset=\"https:\/\/agora.xtec.cat\/escolajeronidemoragas\/wp-content\/uploads\/usu2509\/2023\/04\/WhatsApp-Image-2023-04-21-at-11.03.49-2-768x1024.jpeg 768w, https:\/\/agora.xtec.cat\/escolajeronidemoragas\/wp-content\/uploads\/usu2509\/2023\/04\/WhatsApp-Image-2023-04-21-at-11.03.49-2-225x300.jpeg 225w, https:\/\/agora.xtec.cat\/escolajeronidemoragas\/wp-content\/uploads\/usu2509\/2023\/04\/WhatsApp-Image-2023-04-21-at-11.03.49-2-1152x1536.jpeg 1152w, https:\/\/agora.xtec.cat\/escolajeronidemoragas\/wp-content\/uploads\/usu2509\/2023\/04\/WhatsApp-Image-2023-04-21-at-11.03.49-2.jpeg 1200w\" sizes=\"auto, (max-width: 311px) 100vw, 311px\" \/><\/a><\/p>\n<p>&nbsp;<\/p>\n<p>&nbsp;<\/p>\n<p>&nbsp;<\/p>\n<p>&nbsp;<\/p>\n<p>&nbsp;<\/p>\n<p>&nbsp;<\/p>\n<p>&nbsp;<\/p>\n<p>&nbsp;<\/p>\n<p>&nbsp;<\/p>\n<p>&nbsp;<\/p>\n<p><a href=\"https:\/\/agora.xtec.cat\/escolajeronidemoragas\/wp-content\/uploads\/usu2509\/2023\/04\/WhatsApp-Image-2023-04-26-at-10.23.45-2.jpeg\"><img loading=\"lazy\" decoding=\"async\" class=\" wp-image-1708 alignleft\" src=\"https:\/\/agora.xtec.cat\/escolajeronidemoragas\/wp-content\/uploads\/usu2509\/2023\/04\/WhatsApp-Image-2023-04-26-at-10.23.45-2.jpeg\" alt=\"\" width=\"287\" height=\"382\" srcset=\"https:\/\/agora.xtec.cat\/escolajeronidemoragas\/wp-content\/uploads\/usu2509\/2023\/04\/WhatsApp-Image-2023-04-26-at-10.23.45-2.jpeg 768w, https:\/\/agora.xtec.cat\/escolajeronidemoragas\/wp-content\/uploads\/usu2509\/2023\/04\/WhatsApp-Image-2023-04-26-at-10.23.45-2-225x300.jpeg 225w\" sizes=\"auto, (max-width: 287px) 100vw, 287px\" \/><\/a> <a href=\"https:\/\/agora.xtec.cat\/escolajeronidemoragas\/wp-content\/uploads\/usu2509\/2023\/04\/WhatsApp-Image-2023-04-26-at-10.23.45-1.jpeg\"><img loading=\"lazy\" decoding=\"async\" class=\" wp-image-1709 alignleft\" src=\"https:\/\/agora.xtec.cat\/escolajeronidemoragas\/wp-content\/uploads\/usu2509\/2023\/04\/WhatsApp-Image-2023-04-26-at-10.23.45-1.jpeg\" alt=\"\" width=\"285\" height=\"380\" srcset=\"https:\/\/agora.xtec.cat\/escolajeronidemoragas\/wp-content\/uploads\/usu2509\/2023\/04\/WhatsApp-Image-2023-04-26-at-10.23.45-1.jpeg 768w, https:\/\/agora.xtec.cat\/escolajeronidemoragas\/wp-content\/uploads\/usu2509\/2023\/04\/WhatsApp-Image-2023-04-26-at-10.23.45-1-225x300.jpeg 225w\" sizes=\"auto, (max-width: 285px) 100vw, 285px\" \/><\/a> <a href=\"https:\/\/agora.xtec.cat\/escolajeronidemoragas\/wp-content\/uploads\/usu2509\/2023\/04\/WhatsApp-Image-2023-04-26-at-10.23.45.jpeg\"><img loading=\"lazy\" decoding=\"async\" class=\" wp-image-1710 alignleft\" src=\"https:\/\/agora.xtec.cat\/escolajeronidemoragas\/wp-content\/uploads\/usu2509\/2023\/04\/WhatsApp-Image-2023-04-26-at-10.23.45.jpeg\" alt=\"\" width=\"284\" height=\"378\" srcset=\"https:\/\/agora.xtec.cat\/escolajeronidemoragas\/wp-content\/uploads\/usu2509\/2023\/04\/WhatsApp-Image-2023-04-26-at-10.23.45.jpeg 768w, https:\/\/agora.xtec.cat\/escolajeronidemoragas\/wp-content\/uploads\/usu2509\/2023\/04\/WhatsApp-Image-2023-04-26-at-10.23.45-225x300.jpeg 225w\" sizes=\"auto, (max-width: 284px) 100vw, 284px\" \/><\/a><\/p>\n<p>&nbsp;<\/p>\n<p>&nbsp;<\/p>\n<p>&nbsp;<\/p>\n<p>&nbsp;<\/p>\n<p>&nbsp;<\/p>\n<p>&nbsp;<\/p>\n<p>&nbsp;<\/p>\n<p>&nbsp;<\/p>\n<p>&nbsp;<\/p>\n<p><a href=\"https:\/\/agora.xtec.cat\/escolajeronidemoragas\/wp-content\/uploads\/usu2509\/2023\/04\/WhatsApp-Image-2023-04-26-at-12.33.18.jpeg\"><img loading=\"lazy\" decoding=\"async\" class=\" wp-image-1715 alignleft\" src=\"https:\/\/agora.xtec.cat\/escolajeronidemoragas\/wp-content\/uploads\/usu2509\/2023\/04\/WhatsApp-Image-2023-04-26-at-12.33.18-1024x768.jpeg\" alt=\"\" width=\"435\" height=\"326\" srcset=\"https:\/\/agora.xtec.cat\/escolajeronidemoragas\/wp-content\/uploads\/usu2509\/2023\/04\/WhatsApp-Image-2023-04-26-at-12.33.18-1024x768.jpeg 1024w, https:\/\/agora.xtec.cat\/escolajeronidemoragas\/wp-content\/uploads\/usu2509\/2023\/04\/WhatsApp-Image-2023-04-26-at-12.33.18-300x225.jpeg 300w, https:\/\/agora.xtec.cat\/escolajeronidemoragas\/wp-content\/uploads\/usu2509\/2023\/04\/WhatsApp-Image-2023-04-26-at-12.33.18-768x576.jpeg 768w, https:\/\/agora.xtec.cat\/escolajeronidemoragas\/wp-content\/uploads\/usu2509\/2023\/04\/WhatsApp-Image-2023-04-26-at-12.33.18-1536x1152.jpeg 1536w, https:\/\/agora.xtec.cat\/escolajeronidemoragas\/wp-content\/uploads\/usu2509\/2023\/04\/WhatsApp-Image-2023-04-26-at-12.33.18-200x150.jpeg 200w, https:\/\/agora.xtec.cat\/escolajeronidemoragas\/wp-content\/uploads\/usu2509\/2023\/04\/WhatsApp-Image-2023-04-26-at-12.33.18.jpeg 1600w\" sizes=\"auto, (max-width: 435px) 100vw, 435px\" \/><\/a> <a href=\"https:\/\/agora.xtec.cat\/escolajeronidemoragas\/wp-content\/uploads\/usu2509\/2023\/04\/WhatsApp-Image-2023-04-26-at-12.22.25.jpeg\"><img loading=\"lazy\" decoding=\"async\" class=\" wp-image-1716 alignleft\" src=\"https:\/\/agora.xtec.cat\/escolajeronidemoragas\/wp-content\/uploads\/usu2509\/2023\/04\/WhatsApp-Image-2023-04-26-at-12.22.25-768x1024.jpeg\" alt=\"\" width=\"330\" height=\"440\" srcset=\"https:\/\/agora.xtec.cat\/escolajeronidemoragas\/wp-content\/uploads\/usu2509\/2023\/04\/WhatsApp-Image-2023-04-26-at-12.22.25-768x1024.jpeg 768w, https:\/\/agora.xtec.cat\/escolajeronidemoragas\/wp-content\/uploads\/usu2509\/2023\/04\/WhatsApp-Image-2023-04-26-at-12.22.25-225x300.jpeg 225w, https:\/\/agora.xtec.cat\/escolajeronidemoragas\/wp-content\/uploads\/usu2509\/2023\/04\/WhatsApp-Image-2023-04-26-at-12.22.25-1152x1536.jpeg 1152w, https:\/\/agora.xtec.cat\/escolajeronidemoragas\/wp-content\/uploads\/usu2509\/2023\/04\/WhatsApp-Image-2023-04-26-at-12.22.25.jpeg 1200w\" sizes=\"auto, (max-width: 330px) 100vw, 330px\" \/><\/a><\/p>\n","protected":false},"excerpt":{"rendered":"<p><a href=\"https:\/\/agora.xtec.cat\/escolajeronidemoragas\/wp-content\/uploads\/usu2509\/2023\/04\/WhatsApp-Image-2023-04-21-at-12.26.40.jpeg\"><\/a>\u00a0<a href=\"https:\/\/agora.xtec.cat\/escolajeronidemoragas\/wp-content\/uploads\/usu2509\/2023\/04\/FD27AEEB-D175-4747-AF2E-545ED7541333.jpeg\"><\/a><br \/>\n&nbsp;<br \/>\n&nbsp;<br \/>\n&nbsp;<br \/>\n&nbsp;<br \/>\n&nbsp;<br \/>\n&nbsp;<br \/>\n&nbsp;<br \/>\nDurant tota la jornada les aules de prim\u00e0ria i infantil van realitzar diferents activitats relacionades amb la Diada, algunes m\u00e9s sensorials i d&#8217;altres m\u00e9s manipulatives; punts de llibres, roses amb resina, amb pintura, materials reciclats, etc.<br \/>\nTamb\u00e9 van gaudir de totes les activitats i&hellip;  <a href=\"https:\/\/agora.xtec.cat\/escolajeronidemoragas\/general\/sant-jordi-a-infantil-i-primaria\/\" title=\"Read SANT JORDI A INFANTIL I PRIM\u00c0RIA\">Llegeix m\u00e9s\u00bb<\/a><\/p>\n","protected":false},"author":1,"featured_media":0,"comment_status":"open","ping_status":"closed","sticky":false,"template":"","format":"standard","meta":{"_bbp_topic_count":0,"_bbp_reply_count":0,"_bbp_total_topic_count":0,"_bbp_total_reply_count":0,"_bbp_voice_count":0,"_bbp_anonymous_reply_count":0,"_bbp_topic_count_hidden":0,"_bbp_reply_count_hidden":0,"_bbp_forum_subforum_count":0,"footnotes":""},"categories":[1,2,4],"tags":[],"class_list":["post-1696","post","type-post","status-publish","format-standard","hentry","category-general","category-infantil-i-primaria","category-portada"],"post_mailing_queue_ids":[],"_links":{"self":[{"href":"https:\/\/agora.xtec.cat\/escolajeronidemoragas\/wp-json\/wp\/v2\/posts\/1696","targetHints":{"allow":["GET"]}}],"collection":[{"href":"https:\/\/agora.xtec.cat\/escolajeronidemoragas\/wp-json\/wp\/v2\/posts"}],"about":[{"href":"https:\/\/agora.xtec.cat\/escolajeronidemoragas\/wp-json\/wp\/v2\/types\/post"}],"author":[{"embeddable":true,"href":"https:\/\/agora.xtec.cat\/escolajeronidemoragas\/wp-json\/wp\/v2\/users\/1"}],"replies":[{"embeddable":true,"href":"https:\/\/agora.xtec.cat\/escolajeronidemoragas\/wp-json\/wp\/v2\/comments?post=1696"}],"version-history":[{"count":3,"href":"https:\/\/agora.xtec.cat\/escolajeronidemoragas\/wp-json\/wp\/v2\/posts\/1696\/revisions"}],"predecessor-version":[{"id":1717,"href":"https:\/\/agora.xtec.cat\/escolajeronidemoragas\/wp-json\/wp\/v2\/posts\/1696\/revisions\/1717"}],"wp:attachment":[{"href":"https:\/\/agora.xtec.cat\/escolajeronidemoragas\/wp-json\/wp\/v2\/media?parent=1696"}],"wp:term":[{"taxonomy":"category","embeddable":true,"href":"https:\/\/agora.xtec.cat\/escolajeronidemoragas\/wp-json\/wp\/v2\/categories?post=1696"},{"taxonomy":"post_tag","embeddable":true,"href":"https:\/\/agora.xtec.cat\/escolajeronidemoragas\/wp-json\/wp\/v2\/tags?post=1696"}],"curies":[{"name":"wp","href":"https:\/\/api.w.org\/{rel}","templated":true}]}}