{"id":1675,"date":"2023-04-25T22:38:37","date_gmt":"2023-04-25T20:38:37","guid":{"rendered":"https:\/\/agora.xtec.cat\/escolajeronidemoragas\/?p=1675"},"modified":"2023-04-25T22:38:37","modified_gmt":"2023-04-25T20:38:37","slug":"sant-jordi-a-leso","status":"publish","type":"post","link":"https:\/\/agora.xtec.cat\/escolajeronidemoragas\/general\/sant-jordi-a-leso\/","title":{"rendered":"SANT JORDI A L&#8217;ESO!"},"content":{"rendered":"<p><a href=\"https:\/\/agora.xtec.cat\/escolajeronidemoragas\/wp-content\/uploads\/usu2509\/2023\/04\/1b79a0d1-674a-41d8-8e68-42bcc4d87468-e1682454826874.jpg\"><img loading=\"lazy\" decoding=\"async\" class=\"wp-image-1676  alignleft\" src=\"https:\/\/agora.xtec.cat\/escolajeronidemoragas\/wp-content\/uploads\/usu2509\/2023\/04\/1b79a0d1-674a-41d8-8e68-42bcc4d87468-e1682454826874.jpg\" alt=\"\" width=\"468\" height=\"444\" srcset=\"https:\/\/agora.xtec.cat\/escolajeronidemoragas\/wp-content\/uploads\/usu2509\/2023\/04\/1b79a0d1-674a-41d8-8e68-42bcc4d87468-e1682454826874.jpg 768w, https:\/\/agora.xtec.cat\/escolajeronidemoragas\/wp-content\/uploads\/usu2509\/2023\/04\/1b79a0d1-674a-41d8-8e68-42bcc4d87468-e1682454826874-300x285.jpg 300w\" sizes=\"auto, (max-width: 468px) 100vw, 468px\" \/><\/a> <a href=\"https:\/\/agora.xtec.cat\/escolajeronidemoragas\/wp-content\/uploads\/usu2509\/2023\/04\/a90bd345-7848-46a8-9a8c-bb9edd3ff07b.jpg\"><img loading=\"lazy\" decoding=\"async\" class=\" wp-image-1677 alignleft\" src=\"https:\/\/agora.xtec.cat\/escolajeronidemoragas\/wp-content\/uploads\/usu2509\/2023\/04\/a90bd345-7848-46a8-9a8c-bb9edd3ff07b-1024x577.jpg\" alt=\"\" width=\"472\" height=\"266\" srcset=\"https:\/\/agora.xtec.cat\/escolajeronidemoragas\/wp-content\/uploads\/usu2509\/2023\/04\/a90bd345-7848-46a8-9a8c-bb9edd3ff07b-1024x577.jpg 1024w, https:\/\/agora.xtec.cat\/escolajeronidemoragas\/wp-content\/uploads\/usu2509\/2023\/04\/a90bd345-7848-46a8-9a8c-bb9edd3ff07b-300x169.jpg 300w, https:\/\/agora.xtec.cat\/escolajeronidemoragas\/wp-content\/uploads\/usu2509\/2023\/04\/a90bd345-7848-46a8-9a8c-bb9edd3ff07b-768x433.jpg 768w, https:\/\/agora.xtec.cat\/escolajeronidemoragas\/wp-content\/uploads\/usu2509\/2023\/04\/a90bd345-7848-46a8-9a8c-bb9edd3ff07b-1536x866.jpg 1536w, https:\/\/agora.xtec.cat\/escolajeronidemoragas\/wp-content\/uploads\/usu2509\/2023\/04\/a90bd345-7848-46a8-9a8c-bb9edd3ff07b.jpg 2048w\" sizes=\"auto, (max-width: 472px) 100vw, 472px\" \/><\/a><\/p>\n<p>&nbsp;<\/p>\n<p>&nbsp;<\/p>\n<p>&nbsp;<\/p>\n<p>&nbsp;<\/p>\n<p>&nbsp;<\/p>\n<p>&nbsp;<\/p>\n<p>&nbsp;<\/p>\n<p>&nbsp;<\/p>\n<p>&nbsp;<\/p>\n<p>&nbsp;<\/p>\n<p>L&#8217;alumnat d&#8217;ESO ha fet una <strong>exposici\u00f3 de llibres de tipologia diversa<\/strong>. Cada aula ha escollit una obra i l&#8217;ha treballat; n&#8217;ha fet una ressenya, una valoraci\u00f3, i un treball d&#8217;investigaci\u00f3 amb la finalitat de con\u00e8ixer la vida de l&#8217;escriptora i les dades b\u00e0siques de la seva publicaci\u00f3. Finalment, han exposat totes les obres treballades amb els treballs elaborats per tal de compartir amb totes les aules i companys d&#8217;escola, els treballs de recerca elaborats i donar a con\u00e8ixer les obres i les autores i escriptores treballades. L&#8217;etapa d&#8217;ESO tamb\u00e9 ha participat en els <strong>Premis Drac<\/strong>, concurs literari dedicat al C\u00f2mic, aquest any.<\/p>\n<p>Tamb\u00e9 han participat\u00a0en el\u00a0taller d&#8217;elaborar un drac de Sant Jordi que els han preparat els alumnes d&#8217;IFE i han pogut gaudir de les activitats i actuacions organitzades durant la jornada. Ha estat una bonica Diada.<\/p>\n<p><a href=\"https:\/\/agora.xtec.cat\/escolajeronidemoragas\/wp-content\/uploads\/usu2509\/2023\/04\/506ce6f3-bcf3-475a-b1ae-17ff1c7695e9.jpg\"><img loading=\"lazy\" decoding=\"async\" class=\" wp-image-1678 alignleft\" src=\"https:\/\/agora.xtec.cat\/escolajeronidemoragas\/wp-content\/uploads\/usu2509\/2023\/04\/506ce6f3-bcf3-475a-b1ae-17ff1c7695e9-768x1024.jpg\" alt=\"\" width=\"337\" height=\"449\" srcset=\"https:\/\/agora.xtec.cat\/escolajeronidemoragas\/wp-content\/uploads\/usu2509\/2023\/04\/506ce6f3-bcf3-475a-b1ae-17ff1c7695e9-768x1024.jpg 768w, https:\/\/agora.xtec.cat\/escolajeronidemoragas\/wp-content\/uploads\/usu2509\/2023\/04\/506ce6f3-bcf3-475a-b1ae-17ff1c7695e9-225x300.jpg 225w, https:\/\/agora.xtec.cat\/escolajeronidemoragas\/wp-content\/uploads\/usu2509\/2023\/04\/506ce6f3-bcf3-475a-b1ae-17ff1c7695e9-1152x1536.jpg 1152w, https:\/\/agora.xtec.cat\/escolajeronidemoragas\/wp-content\/uploads\/usu2509\/2023\/04\/506ce6f3-bcf3-475a-b1ae-17ff1c7695e9.jpg 1536w\" sizes=\"auto, (max-width: 337px) 100vw, 337px\" \/><\/a> <a href=\"https:\/\/agora.xtec.cat\/escolajeronidemoragas\/wp-content\/uploads\/usu2509\/2023\/04\/911a8b44-2600-47db-946f-aedb51269799.jpg\"><img loading=\"lazy\" decoding=\"async\" class=\" wp-image-1679 alignleft\" src=\"https:\/\/agora.xtec.cat\/escolajeronidemoragas\/wp-content\/uploads\/usu2509\/2023\/04\/911a8b44-2600-47db-946f-aedb51269799-768x1024.jpg\" alt=\"\" width=\"338\" height=\"451\" srcset=\"https:\/\/agora.xtec.cat\/escolajeronidemoragas\/wp-content\/uploads\/usu2509\/2023\/04\/911a8b44-2600-47db-946f-aedb51269799-768x1024.jpg 768w, https:\/\/agora.xtec.cat\/escolajeronidemoragas\/wp-content\/uploads\/usu2509\/2023\/04\/911a8b44-2600-47db-946f-aedb51269799-225x300.jpg 225w, https:\/\/agora.xtec.cat\/escolajeronidemoragas\/wp-content\/uploads\/usu2509\/2023\/04\/911a8b44-2600-47db-946f-aedb51269799-1152x1536.jpg 1152w, https:\/\/agora.xtec.cat\/escolajeronidemoragas\/wp-content\/uploads\/usu2509\/2023\/04\/911a8b44-2600-47db-946f-aedb51269799.jpg 1536w\" sizes=\"auto, (max-width: 338px) 100vw, 338px\" \/><\/a> <a href=\"https:\/\/agora.xtec.cat\/escolajeronidemoragas\/wp-content\/uploads\/usu2509\/2023\/04\/baa5b069-8b36-4ed5-b3b5-f45bb01a9a6a.jpg\"><img loading=\"lazy\" decoding=\"async\" class=\" wp-image-1680 alignleft\" src=\"https:\/\/agora.xtec.cat\/escolajeronidemoragas\/wp-content\/uploads\/usu2509\/2023\/04\/baa5b069-8b36-4ed5-b3b5-f45bb01a9a6a.jpg\" alt=\"\" width=\"413\" height=\"550\" srcset=\"https:\/\/agora.xtec.cat\/escolajeronidemoragas\/wp-content\/uploads\/usu2509\/2023\/04\/baa5b069-8b36-4ed5-b3b5-f45bb01a9a6a.jpg 768w, https:\/\/agora.xtec.cat\/escolajeronidemoragas\/wp-content\/uploads\/usu2509\/2023\/04\/baa5b069-8b36-4ed5-b3b5-f45bb01a9a6a-225x300.jpg 225w\" sizes=\"auto, (max-width: 413px) 100vw, 413px\" \/><\/a> <a href=\"https:\/\/agora.xtec.cat\/escolajeronidemoragas\/wp-content\/uploads\/usu2509\/2023\/04\/e0827066-49da-443f-a352-b5534381a404.jpg\"><img loading=\"lazy\" decoding=\"async\" class=\" wp-image-1681 alignleft\" src=\"https:\/\/agora.xtec.cat\/escolajeronidemoragas\/wp-content\/uploads\/usu2509\/2023\/04\/e0827066-49da-443f-a352-b5534381a404.jpg\" alt=\"\" width=\"470\" height=\"352\" srcset=\"https:\/\/agora.xtec.cat\/escolajeronidemoragas\/wp-content\/uploads\/usu2509\/2023\/04\/e0827066-49da-443f-a352-b5534381a404.jpg 1024w, https:\/\/agora.xtec.cat\/escolajeronidemoragas\/wp-content\/uploads\/usu2509\/2023\/04\/e0827066-49da-443f-a352-b5534381a404-300x225.jpg 300w, https:\/\/agora.xtec.cat\/escolajeronidemoragas\/wp-content\/uploads\/usu2509\/2023\/04\/e0827066-49da-443f-a352-b5534381a404-768x576.jpg 768w, https:\/\/agora.xtec.cat\/escolajeronidemoragas\/wp-content\/uploads\/usu2509\/2023\/04\/e0827066-49da-443f-a352-b5534381a404-200x150.jpg 200w\" sizes=\"auto, (max-width: 470px) 100vw, 470px\" \/><\/a><\/p>\n<p><a href=\"https:\/\/agora.xtec.cat\/escolajeronidemoragas\/wp-content\/uploads\/usu2509\/2023\/04\/28c25f4c-817f-478f-be52-7e6c0ccd3f4d.jpg\"><img loading=\"lazy\" decoding=\"async\" class=\" wp-image-1683 alignleft\" src=\"https:\/\/agora.xtec.cat\/escolajeronidemoragas\/wp-content\/uploads\/usu2509\/2023\/04\/28c25f4c-817f-478f-be52-7e6c0ccd3f4d.jpg\" alt=\"\" width=\"471\" height=\"353\" srcset=\"https:\/\/agora.xtec.cat\/escolajeronidemoragas\/wp-content\/uploads\/usu2509\/2023\/04\/28c25f4c-817f-478f-be52-7e6c0ccd3f4d.jpg 1024w, https:\/\/agora.xtec.cat\/escolajeronidemoragas\/wp-content\/uploads\/usu2509\/2023\/04\/28c25f4c-817f-478f-be52-7e6c0ccd3f4d-300x225.jpg 300w, https:\/\/agora.xtec.cat\/escolajeronidemoragas\/wp-content\/uploads\/usu2509\/2023\/04\/28c25f4c-817f-478f-be52-7e6c0ccd3f4d-768x576.jpg 768w, https:\/\/agora.xtec.cat\/escolajeronidemoragas\/wp-content\/uploads\/usu2509\/2023\/04\/28c25f4c-817f-478f-be52-7e6c0ccd3f4d-200x150.jpg 200w\" sizes=\"auto, (max-width: 471px) 100vw, 471px\" \/><\/a><\/p>\n<p>&nbsp;<\/p>\n<p>&nbsp;<\/p>\n<p>&nbsp;<\/p>\n<p>&nbsp;<\/p>\n<p>&nbsp;<\/p>\n","protected":false},"excerpt":{"rendered":"<p><a href=\"https:\/\/agora.xtec.cat\/escolajeronidemoragas\/wp-content\/uploads\/usu2509\/2023\/04\/1b79a0d1-674a-41d8-8e68-42bcc4d87468-e1682454826874.jpg\"><\/a> <a href=\"https:\/\/agora.xtec.cat\/escolajeronidemoragas\/wp-content\/uploads\/usu2509\/2023\/04\/a90bd345-7848-46a8-9a8c-bb9edd3ff07b.jpg\"><\/a><br \/>\n&nbsp;<br \/>\n&nbsp;<br \/>\n&nbsp;<br \/>\n&nbsp;<br \/>\n&nbsp;<br \/>\n&nbsp;<br \/>\n&nbsp;<br \/>\n&nbsp;<br \/>\n&nbsp;<br \/>\n&nbsp;<br \/>\nL&#8217;alumnat d&#8217;ESO ha fet una exposici\u00f3 de llibres de tipologia diversa. Cada aula ha escollit una obra i l&#8217;ha treballat; n&#8217;ha fet una ressenya, una valoraci\u00f3, i un treball d&#8217;investigaci\u00f3 amb la finalitat de con\u00e8ixer la vida de l&#8217;escriptora i les dades&hellip;  <a href=\"https:\/\/agora.xtec.cat\/escolajeronidemoragas\/general\/sant-jordi-a-leso\/\" title=\"Read SANT JORDI A L&#8217;ESO!\">Llegeix m\u00e9s\u00bb<\/a><\/p>\n","protected":false},"author":1,"featured_media":0,"comment_status":"open","ping_status":"closed","sticky":false,"template":"","format":"standard","meta":{"_bbp_topic_count":0,"_bbp_reply_count":0,"_bbp_total_topic_count":0,"_bbp_total_reply_count":0,"_bbp_voice_count":0,"_bbp_anonymous_reply_count":0,"_bbp_topic_count_hidden":0,"_bbp_reply_count_hidden":0,"_bbp_forum_subforum_count":0,"footnotes":""},"categories":[1,4],"tags":[],"class_list":["post-1675","post","type-post","status-publish","format-standard","hentry","category-general","category-portada"],"post_mailing_queue_ids":[],"_links":{"self":[{"href":"https:\/\/agora.xtec.cat\/escolajeronidemoragas\/wp-json\/wp\/v2\/posts\/1675","targetHints":{"allow":["GET"]}}],"collection":[{"href":"https:\/\/agora.xtec.cat\/escolajeronidemoragas\/wp-json\/wp\/v2\/posts"}],"about":[{"href":"https:\/\/agora.xtec.cat\/escolajeronidemoragas\/wp-json\/wp\/v2\/types\/post"}],"author":[{"embeddable":true,"href":"https:\/\/agora.xtec.cat\/escolajeronidemoragas\/wp-json\/wp\/v2\/users\/1"}],"replies":[{"embeddable":true,"href":"https:\/\/agora.xtec.cat\/escolajeronidemoragas\/wp-json\/wp\/v2\/comments?post=1675"}],"version-history":[{"count":2,"href":"https:\/\/agora.xtec.cat\/escolajeronidemoragas\/wp-json\/wp\/v2\/posts\/1675\/revisions"}],"predecessor-version":[{"id":1685,"href":"https:\/\/agora.xtec.cat\/escolajeronidemoragas\/wp-json\/wp\/v2\/posts\/1675\/revisions\/1685"}],"wp:attachment":[{"href":"https:\/\/agora.xtec.cat\/escolajeronidemoragas\/wp-json\/wp\/v2\/media?parent=1675"}],"wp:term":[{"taxonomy":"category","embeddable":true,"href":"https:\/\/agora.xtec.cat\/escolajeronidemoragas\/wp-json\/wp\/v2\/categories?post=1675"},{"taxonomy":"post_tag","embeddable":true,"href":"https:\/\/agora.xtec.cat\/escolajeronidemoragas\/wp-json\/wp\/v2\/tags?post=1675"}],"curies":[{"name":"wp","href":"https:\/\/api.w.org\/{rel}","templated":true}]}}