{"id":1618,"date":"2023-03-28T13:23:26","date_gmt":"2023-03-28T11:23:26","guid":{"rendered":"https:\/\/agora.xtec.cat\/escolajeronidemoragas\/?p=1618"},"modified":"2023-03-28T13:31:17","modified_gmt":"2023-03-28T11:31:17","slug":"biblionius","status":"publish","type":"post","link":"https:\/\/agora.xtec.cat\/escolajeronidemoragas\/portada\/biblionius\/","title":{"rendered":"BIBLIONIUS"},"content":{"rendered":"<p>&nbsp;<\/p>\n<p><a href=\"https:\/\/agora.xtec.cat\/escolajeronidemoragas\/wp-content\/uploads\/usu2509\/2023\/03\/biblioniu.jpg\"><img loading=\"lazy\" decoding=\"async\" class=\"wp-image-1621 aligncenter\" src=\"https:\/\/agora.xtec.cat\/escolajeronidemoragas\/wp-content\/uploads\/usu2509\/2023\/03\/biblioniu-1024x768.jpg\" alt=\"\" width=\"469\" height=\"352\" srcset=\"https:\/\/agora.xtec.cat\/escolajeronidemoragas\/wp-content\/uploads\/usu2509\/2023\/03\/biblioniu-1024x768.jpg 1024w, https:\/\/agora.xtec.cat\/escolajeronidemoragas\/wp-content\/uploads\/usu2509\/2023\/03\/biblioniu-300x225.jpg 300w, https:\/\/agora.xtec.cat\/escolajeronidemoragas\/wp-content\/uploads\/usu2509\/2023\/03\/biblioniu-768x576.jpg 768w, https:\/\/agora.xtec.cat\/escolajeronidemoragas\/wp-content\/uploads\/usu2509\/2023\/03\/biblioniu-200x150.jpg 200w, https:\/\/agora.xtec.cat\/escolajeronidemoragas\/wp-content\/uploads\/usu2509\/2023\/03\/biblioniu.jpg 1191w\" sizes=\"auto, (max-width: 469px) 100vw, 469px\" \/><\/a><\/p>\n<p>El passat dilluns 27 de mar\u00e7 un grup d&#8217;alumnes i mestres de l&#8217;etapa de TVA van reparar el <strong>Biblionius<\/strong> de la <strong>Pla\u00e7a Bonavista de Manresa. <\/strong>A continuaci\u00f3, la van presentar juntament amb el regidor Josep Gili i Marina Hosta. L&#8217;Ajuntament de Manresa compta amb el servei que ofereixen aquests alumnes de reparaci\u00f3 i manteniment.<\/p>\n<p><strong>Com funciona el Biblioniu?<br \/>\n<\/strong><\/p>\n<p>Un Biblioniu \u00e9s un punt d\u2019intercanvi gratu\u00eft de llibres. El funcionament \u00e9s molt senzill: Qualsevol persona pot agafar un\u00a0 llibre i deixar-ne un altre. Un cop llegit,\u00a0 es pot tornar a deixar al Biblioniu o se&#8217;n pot portar un de nou per tal que una altra persona en pugui gaudir. L\u2019<strong>objectiu<\/strong> \u00e9s facilitar que els llibres ja llegits circulin i, d\u2019aquesta manera, potenciar i fomentar tant la lectura com la cultura de l\u2019intercanvi i reutilitzaci\u00f3 d\u2019objectes.<\/p>\n<p><strong>Us atreviu a participar en el Biblioniu? <\/strong>Amb el lema <strong>&#8220;Deixa un llibre i agafa&#8217;n un altre&#8221; <\/strong>us animem a particpar-hi!<\/p>\n<p>&nbsp;<\/p>\n","protected":false},"excerpt":{"rendered":"<p>&nbsp;<br \/>\n<a href=\"https:\/\/agora.xtec.cat\/escolajeronidemoragas\/wp-content\/uploads\/usu2509\/2023\/03\/biblioniu.jpg\"><\/a><br \/>\nEl passat dilluns 27 de mar\u00e7 un grup d&#8217;alumnes i mestres de l&#8217;etapa de TVA van reparar el Biblionius de la Pla\u00e7a Bonavista de Manresa. A continuaci\u00f3, la van presentar juntament amb el regidor Josep Gili i Marina Hosta. L&#8217;Ajuntament de Manresa compta amb&hellip;  <a href=\"https:\/\/agora.xtec.cat\/escolajeronidemoragas\/portada\/biblionius\/\" title=\"Read BIBLIONIUS\">Llegeix m\u00e9s\u00bb<\/a><\/p>\n","protected":false},"author":1,"featured_media":0,"comment_status":"open","ping_status":"closed","sticky":false,"template":"","format":"standard","meta":{"_bbp_topic_count":0,"_bbp_reply_count":0,"_bbp_total_topic_count":0,"_bbp_total_reply_count":0,"_bbp_voice_count":0,"_bbp_anonymous_reply_count":0,"_bbp_topic_count_hidden":0,"_bbp_reply_count_hidden":0,"_bbp_forum_subforum_count":0,"footnotes":""},"categories":[4],"tags":[],"class_list":["post-1618","post","type-post","status-publish","format-standard","hentry","category-portada"],"post_mailing_queue_ids":[],"_links":{"self":[{"href":"https:\/\/agora.xtec.cat\/escolajeronidemoragas\/wp-json\/wp\/v2\/posts\/1618","targetHints":{"allow":["GET"]}}],"collection":[{"href":"https:\/\/agora.xtec.cat\/escolajeronidemoragas\/wp-json\/wp\/v2\/posts"}],"about":[{"href":"https:\/\/agora.xtec.cat\/escolajeronidemoragas\/wp-json\/wp\/v2\/types\/post"}],"author":[{"embeddable":true,"href":"https:\/\/agora.xtec.cat\/escolajeronidemoragas\/wp-json\/wp\/v2\/users\/1"}],"replies":[{"embeddable":true,"href":"https:\/\/agora.xtec.cat\/escolajeronidemoragas\/wp-json\/wp\/v2\/comments?post=1618"}],"version-history":[{"count":3,"href":"https:\/\/agora.xtec.cat\/escolajeronidemoragas\/wp-json\/wp\/v2\/posts\/1618\/revisions"}],"predecessor-version":[{"id":1629,"href":"https:\/\/agora.xtec.cat\/escolajeronidemoragas\/wp-json\/wp\/v2\/posts\/1618\/revisions\/1629"}],"wp:attachment":[{"href":"https:\/\/agora.xtec.cat\/escolajeronidemoragas\/wp-json\/wp\/v2\/media?parent=1618"}],"wp:term":[{"taxonomy":"category","embeddable":true,"href":"https:\/\/agora.xtec.cat\/escolajeronidemoragas\/wp-json\/wp\/v2\/categories?post=1618"},{"taxonomy":"post_tag","embeddable":true,"href":"https:\/\/agora.xtec.cat\/escolajeronidemoragas\/wp-json\/wp\/v2\/tags?post=1618"}],"curies":[{"name":"wp","href":"https:\/\/api.w.org\/{rel}","templated":true}]}}