{"id":1605,"date":"2023-03-24T21:47:58","date_gmt":"2023-03-24T20:47:58","guid":{"rendered":"https:\/\/agora.xtec.cat\/escolajeronidemoragas\/?p=1605"},"modified":"2023-03-28T13:24:14","modified_gmt":"2023-03-28T11:24:14","slug":"bicicletada-primaveral","status":"publish","type":"post","link":"https:\/\/agora.xtec.cat\/escolajeronidemoragas\/general\/bicicletada-primaveral\/","title":{"rendered":"BICICLETADA PRIMAVERAL"},"content":{"rendered":"<p><a href=\"https:\/\/agora.xtec.cat\/escolajeronidemoragas\/wp-content\/uploads\/usu2509\/2023\/03\/WhatsApp-Image-2023-03-24-at-16.59.19.jpeg\"><img loading=\"lazy\" decoding=\"async\" class=\"wp-image-1612 aligncenter\" src=\"https:\/\/agora.xtec.cat\/escolajeronidemoragas\/wp-content\/uploads\/usu2509\/2023\/03\/WhatsApp-Image-2023-03-24-at-16.59.19-1024x461.jpeg\" alt=\"\" width=\"598\" height=\"269\" srcset=\"https:\/\/agora.xtec.cat\/escolajeronidemoragas\/wp-content\/uploads\/usu2509\/2023\/03\/WhatsApp-Image-2023-03-24-at-16.59.19-1024x461.jpeg 1024w, https:\/\/agora.xtec.cat\/escolajeronidemoragas\/wp-content\/uploads\/usu2509\/2023\/03\/WhatsApp-Image-2023-03-24-at-16.59.19-300x135.jpeg 300w, https:\/\/agora.xtec.cat\/escolajeronidemoragas\/wp-content\/uploads\/usu2509\/2023\/03\/WhatsApp-Image-2023-03-24-at-16.59.19-768x345.jpeg 768w, https:\/\/agora.xtec.cat\/escolajeronidemoragas\/wp-content\/uploads\/usu2509\/2023\/03\/WhatsApp-Image-2023-03-24-at-16.59.19-1536x691.jpeg 1536w, https:\/\/agora.xtec.cat\/escolajeronidemoragas\/wp-content\/uploads\/usu2509\/2023\/03\/WhatsApp-Image-2023-03-24-at-16.59.19.jpeg 2048w\" sizes=\"auto, (max-width: 598px) 100vw, 598px\" \/><\/a><\/p>\n<p style=\"text-align: center;\">Avui divendres 24 de mar\u00e7, una bona colla de <strong>nois de\u00a0<span class=\"hiddenSpellError\">TVA<\/span>\u00a0<\/strong>han fet una<strong> bicicletada<\/strong> pel bell entorn, verd i florit, que envolta l&#8217;escola. Com aut\u00e8ntics ciclistes, s&#8217;han ben equipat amb la indument\u00e0ria corresponent i han sortit de bon mat\u00ed direcci\u00f3 als Aiguamolls de la B\u00f2bila. Han fet parada al Camp de Vol per recuperar energia i, on han pogut veure de ben a prop enlairar-se els avions i aterrar els paracaigudistes. Han continuat la ruta cap a Sant Iscle fins a arribar, de nou, a l&#8217;escola.<\/p>\n<p style=\"text-align: center;\"><strong>Ha estat un mat\u00ed d&#8217;esport al m\u00e0xim! I han gaudit d&#8217;un dia espl\u00e8ndid acompanyat d&#8217;un bon sol i un paisatge meravell\u00f3s de primavera!!\u00a0<\/strong><\/p>\n<p><a href=\"https:\/\/agora.xtec.cat\/escolajeronidemoragas\/wp-content\/uploads\/usu2509\/2023\/03\/WhatsApp-Image-2023-03-24-at-17.05.17.jpeg\"><img loading=\"lazy\" decoding=\"async\" class=\" wp-image-1607 alignleft\" src=\"https:\/\/agora.xtec.cat\/escolajeronidemoragas\/wp-content\/uploads\/usu2509\/2023\/03\/WhatsApp-Image-2023-03-24-at-17.05.17-461x1024.jpeg\" alt=\"\" width=\"368\" height=\"817\" srcset=\"https:\/\/agora.xtec.cat\/escolajeronidemoragas\/wp-content\/uploads\/usu2509\/2023\/03\/WhatsApp-Image-2023-03-24-at-17.05.17-461x1024.jpeg 461w, https:\/\/agora.xtec.cat\/escolajeronidemoragas\/wp-content\/uploads\/usu2509\/2023\/03\/WhatsApp-Image-2023-03-24-at-17.05.17-135x300.jpeg 135w, https:\/\/agora.xtec.cat\/escolajeronidemoragas\/wp-content\/uploads\/usu2509\/2023\/03\/WhatsApp-Image-2023-03-24-at-17.05.17-768x1708.jpeg 768w, https:\/\/agora.xtec.cat\/escolajeronidemoragas\/wp-content\/uploads\/usu2509\/2023\/03\/WhatsApp-Image-2023-03-24-at-17.05.17-691x1536.jpeg 691w, https:\/\/agora.xtec.cat\/escolajeronidemoragas\/wp-content\/uploads\/usu2509\/2023\/03\/WhatsApp-Image-2023-03-24-at-17.05.17.jpeg 921w\" sizes=\"auto, (max-width: 368px) 100vw, 368px\" \/><\/a><\/p>\n<p><a href=\"https:\/\/agora.xtec.cat\/escolajeronidemoragas\/wp-content\/uploads\/usu2509\/2023\/03\/WhatsApp-Image-2023-03-24-at-17.06.02.jpeg\"><img loading=\"lazy\" decoding=\"async\" class=\" wp-image-1606 alignleft\" src=\"https:\/\/agora.xtec.cat\/escolajeronidemoragas\/wp-content\/uploads\/usu2509\/2023\/03\/WhatsApp-Image-2023-03-24-at-17.06.02-1024x461.jpeg\" alt=\"\" width=\"567\" height=\"255\" srcset=\"https:\/\/agora.xtec.cat\/escolajeronidemoragas\/wp-content\/uploads\/usu2509\/2023\/03\/WhatsApp-Image-2023-03-24-at-17.06.02-1024x461.jpeg 1024w, https:\/\/agora.xtec.cat\/escolajeronidemoragas\/wp-content\/uploads\/usu2509\/2023\/03\/WhatsApp-Image-2023-03-24-at-17.06.02-300x135.jpeg 300w, https:\/\/agora.xtec.cat\/escolajeronidemoragas\/wp-content\/uploads\/usu2509\/2023\/03\/WhatsApp-Image-2023-03-24-at-17.06.02-768x345.jpeg 768w, https:\/\/agora.xtec.cat\/escolajeronidemoragas\/wp-content\/uploads\/usu2509\/2023\/03\/WhatsApp-Image-2023-03-24-at-17.06.02-1536x691.jpeg 1536w, https:\/\/agora.xtec.cat\/escolajeronidemoragas\/wp-content\/uploads\/usu2509\/2023\/03\/WhatsApp-Image-2023-03-24-at-17.06.02.jpeg 2048w\" sizes=\"auto, (max-width: 567px) 100vw, 567px\" \/><\/a><\/p>\n<p>&nbsp;<\/p>\n<p>&nbsp;<\/p>\n<p>&nbsp;<\/p>\n<p>&nbsp;<\/p>\n<p>&nbsp;<\/p>\n<p>&nbsp;<\/p>\n<p>&nbsp;<\/p>\n<p><a href=\"https:\/\/agora.xtec.cat\/escolajeronidemoragas\/wp-content\/uploads\/usu2509\/2023\/03\/WhatsApp-Image-2023-03-24-at-17.01.03.jpeg\"><img loading=\"lazy\" decoding=\"async\" class=\" wp-image-1609 alignleft\" src=\"https:\/\/agora.xtec.cat\/escolajeronidemoragas\/wp-content\/uploads\/usu2509\/2023\/03\/WhatsApp-Image-2023-03-24-at-17.01.03-1024x461.jpeg\" alt=\"\" width=\"559\" height=\"251\" srcset=\"https:\/\/agora.xtec.cat\/escolajeronidemoragas\/wp-content\/uploads\/usu2509\/2023\/03\/WhatsApp-Image-2023-03-24-at-17.01.03-1024x461.jpeg 1024w, https:\/\/agora.xtec.cat\/escolajeronidemoragas\/wp-content\/uploads\/usu2509\/2023\/03\/WhatsApp-Image-2023-03-24-at-17.01.03-300x135.jpeg 300w, https:\/\/agora.xtec.cat\/escolajeronidemoragas\/wp-content\/uploads\/usu2509\/2023\/03\/WhatsApp-Image-2023-03-24-at-17.01.03-768x345.jpeg 768w, https:\/\/agora.xtec.cat\/escolajeronidemoragas\/wp-content\/uploads\/usu2509\/2023\/03\/WhatsApp-Image-2023-03-24-at-17.01.03-1536x691.jpeg 1536w, https:\/\/agora.xtec.cat\/escolajeronidemoragas\/wp-content\/uploads\/usu2509\/2023\/03\/WhatsApp-Image-2023-03-24-at-17.01.03.jpeg 2048w\" sizes=\"auto, (max-width: 559px) 100vw, 559px\" \/><\/a><\/p>\n<p>&nbsp;<\/p>\n<p>&nbsp;<\/p>\n<p>&nbsp;<\/p>\n<p>&nbsp;<\/p>\n<p>&nbsp;<\/p>\n<p>&nbsp;<\/p>\n<p>&nbsp;<\/p>\n<p>&nbsp;<\/p>\n<p>&nbsp;<\/p>\n<p>&nbsp;<\/p>\n<p>&nbsp;<\/p>\n<p>&nbsp;<\/p>\n<p><a href=\"https:\/\/agora.xtec.cat\/escolajeronidemoragas\/wp-content\/uploads\/usu2509\/2023\/03\/WhatsApp-Image-2023-03-24-at-17.00.22-e1679690619709.jpeg\"><img loading=\"lazy\" decoding=\"async\" class=\"alignnone wp-image-1610 \" src=\"https:\/\/agora.xtec.cat\/escolajeronidemoragas\/wp-content\/uploads\/usu2509\/2023\/03\/WhatsApp-Image-2023-03-24-at-17.00.22-461x1024.jpeg\" alt=\"\" width=\"372\" height=\"827\" \/><\/a><a href=\"https:\/\/agora.xtec.cat\/escolajeronidemoragas\/wp-content\/uploads\/usu2509\/2023\/03\/WhatsApp-Image-2023-03-24-at-16.59.43.jpeg\"><img loading=\"lazy\" decoding=\"async\" class=\" wp-image-1611 alignleft\" src=\"https:\/\/agora.xtec.cat\/escolajeronidemoragas\/wp-content\/uploads\/usu2509\/2023\/03\/WhatsApp-Image-2023-03-24-at-16.59.43-1024x461.jpeg\" alt=\"\" width=\"596\" height=\"268\" srcset=\"https:\/\/agora.xtec.cat\/escolajeronidemoragas\/wp-content\/uploads\/usu2509\/2023\/03\/WhatsApp-Image-2023-03-24-at-16.59.43-1024x461.jpeg 1024w, https:\/\/agora.xtec.cat\/escolajeronidemoragas\/wp-content\/uploads\/usu2509\/2023\/03\/WhatsApp-Image-2023-03-24-at-16.59.43-300x135.jpeg 300w, https:\/\/agora.xtec.cat\/escolajeronidemoragas\/wp-content\/uploads\/usu2509\/2023\/03\/WhatsApp-Image-2023-03-24-at-16.59.43-768x345.jpeg 768w, https:\/\/agora.xtec.cat\/escolajeronidemoragas\/wp-content\/uploads\/usu2509\/2023\/03\/WhatsApp-Image-2023-03-24-at-16.59.43-1536x691.jpeg 1536w, https:\/\/agora.xtec.cat\/escolajeronidemoragas\/wp-content\/uploads\/usu2509\/2023\/03\/WhatsApp-Image-2023-03-24-at-16.59.43.jpeg 2048w\" sizes=\"auto, (max-width: 596px) 100vw, 596px\" \/><\/a><\/p>\n","protected":false},"excerpt":{"rendered":"<p><a href=\"https:\/\/agora.xtec.cat\/escolajeronidemoragas\/wp-content\/uploads\/usu2509\/2023\/03\/WhatsApp-Image-2023-03-24-at-16.59.19.jpeg\"><\/a><br \/>\nAvui divendres 24 de mar\u00e7, una bona colla de nois de\u00a0TVA\u00a0han fet una bicicletada pel bell entorn, verd i florit, que envolta l&#8217;escola. Com aut\u00e8ntics ciclistes, s&#8217;han ben equipat amb la indument\u00e0ria corresponent i han sortit de bon mat\u00ed direcci\u00f3 als Aiguamolls de la&hellip;  <a href=\"https:\/\/agora.xtec.cat\/escolajeronidemoragas\/general\/bicicletada-primaveral\/\" title=\"Read BICICLETADA PRIMAVERAL\">Llegeix m\u00e9s\u00bb<\/a><\/p>\n","protected":false},"author":1,"featured_media":0,"comment_status":"open","ping_status":"closed","sticky":false,"template":"","format":"standard","meta":{"_bbp_topic_count":0,"_bbp_reply_count":0,"_bbp_total_topic_count":0,"_bbp_total_reply_count":0,"_bbp_voice_count":0,"_bbp_anonymous_reply_count":0,"_bbp_topic_count_hidden":0,"_bbp_reply_count_hidden":0,"_bbp_forum_subforum_count":0,"footnotes":""},"categories":[1,4],"tags":[],"class_list":["post-1605","post","type-post","status-publish","format-standard","hentry","category-general","category-portada"],"post_mailing_queue_ids":[],"_links":{"self":[{"href":"https:\/\/agora.xtec.cat\/escolajeronidemoragas\/wp-json\/wp\/v2\/posts\/1605","targetHints":{"allow":["GET"]}}],"collection":[{"href":"https:\/\/agora.xtec.cat\/escolajeronidemoragas\/wp-json\/wp\/v2\/posts"}],"about":[{"href":"https:\/\/agora.xtec.cat\/escolajeronidemoragas\/wp-json\/wp\/v2\/types\/post"}],"author":[{"embeddable":true,"href":"https:\/\/agora.xtec.cat\/escolajeronidemoragas\/wp-json\/wp\/v2\/users\/1"}],"replies":[{"embeddable":true,"href":"https:\/\/agora.xtec.cat\/escolajeronidemoragas\/wp-json\/wp\/v2\/comments?post=1605"}],"version-history":[{"count":3,"href":"https:\/\/agora.xtec.cat\/escolajeronidemoragas\/wp-json\/wp\/v2\/posts\/1605\/revisions"}],"predecessor-version":[{"id":1617,"href":"https:\/\/agora.xtec.cat\/escolajeronidemoragas\/wp-json\/wp\/v2\/posts\/1605\/revisions\/1617"}],"wp:attachment":[{"href":"https:\/\/agora.xtec.cat\/escolajeronidemoragas\/wp-json\/wp\/v2\/media?parent=1605"}],"wp:term":[{"taxonomy":"category","embeddable":true,"href":"https:\/\/agora.xtec.cat\/escolajeronidemoragas\/wp-json\/wp\/v2\/categories?post=1605"},{"taxonomy":"post_tag","embeddable":true,"href":"https:\/\/agora.xtec.cat\/escolajeronidemoragas\/wp-json\/wp\/v2\/tags?post=1605"}],"curies":[{"name":"wp","href":"https:\/\/api.w.org\/{rel}","templated":true}]}}