{"id":1574,"date":"2023-03-20T20:39:15","date_gmt":"2023-03-20T19:39:15","guid":{"rendered":"https:\/\/agora.xtec.cat\/escolajeronidemoragas\/?p=1574"},"modified":"2023-03-20T20:39:15","modified_gmt":"2023-03-20T19:39:15","slug":"biblioteca-de-navarcles","status":"publish","type":"post","link":"https:\/\/agora.xtec.cat\/escolajeronidemoragas\/general\/biblioteca-de-navarcles\/","title":{"rendered":"BIBLIOTECA DE NAVARCLES"},"content":{"rendered":"<p><a href=\"https:\/\/agora.xtec.cat\/escolajeronidemoragas\/wp-content\/uploads\/usu2509\/2023\/03\/IMG_20230316_151558.jpg\"><img loading=\"lazy\" decoding=\"async\" class=\" wp-image-1575 alignleft\" src=\"https:\/\/agora.xtec.cat\/escolajeronidemoragas\/wp-content\/uploads\/usu2509\/2023\/03\/IMG_20230316_151558-1024x768.jpg\" alt=\"\" width=\"457\" height=\"343\" srcset=\"https:\/\/agora.xtec.cat\/escolajeronidemoragas\/wp-content\/uploads\/usu2509\/2023\/03\/IMG_20230316_151558-1024x768.jpg 1024w, https:\/\/agora.xtec.cat\/escolajeronidemoragas\/wp-content\/uploads\/usu2509\/2023\/03\/IMG_20230316_151558-300x225.jpg 300w, https:\/\/agora.xtec.cat\/escolajeronidemoragas\/wp-content\/uploads\/usu2509\/2023\/03\/IMG_20230316_151558-768x576.jpg 768w, https:\/\/agora.xtec.cat\/escolajeronidemoragas\/wp-content\/uploads\/usu2509\/2023\/03\/IMG_20230316_151558-1536x1152.jpg 1536w, https:\/\/agora.xtec.cat\/escolajeronidemoragas\/wp-content\/uploads\/usu2509\/2023\/03\/IMG_20230316_151558-200x150.jpg 200w, https:\/\/agora.xtec.cat\/escolajeronidemoragas\/wp-content\/uploads\/usu2509\/2023\/03\/IMG_20230316_151558.jpg 2040w\" sizes=\"auto, (max-width: 457px) 100vw, 457px\" \/><\/a> <a href=\"https:\/\/agora.xtec.cat\/escolajeronidemoragas\/wp-content\/uploads\/usu2509\/2023\/03\/IMG_20230316_153658.jpg\"><img loading=\"lazy\" decoding=\"async\" class=\" wp-image-1577 alignleft\" src=\"https:\/\/agora.xtec.cat\/escolajeronidemoragas\/wp-content\/uploads\/usu2509\/2023\/03\/IMG_20230316_153658-1024x768.jpg\" alt=\"\" width=\"455\" height=\"341\" srcset=\"https:\/\/agora.xtec.cat\/escolajeronidemoragas\/wp-content\/uploads\/usu2509\/2023\/03\/IMG_20230316_153658-1024x768.jpg 1024w, https:\/\/agora.xtec.cat\/escolajeronidemoragas\/wp-content\/uploads\/usu2509\/2023\/03\/IMG_20230316_153658-300x225.jpg 300w, https:\/\/agora.xtec.cat\/escolajeronidemoragas\/wp-content\/uploads\/usu2509\/2023\/03\/IMG_20230316_153658-768x576.jpg 768w, https:\/\/agora.xtec.cat\/escolajeronidemoragas\/wp-content\/uploads\/usu2509\/2023\/03\/IMG_20230316_153658-1536x1152.jpg 1536w, https:\/\/agora.xtec.cat\/escolajeronidemoragas\/wp-content\/uploads\/usu2509\/2023\/03\/IMG_20230316_153658-200x150.jpg 200w, https:\/\/agora.xtec.cat\/escolajeronidemoragas\/wp-content\/uploads\/usu2509\/2023\/03\/IMG_20230316_153658.jpg 2040w\" sizes=\"auto, (max-width: 455px) 100vw, 455px\" \/><\/a><\/p>\n<p>&nbsp;<\/p>\n<p>&nbsp;<\/p>\n<p>&nbsp;<\/p>\n<p>&nbsp;<\/p>\n<p>&nbsp;<\/p>\n<p>&nbsp;<\/p>\n<p>&nbsp;<\/p>\n<p>&nbsp;<\/p>\n<p>Aquest passat dijous a la tarda, els alumnes de prim\u00e0ria de l&#8217;<strong>aula B7<\/strong> van visitar la <strong>Biblioteca de Navarcles<\/strong>. All\u00e0 van con\u00e8ixer a la Montse, la qual els va ensenyar la biblioteca i els va\u00a0embadalir\u00a0amb l&#8217;explicaci\u00f3 d&#8217;un \u00e0lbum. A continuaci\u00f3, van poder llegir, mirar gaudir lliurement de tots els\u00a0\u00e0lbums, llibres,\u00a0etc.\u00a0de la biblioteca. Alguns van gaudir de contes tradicionals; d&#8217;altres van con\u00e8ixer m\u00e9s a fons el seu municipi i pa\u00eds; alguns van fer de ge\u00f2legs investigant sobre minerals i pedres, d&#8217;altres gaudien de la lectura oral compartida. Va ser una experi\u00e8ncia molt gratificant i plaent.<\/p>\n<p>Compartim amb vosaltres\u00a0alguna fotografia d&#8217;aquella tarda\u00a0tan\u00a0especial i plena de\u00a0coneixement.<\/p>\n<p><a href=\"https:\/\/agora.xtec.cat\/escolajeronidemoragas\/wp-content\/uploads\/usu2509\/2023\/03\/thumbnail_IMG_20230316_161623.jpg\"><img loading=\"lazy\" decoding=\"async\" class=\" wp-image-1582 alignleft\" src=\"https:\/\/agora.xtec.cat\/escolajeronidemoragas\/wp-content\/uploads\/usu2509\/2023\/03\/thumbnail_IMG_20230316_161623-768x1024.jpg\" alt=\"\" width=\"374\" height=\"498\" srcset=\"https:\/\/agora.xtec.cat\/escolajeronidemoragas\/wp-content\/uploads\/usu2509\/2023\/03\/thumbnail_IMG_20230316_161623-768x1024.jpg 768w, https:\/\/agora.xtec.cat\/escolajeronidemoragas\/wp-content\/uploads\/usu2509\/2023\/03\/thumbnail_IMG_20230316_161623-225x300.jpg 225w, https:\/\/agora.xtec.cat\/escolajeronidemoragas\/wp-content\/uploads\/usu2509\/2023\/03\/thumbnail_IMG_20230316_161623.jpg 960w\" sizes=\"auto, (max-width: 374px) 100vw, 374px\" \/><\/a><\/p>\n<p><a href=\"https:\/\/agora.xtec.cat\/escolajeronidemoragas\/wp-content\/uploads\/usu2509\/2023\/03\/thumbnail_IMG_20230316_154349.jpg\"><img loading=\"lazy\" decoding=\"async\" class=\"wp-image-1579 alignleft\" src=\"https:\/\/agora.xtec.cat\/escolajeronidemoragas\/wp-content\/uploads\/usu2509\/2023\/03\/thumbnail_IMG_20230316_154349-768x1024.jpg\" alt=\"\" width=\"374\" height=\"499\" srcset=\"https:\/\/agora.xtec.cat\/escolajeronidemoragas\/wp-content\/uploads\/usu2509\/2023\/03\/thumbnail_IMG_20230316_154349-768x1024.jpg 768w, https:\/\/agora.xtec.cat\/escolajeronidemoragas\/wp-content\/uploads\/usu2509\/2023\/03\/thumbnail_IMG_20230316_154349-225x300.jpg 225w, https:\/\/agora.xtec.cat\/escolajeronidemoragas\/wp-content\/uploads\/usu2509\/2023\/03\/thumbnail_IMG_20230316_154349.jpg 960w\" sizes=\"auto, (max-width: 374px) 100vw, 374px\" \/><\/a><\/p>\n<p>&nbsp;<\/p>\n<p>&nbsp;<\/p>\n<p>&nbsp;<\/p>\n<p>&nbsp;<\/p>\n<p>&nbsp;<\/p>\n<p>&nbsp;<\/p>\n<p>&nbsp;<\/p>\n<p>&nbsp;<\/p>\n<p>&nbsp;<\/p>\n<p>&nbsp;<\/p>\n<p>&nbsp;<\/p>\n<p><a href=\"https:\/\/agora.xtec.cat\/escolajeronidemoragas\/wp-content\/uploads\/usu2509\/2023\/03\/thumbnail_IMG_20230316_155524.jpg\"><img loading=\"lazy\" decoding=\"async\" class=\"wp-image-1580 aligncenter\" src=\"https:\/\/agora.xtec.cat\/escolajeronidemoragas\/wp-content\/uploads\/usu2509\/2023\/03\/thumbnail_IMG_20230316_155524-1024x768.jpg\" alt=\"\" width=\"492\" height=\"369\" srcset=\"https:\/\/agora.xtec.cat\/escolajeronidemoragas\/wp-content\/uploads\/usu2509\/2023\/03\/thumbnail_IMG_20230316_155524-1024x768.jpg 1024w, https:\/\/agora.xtec.cat\/escolajeronidemoragas\/wp-content\/uploads\/usu2509\/2023\/03\/thumbnail_IMG_20230316_155524-300x225.jpg 300w, https:\/\/agora.xtec.cat\/escolajeronidemoragas\/wp-content\/uploads\/usu2509\/2023\/03\/thumbnail_IMG_20230316_155524-768x576.jpg 768w, https:\/\/agora.xtec.cat\/escolajeronidemoragas\/wp-content\/uploads\/usu2509\/2023\/03\/thumbnail_IMG_20230316_155524-200x150.jpg 200w, https:\/\/agora.xtec.cat\/escolajeronidemoragas\/wp-content\/uploads\/usu2509\/2023\/03\/thumbnail_IMG_20230316_155524.jpg 1280w\" sizes=\"auto, (max-width: 492px) 100vw, 492px\" \/><\/a><\/p>\n<p><a href=\"https:\/\/agora.xtec.cat\/escolajeronidemoragas\/wp-content\/uploads\/usu2509\/2023\/03\/thumbnail_IMG-0125.jpg\"><img loading=\"lazy\" decoding=\"async\" class=\"wp-image-1584 alignnone\" src=\"https:\/\/agora.xtec.cat\/escolajeronidemoragas\/wp-content\/uploads\/usu2509\/2023\/03\/thumbnail_IMG-0125-768x1024.jpg\" alt=\"\" width=\"274\" height=\"366\" srcset=\"https:\/\/agora.xtec.cat\/escolajeronidemoragas\/wp-content\/uploads\/usu2509\/2023\/03\/thumbnail_IMG-0125-768x1024.jpg 768w, https:\/\/agora.xtec.cat\/escolajeronidemoragas\/wp-content\/uploads\/usu2509\/2023\/03\/thumbnail_IMG-0125-225x300.jpg 225w, https:\/\/agora.xtec.cat\/escolajeronidemoragas\/wp-content\/uploads\/usu2509\/2023\/03\/thumbnail_IMG-0125.jpg 960w\" sizes=\"auto, (max-width: 274px) 100vw, 274px\" \/><\/a><a href=\"https:\/\/agora.xtec.cat\/escolajeronidemoragas\/wp-content\/uploads\/usu2509\/2023\/03\/thumbnail_IMG_20230316_155536-e1679340922804.jpg\"><img loading=\"lazy\" decoding=\"async\" class=\"wp-image-1581  alignleft\" src=\"https:\/\/agora.xtec.cat\/escolajeronidemoragas\/wp-content\/uploads\/usu2509\/2023\/03\/thumbnail_IMG_20230316_155536-1024x768.jpg\" alt=\"\" width=\"488\" height=\"366\" \/><\/a><\/p>\n<p>&nbsp;<\/p>\n<p style=\"text-align: center;\">I com diu el reconegut il\u00b7lustrador Joan\u00a0<span class=\"hiddenSpellError\">Tur\u00fa<\/span>\u00a0&#8220;<em><strong>Llegim per viure m\u00e9s vides<\/strong><\/em>&#8220;, reflexioneu i deixeu volar la imaginaci\u00f3, endinseu-vos en els llibres i gaudiu del regal tan bonic que \u00e9s llegir.<\/p>\n<p>&nbsp;<\/p>\n<p>&nbsp;<\/p>\n","protected":false},"excerpt":{"rendered":"<p><a href=\"https:\/\/agora.xtec.cat\/escolajeronidemoragas\/wp-content\/uploads\/usu2509\/2023\/03\/IMG_20230316_151558.jpg\"><\/a> <a href=\"https:\/\/agora.xtec.cat\/escolajeronidemoragas\/wp-content\/uploads\/usu2509\/2023\/03\/IMG_20230316_153658.jpg\"><\/a><br \/>\n&nbsp;<br \/>\n&nbsp;<br \/>\n&nbsp;<br \/>\n&nbsp;<br \/>\n&nbsp;<br \/>\n&nbsp;<br \/>\n&nbsp;<br \/>\n&nbsp;<br \/>\nAquest passat dijous a la tarda, els alumnes de prim\u00e0ria de l&#8217;aula B7 van visitar la Biblioteca de Navarcles. All\u00e0 van con\u00e8ixer a la Montse, la qual els va ensenyar la biblioteca i els va\u00a0embadalir\u00a0amb l&#8217;explicaci\u00f3 d&#8217;un \u00e0lbum. A continuaci\u00f3, van poder&hellip;  <a href=\"https:\/\/agora.xtec.cat\/escolajeronidemoragas\/general\/biblioteca-de-navarcles\/\" title=\"Read BIBLIOTECA DE NAVARCLES\">Llegeix m\u00e9s\u00bb<\/a><\/p>\n","protected":false},"author":1,"featured_media":0,"comment_status":"open","ping_status":"closed","sticky":false,"template":"","format":"standard","meta":{"_bbp_topic_count":0,"_bbp_reply_count":0,"_bbp_total_topic_count":0,"_bbp_total_reply_count":0,"_bbp_voice_count":0,"_bbp_anonymous_reply_count":0,"_bbp_topic_count_hidden":0,"_bbp_reply_count_hidden":0,"_bbp_forum_subforum_count":0,"footnotes":""},"categories":[1,2,4],"tags":[],"class_list":["post-1574","post","type-post","status-publish","format-standard","hentry","category-general","category-infantil-i-primaria","category-portada"],"post_mailing_queue_ids":[],"_links":{"self":[{"href":"https:\/\/agora.xtec.cat\/escolajeronidemoragas\/wp-json\/wp\/v2\/posts\/1574","targetHints":{"allow":["GET"]}}],"collection":[{"href":"https:\/\/agora.xtec.cat\/escolajeronidemoragas\/wp-json\/wp\/v2\/posts"}],"about":[{"href":"https:\/\/agora.xtec.cat\/escolajeronidemoragas\/wp-json\/wp\/v2\/types\/post"}],"author":[{"embeddable":true,"href":"https:\/\/agora.xtec.cat\/escolajeronidemoragas\/wp-json\/wp\/v2\/users\/1"}],"replies":[{"embeddable":true,"href":"https:\/\/agora.xtec.cat\/escolajeronidemoragas\/wp-json\/wp\/v2\/comments?post=1574"}],"version-history":[{"count":3,"href":"https:\/\/agora.xtec.cat\/escolajeronidemoragas\/wp-json\/wp\/v2\/posts\/1574\/revisions"}],"predecessor-version":[{"id":1589,"href":"https:\/\/agora.xtec.cat\/escolajeronidemoragas\/wp-json\/wp\/v2\/posts\/1574\/revisions\/1589"}],"wp:attachment":[{"href":"https:\/\/agora.xtec.cat\/escolajeronidemoragas\/wp-json\/wp\/v2\/media?parent=1574"}],"wp:term":[{"taxonomy":"category","embeddable":true,"href":"https:\/\/agora.xtec.cat\/escolajeronidemoragas\/wp-json\/wp\/v2\/categories?post=1574"},{"taxonomy":"post_tag","embeddable":true,"href":"https:\/\/agora.xtec.cat\/escolajeronidemoragas\/wp-json\/wp\/v2\/tags?post=1574"}],"curies":[{"name":"wp","href":"https:\/\/api.w.org\/{rel}","templated":true}]}}